{"id":19336,"date":"2025-04-23T04:31:32","date_gmt":"2025-04-23T04:31:32","guid":{"rendered":"https:\/\/duoveo.com\/?p=19336"},"modified":"2025-05-01T09:18:13","modified_gmt":"2025-05-01T09:18:13","slug":"pauses-actives-reduisent-le-stress-integrer-les-au-travail","status":"publish","type":"post","link":"https:\/\/duoveo.com\/fr\/bien-etre-physique\/gestion-du-stress\/pauses-actives-reduisent-le-stress-integrer-les-au-travail\/","title":{"rendered":"Pauses actives r\u00e9duisent le stress!, int\u00e9grer les au travail."},"content":{"rendered":"\t\t<div data-elementor-type=\"wp-post\" data-elementor-id=\"19336\" class=\"elementor elementor-19336\" data-elementor-post-type=\"post\">\n\t\t\t\t<div class=\"elementor-element elementor-element-46b1ee3 e-flex e-con-boxed e-con e-parent\" data-id=\"46b1ee3\" data-element_type=\"container\" data-e-type=\"container\">\n\t\t\t\t\t<div class=\"e-con-inner\">\n\t\t\t\t<div class=\"elementor-element elementor-element-6c8d860 elementor-widget elementor-widget-text-editor\" data-id=\"6c8d860\" data-element_type=\"widget\" data-e-type=\"widget\" data-widget_type=\"text-editor.default\">\n\t\t\t\t<div class=\"elementor-widget-container\">\n\t\t\t\t\t\t\t\t\t<p><span style=\"font-weight: 400;\">Dans notre quotidien de plus en plus exigeant, o\u00f9 le stress semble parfois omnipr\u00e9sent, il est vital de trouver des solutions efficaces pour all\u00e9ger la pression. Et si la cl\u00e9 r\u00e9sidait dans des pauses actives ? Oui, des moments de mouvement dans la journ\u00e9e, simples mais puissants, peuvent transformer l\u2019exp\u00e9rience du travail. Comme les pauses actives r\u00e9duisent le stress, Fini les tensions accumul\u00e9es et les maux de dos ! Gr\u00e2ce \u00e0 ces petites interruptions dynamisantes, non seulement on r\u00e9duit le stress, mais on booste aussi notre productivit\u00e9 et notre bien-\u00eatre g\u00e9n\u00e9ral. Allez, on s\u2019y met ?<\/span><\/p><h2><span style=\"font-weight: 400;\">1. Les b\u00e9n\u00e9fices insoup\u00e7onn\u00e9s des pauses actives<\/span><\/h2><p><span style=\"font-weight: 400;\">Les pauses actives sont bien plus qu&rsquo;un simple \u00ab l\u00e2cher-prise \u00bb. Elles permettent de dynamiser le corps et l\u2019esprit. En effet, le stress et l&rsquo;anxi\u00e9t\u00e9 qui s\u2019accumulent au fil de la journ\u00e9e affectent notre posture, nos pens\u00e9es et notre humeur. En int\u00e9grant de courtes sessions d\u2019activit\u00e9 physique, comme des \u00e9tirements ou une marche rapide, on relance la circulation sanguine, on lib\u00e8re des endorphines (ces hormones du bien-\u00eatre) et on am\u00e9liore la concentration. Une bonne gestion de son \u00e9nergie, en somme.<\/span><\/p><p><span style=\"font-weight: 400;\">En plus de cela, l&rsquo;effet est imm\u00e9diat. Apr\u00e8s une courte pause active, on se sent plus l\u00e9ger, plus d\u00e9tendu et plus enclin \u00e0 r\u00e9soudre les probl\u00e8mes qui paraissaient insurmontables quelques minutes plus t\u00f4t. Ces petites actions permettent de d\u00e9sactiver le \u00ab mode stress \u00bb dans lequel on est parfois pris, nous permettant ainsi de mieux g\u00e9rer les t\u00e2ches \u00e0 venir.<\/span><\/p><h2><span style=\"font-weight: 400;\">2. Comme des pauses actives r\u00e9duisent le stress, comment les int\u00e9grer sans culpabiliser ?<\/span><\/h2><p><span style=\"font-weight: 400;\">La culpabilit\u00e9&#8230; celle qui nous dit \u00ab tu n&rsquo;as pas le temps \u00bb ou \u00ab ce n\u2019est pas productif \u00bb. Il est crucial de surmonter cette pens\u00e9e. Il faut comprendre qu&rsquo;une pause active n&rsquo;est pas une perte de temps, mais bien un investissement pour la suite de la journ\u00e9e. Les \u00e9tudes montrent qu\u2019apr\u00e8s une pause active, la productivit\u00e9 et la cr\u00e9ativit\u00e9 sont renforc\u00e9es, rendant la reprise du travail non seulement plus fluide mais aussi plus efficace. Alors, pourquoi h\u00e9siter \u00e0 s&rsquo;accorder quelques minutes ?<\/span><\/p><p><span style=\"font-weight: 400;\">Int\u00e9grer ces pauses dans une journ\u00e9e de travail n\u2019est pas un caprice mais une strat\u00e9gie gagnante. L\u2019astuce ? Programmer ces pauses ! Que ce soit toutes les heures ou toutes les deux heures, il suffit de mettre un rappel pour sortir de votre fauteuil et vous activer. Cela ne prend que cinq \u00e0 dix minutes, mais l\u2019impact est durable.<\/span><\/p><h2><span style=\"font-weight: 400;\">3. Quels types de pauses actives choisir ?<\/span><\/h2><p><span style=\"font-weight: 400;\">La beaut\u00e9 des pauses actives r\u00e9side dans leur diversit\u00e9. Chacun peut choisir celle qui lui convient, selon ses envies et ses possibilit\u00e9s. Voici quelques exemples :<\/span><\/p><ul><li style=\"font-weight: 400;\" aria-level=\"1\"><b>La marche<\/b><span style=\"font-weight: 400;\"> : Si vous travaillez dans un environnement de bureau, une petite marche de cinq \u00e0 dix minutes peut \u00eatre un vrai bonheur. Vous pouvez profiter d\u2019une balade dans le quartier ou simplement faire le tour de votre espace de travail. Le but ? Laisser votre esprit se d\u00e9connecter, tout en activant votre corps. Cette pause est particuli\u00e8rement efficace pour ceux qui sont souvent assis devant un \u00e9cran.<\/span><\/li><li style=\"font-weight: 400;\" aria-level=\"1\"><b>Les \u00e9tirements<\/b><span style=\"font-weight: 400;\"> : Que vous soyez un as du yoga ou un d\u00e9butant, quelques \u00e9tirements simples permettent de rel\u00e2cher la tension accumul\u00e9e. Pensez \u00e0 lever les bras au ciel, \u00e0 faire pivoter votre tronc, \u00e0 \u00e9tirer vos jambes\u2026 C\u2019est tout simple et tellement efficace.<\/span><\/li><li style=\"font-weight: 400;\" aria-level=\"1\"><b>Les exercices de respiration<\/b><span style=\"font-weight: 400;\"> : S&rsquo;il vous est difficile de quitter votre poste de travail, une pause active ne n\u00e9cessite pas forc\u00e9ment de se lever. Pratiquez la respiration diaphragmatique ou une petite s\u00e9ance de m\u00e9ditation guid\u00e9e. Ces moments permettent de recentrer l\u2019esprit, d\u2019\u00e9vacuer la surcharge \u00e9motionnelle et de retrouver la s\u00e9r\u00e9nit\u00e9.<\/span><\/li><li style=\"font-weight: 400;\" aria-level=\"1\"><b>La danse<\/b><span style=\"font-weight: 400;\"> : Pourquoi ne pas faire quelques pas de danse ? Si l&rsquo;ambiance le permet, une petite chor\u00e9graphie dans votre bureau ou un mouvement joyeux en solitaire peut transformer votre humeur et faire dispara\u00eetre le stress. La danse est un v\u00e9ritable anti-stress et, en plus, elle vous fait rire. N\u2019est-ce pas le meilleur moyen de retrouver le sourire ?<\/span><\/li><li style=\"font-weight: 400;\" aria-level=\"1\"><b>Les jeux de groupe<\/b><span style=\"font-weight: 400;\"> : Pour les \u00e9quipes, des pauses actives collectives sont \u00e9galement une excellente id\u00e9e. Pourquoi ne pas organiser un petit tournoi de ping-pong, de baby-foot ou m\u00eame des mini-challenges comme un concours de la meilleure position de yoga ? Ces instants de complicit\u00e9 renforcent la coh\u00e9sion d\u2019\u00e9quipe et all\u00e8gent l\u2019atmosph\u00e8re de travail.<\/span><\/li><\/ul><h2><span style=\"font-weight: 400;\">4. Les effets \u00e0 long terme sur la sant\u00e9 et le bien-\u00eatre<\/span><\/h2><p><span style=\"font-weight: 400;\">Au-del\u00e0 de l\u2019effet imm\u00e9diat, les bienfaits des pauses actives sur le long terme sont impressionnants. Les \u00e9tudes montrent que les personnes qui pratiquent r\u00e9guli\u00e8rement des pauses actives ont moins de risques de souffrir de douleurs chroniques, de fatigue mentale excessive et de troubles li\u00e9s au stress, comme l\u2019anxi\u00e9t\u00e9. Ces petites pauses contribuent \u00e9galement \u00e0 r\u00e9duire la tension art\u00e9rielle et \u00e0 am\u00e9liorer la posture, notamment pour ceux qui sont souvent assis \u00e0 leur bureau.<\/span><\/p><p><span style=\"font-weight: 400;\">Les bienfaits psychologiques sont tout aussi importants. Le stress chronique est un facteur de risque pour de nombreuses maladies. En cultivant des moments de respiration et de mouvement, nous pouvons r\u00e9duire ce risque de mani\u00e8re significative. En effet, la gestion proactive du stress est l\u2019un des meilleurs moyens de pr\u00e9server sa sant\u00e9 mentale et physique. Ces pauses actives r\u00e9duisent le stress et elles sont loin d\u2019\u00eatre une \u00ab distraction \u00bb, sont en r\u00e9alit\u00e9 un moyen puissant de pr\u00e9venir l\u2019\u00e9puisement et de favoriser un travail plus \u00e9panouissant.<\/span><\/p><h2><span style=\"font-weight: 400;\">5. Quelques conseils pratiques pour maximiser l&rsquo;impact des pauses actives<\/span><\/h2><ul><li style=\"font-weight: 400;\" aria-level=\"1\"><b>Variez les plaisirs<\/b><span style=\"font-weight: 400;\"> : Ne faites pas toujours les m\u00eames exercices. Changez de type d&rsquo;activit\u00e9 selon votre humeur et vos besoins.<\/span><\/li><li style=\"font-weight: 400;\" aria-level=\"1\"><b>Soyez r\u00e9gulier<\/b><span style=\"font-weight: 400;\"> : Int\u00e9grez les pauses dans votre emploi du temps comme des rendez-vous \u00e0 ne pas manquer.<\/span><\/li><li style=\"font-weight: 400;\" aria-level=\"1\"><b>Cr\u00e9ez un environnement agr\u00e9able<\/b><span style=\"font-weight: 400;\"> : Am\u00e9nagez votre espace de travail pour encourager l&rsquo;activit\u00e9 physique, par exemple avec un tapis de yoga ou un coin d\u00e9tente. Un environnement inspirant vous incitera \u00e0 bouger.<\/span><\/li><li style=\"font-weight: 400;\" aria-level=\"1\"><b>Associez la pause active \u00e0 un objectif positif<\/b><span style=\"font-weight: 400;\"> : Donnez-vous une petite r\u00e9compense apr\u00e8s chaque pause, comme une boisson saine ou un instant de relaxation.<\/span><\/li><\/ul><h2>Conclusion<\/h2><p><span style=\"font-weight: 400;\">Les pauses actives ne sont pas seulement une tendance, mais une v\u00e9ritable r\u00e9volution pour notre sant\u00e9 au travail. Loin de l\u2019id\u00e9e re\u00e7ue qu\u2019il faut travailler sans rel\u00e2che pour \u00eatre performant, ces petites parenth\u00e8ses actives nous rappellent qu\u2019un corps d\u00e9tendu et un esprit repos\u00e9 sont la cl\u00e9 de l\u2019efficacit\u00e9 et du bien-\u00eatre. Alors, \u00e0 votre tour ! Osez l\u2019instant de mouvement, respirez profond\u00e9ment et laissez le stress fondre. Le travail sera bien plus agr\u00e9able et vos journ\u00e9es, infiniment plus sereines.<\/span><\/p><p><b>Sources :<\/b><\/p><ol><li style=\"font-weight: 400;\" aria-level=\"1\"><b>\u00ab\u00a0Le r\u00f4le des pauses actives sur la sant\u00e9 au travail\u00a0\u00bb \u2013 INRS (Institut national de recherche et de s\u00e9curit\u00e9)<\/b><b><br \/><\/b> <a href=\"https:\/\/www.inrs.fr\/risques\/activite-physique\/travail-sedentaires-pause-active.html\"><span style=\"font-weight: 400;\">https:\/\/www.inrs.fr\/risques\/activite-physique\/travail-sedentaires-pause-active.html<\/span><span style=\"font-weight: 400;\"><br \/><\/span><\/a><\/li><li style=\"font-weight: 400;\" aria-level=\"1\"><b>\u00ab\u00a0Activit\u00e9 physique et sant\u00e9 mentale au travail\u00a0\u00bb \u2013 Observatoire de la Sant\u00e9<\/b><b><br \/><\/b> <a href=\"https:\/\/www.observatoire-sante.fr\/activite-physique-et-sante-mentale-au-travail\/\"><span style=\"font-weight: 400;\">https:\/\/www.observatoire-sante.fr\/activite-physique-et-sante-mentale-au-travail\/<\/span><span style=\"font-weight: 400;\"><br \/><\/span><\/a><\/li><li style=\"font-weight: 400;\" aria-level=\"1\"><b>\u00ab\u00a0Les bienfaits des micro-pauses au travail\u00a0\u00bb \u2013 Revue Sant\u00e9 Travail<\/b><b><br \/><\/b> <a href=\"https:\/\/www.sante-et-travail.fr\/bienfaits-micro-pauses-travail\"><span style=\"font-weight: 400;\">https:\/\/www.sante-et-travail.fr\/bienfaits-micro-pauses-travail<\/span><span style=\"font-weight: 400;\"><br \/><\/span><\/a><\/li><li style=\"font-weight: 400;\" aria-level=\"1\"><b>\u00ab\u00a0Pause active : l\u2019alli\u00e9e inattendue contre le stress au bureau\u00a0\u00bb \u2013 Futura Sant\u00e9<\/b><b><br \/><\/b> <span style=\"font-weight: 400;\"><a href=\"https:\/\/www.futura-sciences.com\/sante\/questions-reponses\/sante-pause-active-quels-effets-sante-16239\/\">https:\/\/www.futura-sciences.com\/sante\/questions-reponses\/sante-pause-active-quels-effets-sante-16239\/<\/a><\/span><span style=\"font-weight: 400;\"><a href=\"https:\/\/www.futura-sciences.com\/sante\/questions-reponses\/sante-pause-active-quels-effets-sante-16239\/\"><br \/><b style=\"color: #333333;\"><\/b><\/a><\/span><\/li><li style=\"font-weight: 400;\" aria-level=\"1\"><span style=\"font-weight: 400;\"><b style=\"color: #333333;\"><a href=\"https:\/\/www.futura-sciences.com\/sante\/questions-reponses\/sante-pause-active-quels-effets-sante-16239\/\">\u00ab\u00a0Pourquoi bouger au bureau am\u00e9liore la concentration et r\u00e9duit le stress\u00a0\u00bb \u2013 L\u2019Express Sant\u00e9 <\/a><\/b><\/span><a href=\"https:\/\/www.lexpress.fr\/styles\/psycho\/pourquoi-bouger-au-bureau-ameliore-la-concentration-et-reduit-le-stress_2174227.html\"><span>https:\/\/www.lexpress.fr\/styles\/psycho\/pourquoi-bouger-au-bureau-ameliore-la-concentration-et-reduit-le-stress_2174227.html<\/span><\/a><\/li><\/ol>\t\t\t\t\t\t\t\t<\/div>\n\t\t\t\t<\/div>\n\t\t\t\t\t<\/div>\n\t\t\t\t<\/div>\n\t\t\t\t<\/div>\n\t\t","protected":false},"excerpt":{"rendered":"<p>Dans notre quotidien de plus en plus exigeant, o\u00f9 le stress semble parfois omnipr\u00e9sent, il est vital de trouver des solutions efficaces pour all\u00e9ger la pression. Et si la cl\u00e9 r\u00e9sidait dans des pauses actives ? Oui, des moments de mouvement dans la journ\u00e9e, simples mais puissants, peuvent transformer l\u2019exp\u00e9rience du travail. Comme les pauses [&hellip;]<\/p>\n","protected":false},"author":10,"featured_media":19337,"comment_status":"open","ping_status":"open","sticky":false,"template":"","format":"standard","meta":{"_eb_attr":"","_monsterinsights_skip_tracking":false,"_monsterinsights_sitenote_active":false,"_monsterinsights_sitenote_note":"","_monsterinsights_sitenote_category":0,"footnotes":""},"categories":[69],"tags":[338],"class_list":["post-19336","post","type-post","status-publish","format-standard","has-post-thumbnail","hentry","category-gestion-du-stress","tag-338"],"yoast_head":"<!-- This site is optimized with the Yoast SEO Premium plugin v22.7 (Yoast SEO v27.5) - https:\/\/yoast.com\/product\/yoast-seo-premium-wordpress\/ -->\n<title>Pauses actives r\u00e9duisent le stress!, int\u00e9grer les au travail. - duoveo<\/title>\n<meta name=\"description\" content=\"Les pauses actives r\u00e9duisent le stress en soulageant les tensions, en augmentant l&#039;\u00e9nergie et en am\u00e9liorant le bien-\u00eatre.\" \/>\n<meta name=\"robots\" content=\"index, follow, max-snippet:-1, max-image-preview:large, max-video-preview:-1\" \/>\n<link rel=\"canonical\" href=\"https:\/\/duoveo.com\/fr\/bien-etre-physique\/gestion-du-stress\/pauses-actives-reduisent-le-stress-integrer-les-au-travail\/\" \/>\n<meta property=\"og:locale\" content=\"fr_FR\" \/>\n<meta property=\"og:type\" content=\"article\" \/>\n<meta property=\"og:title\" content=\"Pauses actives r\u00e9duisent le stress!, int\u00e9grer les au travail. - duoveo\" \/>\n<meta property=\"og:description\" content=\"Les pauses actives r\u00e9duisent le stress en soulageant les tensions, en augmentant l&#039;\u00e9nergie et en am\u00e9liorant le bien-\u00eatre.\" \/>\n<meta property=\"og:url\" content=\"https:\/\/duoveo.com\/fr\/bien-etre-physique\/gestion-du-stress\/pauses-actives-reduisent-le-stress-integrer-les-au-travail\/\" \/>\n<meta property=\"og:site_name\" content=\"duoveo\" \/>\n<meta property=\"article:publisher\" content=\"https:\/\/facebook.com\/duoveo\" \/>\n<meta property=\"article:published_time\" content=\"2025-04-23T04:31:32+00:00\" \/>\n<meta property=\"article:modified_time\" content=\"2025-05-01T09:18:13+00:00\" \/>\n<meta property=\"og:image\" content=\"https:\/\/duoveo.com\/wp-content\/uploads\/2025\/04\/2-Phys-wb_Gestion-stress_Act.-Phys._PAUSES-ACTIVES-JOURNEE-TRAVAIL-16-9.jpg\" \/>\n\t<meta property=\"og:image:width\" content=\"1000\" \/>\n\t<meta property=\"og:image:height\" content=\"562\" \/>\n\t<meta property=\"og:image:type\" content=\"image\/jpeg\" \/>\n<meta name=\"author\" content=\"Fabrice Barbier\" \/>\n<meta name=\"twitter:card\" content=\"summary_large_image\" \/>\n<meta name=\"twitter:label1\" content=\"\u00c9crit par\" \/>\n\t<meta name=\"twitter:data1\" content=\"Fabrice Barbier\" \/>\n\t<meta name=\"twitter:label2\" content=\"Dur\u00e9e de lecture estim\u00e9e\" \/>\n\t<meta name=\"twitter:data2\" content=\"6 minutes\" \/>\n<script type=\"application\/ld+json\" class=\"yoast-schema-graph\">{\"@context\":\"https:\\\/\\\/schema.org\",\"@graph\":[{\"@type\":\"Article\",\"@id\":\"https:\\\/\\\/duoveo.com\\\/fr\\\/bien-etre-physique\\\/gestion-du-stress\\\/pauses-actives-reduisent-le-stress-integrer-les-au-travail\\\/#article\",\"isPartOf\":{\"@id\":\"https:\\\/\\\/duoveo.com\\\/fr\\\/bien-etre-physique\\\/gestion-du-stress\\\/pauses-actives-reduisent-le-stress-integrer-les-au-travail\\\/\"},\"author\":{\"name\":\"Fabrice Barbier\",\"@id\":\"https:\\\/\\\/duoveo.com\\\/fr\\\/#\\\/schema\\\/person\\\/0513a3865bb109cb9a6352bc26982f9f\"},\"headline\":\"Pauses actives r\u00e9duisent le stress!, int\u00e9grer les au travail.\",\"datePublished\":\"2025-04-23T04:31:32+00:00\",\"dateModified\":\"2025-05-01T09:18:13+00:00\",\"mainEntityOfPage\":{\"@id\":\"https:\\\/\\\/duoveo.com\\\/fr\\\/bien-etre-physique\\\/gestion-du-stress\\\/pauses-actives-reduisent-le-stress-integrer-les-au-travail\\\/\"},\"wordCount\":1270,\"commentCount\":0,\"publisher\":{\"@id\":\"https:\\\/\\\/duoveo.com\\\/fr\\\/#organization\"},\"image\":{\"@id\":\"https:\\\/\\\/duoveo.com\\\/fr\\\/bien-etre-physique\\\/gestion-du-stress\\\/pauses-actives-reduisent-le-stress-integrer-les-au-travail\\\/#primaryimage\"},\"thumbnailUrl\":\"https:\\\/\\\/duoveo.com\\\/wp-content\\\/uploads\\\/2025\\\/04\\\/2-Phys-wb_Gestion-stress_Act.-Phys._PAUSES-ACTIVES-JOURNEE-TRAVAIL-16-9.jpg\",\"keywords\":[\"203\"],\"articleSection\":[\"gestion du stress\"],\"inLanguage\":\"fr-FR\",\"potentialAction\":[{\"@type\":\"CommentAction\",\"name\":\"Comment\",\"target\":[\"https:\\\/\\\/duoveo.com\\\/fr\\\/bien-etre-physique\\\/gestion-du-stress\\\/pauses-actives-reduisent-le-stress-integrer-les-au-travail\\\/#respond\"]}]},{\"@type\":\"WebPage\",\"@id\":\"https:\\\/\\\/duoveo.com\\\/fr\\\/bien-etre-physique\\\/gestion-du-stress\\\/pauses-actives-reduisent-le-stress-integrer-les-au-travail\\\/\",\"url\":\"https:\\\/\\\/duoveo.com\\\/fr\\\/bien-etre-physique\\\/gestion-du-stress\\\/pauses-actives-reduisent-le-stress-integrer-les-au-travail\\\/\",\"name\":\"Pauses actives r\u00e9duisent le stress!, int\u00e9grer les au travail. - duoveo\",\"isPartOf\":{\"@id\":\"https:\\\/\\\/duoveo.com\\\/fr\\\/#website\"},\"primaryImageOfPage\":{\"@id\":\"https:\\\/\\\/duoveo.com\\\/fr\\\/bien-etre-physique\\\/gestion-du-stress\\\/pauses-actives-reduisent-le-stress-integrer-les-au-travail\\\/#primaryimage\"},\"image\":{\"@id\":\"https:\\\/\\\/duoveo.com\\\/fr\\\/bien-etre-physique\\\/gestion-du-stress\\\/pauses-actives-reduisent-le-stress-integrer-les-au-travail\\\/#primaryimage\"},\"thumbnailUrl\":\"https:\\\/\\\/duoveo.com\\\/wp-content\\\/uploads\\\/2025\\\/04\\\/2-Phys-wb_Gestion-stress_Act.-Phys._PAUSES-ACTIVES-JOURNEE-TRAVAIL-16-9.jpg\",\"datePublished\":\"2025-04-23T04:31:32+00:00\",\"dateModified\":\"2025-05-01T09:18:13+00:00\",\"description\":\"Les pauses actives r\u00e9duisent le stress en soulageant les tensions, en augmentant l'\u00e9nergie et en am\u00e9liorant le bien-\u00eatre.\",\"inLanguage\":\"fr-FR\",\"potentialAction\":[{\"@type\":\"ReadAction\",\"target\":[\"https:\\\/\\\/duoveo.com\\\/fr\\\/bien-etre-physique\\\/gestion-du-stress\\\/pauses-actives-reduisent-le-stress-integrer-les-au-travail\\\/\"]}]},{\"@type\":\"ImageObject\",\"inLanguage\":\"fr-FR\",\"@id\":\"https:\\\/\\\/duoveo.com\\\/fr\\\/bien-etre-physique\\\/gestion-du-stress\\\/pauses-actives-reduisent-le-stress-integrer-les-au-travail\\\/#primaryimage\",\"url\":\"https:\\\/\\\/duoveo.com\\\/wp-content\\\/uploads\\\/2025\\\/04\\\/2-Phys-wb_Gestion-stress_Act.-Phys._PAUSES-ACTIVES-JOURNEE-TRAVAIL-16-9.jpg\",\"contentUrl\":\"https:\\\/\\\/duoveo.com\\\/wp-content\\\/uploads\\\/2025\\\/04\\\/2-Phys-wb_Gestion-stress_Act.-Phys._PAUSES-ACTIVES-JOURNEE-TRAVAIL-16-9.jpg\",\"width\":1000,\"height\":562,\"caption\":\"Int\u00e9grer au travail des pauses actives r\u00e9duisent le stress\"},{\"@type\":\"WebSite\",\"@id\":\"https:\\\/\\\/duoveo.com\\\/fr\\\/#website\",\"url\":\"https:\\\/\\\/duoveo.com\\\/fr\\\/\",\"name\":\"duoveo\",\"description\":\"Your story, beautifully told - Created with WordPress managed by IONOS\",\"publisher\":{\"@id\":\"https:\\\/\\\/duoveo.com\\\/fr\\\/#organization\"},\"potentialAction\":[{\"@type\":\"SearchAction\",\"target\":{\"@type\":\"EntryPoint\",\"urlTemplate\":\"https:\\\/\\\/duoveo.com\\\/fr\\\/?s={search_term_string}\"},\"query-input\":{\"@type\":\"PropertyValueSpecification\",\"valueRequired\":true,\"valueName\":\"search_term_string\"}}],\"inLanguage\":\"fr-FR\"},{\"@type\":\"Organization\",\"@id\":\"https:\\\/\\\/duoveo.com\\\/fr\\\/#organization\",\"name\":\"duoveo\",\"url\":\"https:\\\/\\\/duoveo.com\\\/fr\\\/\",\"logo\":{\"@type\":\"ImageObject\",\"inLanguage\":\"fr-FR\",\"@id\":\"https:\\\/\\\/duoveo.com\\\/fr\\\/#\\\/schema\\\/logo\\\/image\\\/\",\"url\":\"https:\\\/\\\/duoveo.com\\\/wp-content\\\/uploads\\\/2022\\\/03\\\/DuoVeo_logo-black_256.png\",\"contentUrl\":\"https:\\\/\\\/duoveo.com\\\/wp-content\\\/uploads\\\/2022\\\/03\\\/DuoVeo_logo-black_256.png\",\"width\":256,\"height\":256,\"caption\":\"duoveo\"},\"image\":{\"@id\":\"https:\\\/\\\/duoveo.com\\\/fr\\\/#\\\/schema\\\/logo\\\/image\\\/\"},\"sameAs\":[\"https:\\\/\\\/facebook.com\\\/duoveo\",\"https:\\\/\\\/www.instagram.com\\\/duo.veo\\\/\"]},{\"@type\":\"Person\",\"@id\":\"https:\\\/\\\/duoveo.com\\\/fr\\\/#\\\/schema\\\/person\\\/0513a3865bb109cb9a6352bc26982f9f\",\"name\":\"Fabrice Barbier\"}]}<\/script>\n<!-- \/ Yoast SEO Premium plugin. -->","yoast_head_json":{"title":"Pauses actives r\u00e9duisent le stress!, int\u00e9grer les au travail. - duoveo","description":"Les pauses actives r\u00e9duisent le stress en soulageant les tensions, en augmentant l'\u00e9nergie et en am\u00e9liorant le bien-\u00eatre.","robots":{"index":"index","follow":"follow","max-snippet":"max-snippet:-1","max-image-preview":"max-image-preview:large","max-video-preview":"max-video-preview:-1"},"canonical":"https:\/\/duoveo.com\/fr\/bien-etre-physique\/gestion-du-stress\/pauses-actives-reduisent-le-stress-integrer-les-au-travail\/","og_locale":"fr_FR","og_type":"article","og_title":"Pauses actives r\u00e9duisent le stress!, int\u00e9grer les au travail. - duoveo","og_description":"Les pauses actives r\u00e9duisent le stress en soulageant les tensions, en augmentant l'\u00e9nergie et en am\u00e9liorant le bien-\u00eatre.","og_url":"https:\/\/duoveo.com\/fr\/bien-etre-physique\/gestion-du-stress\/pauses-actives-reduisent-le-stress-integrer-les-au-travail\/","og_site_name":"duoveo","article_publisher":"https:\/\/facebook.com\/duoveo","article_published_time":"2025-04-23T04:31:32+00:00","article_modified_time":"2025-05-01T09:18:13+00:00","og_image":[{"width":1000,"height":562,"url":"https:\/\/duoveo.com\/wp-content\/uploads\/2025\/04\/2-Phys-wb_Gestion-stress_Act.-Phys._PAUSES-ACTIVES-JOURNEE-TRAVAIL-16-9.jpg","type":"image\/jpeg"}],"author":"Fabrice Barbier","twitter_card":"summary_large_image","twitter_misc":{"\u00c9crit par":"Fabrice Barbier","Dur\u00e9e de lecture estim\u00e9e":"6 minutes"},"schema":{"@context":"https:\/\/schema.org","@graph":[{"@type":"Article","@id":"https:\/\/duoveo.com\/fr\/bien-etre-physique\/gestion-du-stress\/pauses-actives-reduisent-le-stress-integrer-les-au-travail\/#article","isPartOf":{"@id":"https:\/\/duoveo.com\/fr\/bien-etre-physique\/gestion-du-stress\/pauses-actives-reduisent-le-stress-integrer-les-au-travail\/"},"author":{"name":"Fabrice Barbier","@id":"https:\/\/duoveo.com\/fr\/#\/schema\/person\/0513a3865bb109cb9a6352bc26982f9f"},"headline":"Pauses actives r\u00e9duisent le stress!, int\u00e9grer les au travail.","datePublished":"2025-04-23T04:31:32+00:00","dateModified":"2025-05-01T09:18:13+00:00","mainEntityOfPage":{"@id":"https:\/\/duoveo.com\/fr\/bien-etre-physique\/gestion-du-stress\/pauses-actives-reduisent-le-stress-integrer-les-au-travail\/"},"wordCount":1270,"commentCount":0,"publisher":{"@id":"https:\/\/duoveo.com\/fr\/#organization"},"image":{"@id":"https:\/\/duoveo.com\/fr\/bien-etre-physique\/gestion-du-stress\/pauses-actives-reduisent-le-stress-integrer-les-au-travail\/#primaryimage"},"thumbnailUrl":"https:\/\/duoveo.com\/wp-content\/uploads\/2025\/04\/2-Phys-wb_Gestion-stress_Act.-Phys._PAUSES-ACTIVES-JOURNEE-TRAVAIL-16-9.jpg","keywords":["203"],"articleSection":["gestion du stress"],"inLanguage":"fr-FR","potentialAction":[{"@type":"CommentAction","name":"Comment","target":["https:\/\/duoveo.com\/fr\/bien-etre-physique\/gestion-du-stress\/pauses-actives-reduisent-le-stress-integrer-les-au-travail\/#respond"]}]},{"@type":"WebPage","@id":"https:\/\/duoveo.com\/fr\/bien-etre-physique\/gestion-du-stress\/pauses-actives-reduisent-le-stress-integrer-les-au-travail\/","url":"https:\/\/duoveo.com\/fr\/bien-etre-physique\/gestion-du-stress\/pauses-actives-reduisent-le-stress-integrer-les-au-travail\/","name":"Pauses actives r\u00e9duisent le stress!, int\u00e9grer les au travail. - duoveo","isPartOf":{"@id":"https:\/\/duoveo.com\/fr\/#website"},"primaryImageOfPage":{"@id":"https:\/\/duoveo.com\/fr\/bien-etre-physique\/gestion-du-stress\/pauses-actives-reduisent-le-stress-integrer-les-au-travail\/#primaryimage"},"image":{"@id":"https:\/\/duoveo.com\/fr\/bien-etre-physique\/gestion-du-stress\/pauses-actives-reduisent-le-stress-integrer-les-au-travail\/#primaryimage"},"thumbnailUrl":"https:\/\/duoveo.com\/wp-content\/uploads\/2025\/04\/2-Phys-wb_Gestion-stress_Act.-Phys._PAUSES-ACTIVES-JOURNEE-TRAVAIL-16-9.jpg","datePublished":"2025-04-23T04:31:32+00:00","dateModified":"2025-05-01T09:18:13+00:00","description":"Les pauses actives r\u00e9duisent le stress en soulageant les tensions, en augmentant l'\u00e9nergie et en am\u00e9liorant le bien-\u00eatre.","inLanguage":"fr-FR","potentialAction":[{"@type":"ReadAction","target":["https:\/\/duoveo.com\/fr\/bien-etre-physique\/gestion-du-stress\/pauses-actives-reduisent-le-stress-integrer-les-au-travail\/"]}]},{"@type":"ImageObject","inLanguage":"fr-FR","@id":"https:\/\/duoveo.com\/fr\/bien-etre-physique\/gestion-du-stress\/pauses-actives-reduisent-le-stress-integrer-les-au-travail\/#primaryimage","url":"https:\/\/duoveo.com\/wp-content\/uploads\/2025\/04\/2-Phys-wb_Gestion-stress_Act.-Phys._PAUSES-ACTIVES-JOURNEE-TRAVAIL-16-9.jpg","contentUrl":"https:\/\/duoveo.com\/wp-content\/uploads\/2025\/04\/2-Phys-wb_Gestion-stress_Act.-Phys._PAUSES-ACTIVES-JOURNEE-TRAVAIL-16-9.jpg","width":1000,"height":562,"caption":"Int\u00e9grer au travail des pauses actives r\u00e9duisent le stress"},{"@type":"WebSite","@id":"https:\/\/duoveo.com\/fr\/#website","url":"https:\/\/duoveo.com\/fr\/","name":"duoveo","description":"Your story, beautifully told - Created with WordPress managed by IONOS","publisher":{"@id":"https:\/\/duoveo.com\/fr\/#organization"},"potentialAction":[{"@type":"SearchAction","target":{"@type":"EntryPoint","urlTemplate":"https:\/\/duoveo.com\/fr\/?s={search_term_string}"},"query-input":{"@type":"PropertyValueSpecification","valueRequired":true,"valueName":"search_term_string"}}],"inLanguage":"fr-FR"},{"@type":"Organization","@id":"https:\/\/duoveo.com\/fr\/#organization","name":"duoveo","url":"https:\/\/duoveo.com\/fr\/","logo":{"@type":"ImageObject","inLanguage":"fr-FR","@id":"https:\/\/duoveo.com\/fr\/#\/schema\/logo\/image\/","url":"https:\/\/duoveo.com\/wp-content\/uploads\/2022\/03\/DuoVeo_logo-black_256.png","contentUrl":"https:\/\/duoveo.com\/wp-content\/uploads\/2022\/03\/DuoVeo_logo-black_256.png","width":256,"height":256,"caption":"duoveo"},"image":{"@id":"https:\/\/duoveo.com\/fr\/#\/schema\/logo\/image\/"},"sameAs":["https:\/\/facebook.com\/duoveo","https:\/\/www.instagram.com\/duo.veo\/"]},{"@type":"Person","@id":"https:\/\/duoveo.com\/fr\/#\/schema\/person\/0513a3865bb109cb9a6352bc26982f9f","name":"Fabrice Barbier"}]}},"_links":{"self":[{"href":"https:\/\/duoveo.com\/fr\/wp-json\/wp\/v2\/posts\/19336","targetHints":{"allow":["GET"]}}],"collection":[{"href":"https:\/\/duoveo.com\/fr\/wp-json\/wp\/v2\/posts"}],"about":[{"href":"https:\/\/duoveo.com\/fr\/wp-json\/wp\/v2\/types\/post"}],"author":[{"embeddable":true,"href":"https:\/\/duoveo.com\/fr\/wp-json\/wp\/v2\/users\/10"}],"replies":[{"embeddable":true,"href":"https:\/\/duoveo.com\/fr\/wp-json\/wp\/v2\/comments?post=19336"}],"version-history":[{"count":23,"href":"https:\/\/duoveo.com\/fr\/wp-json\/wp\/v2\/posts\/19336\/revisions"}],"predecessor-version":[{"id":19682,"href":"https:\/\/duoveo.com\/fr\/wp-json\/wp\/v2\/posts\/19336\/revisions\/19682"}],"wp:featuredmedia":[{"embeddable":true,"href":"https:\/\/duoveo.com\/fr\/wp-json\/wp\/v2\/media\/19337"}],"wp:attachment":[{"href":"https:\/\/duoveo.com\/fr\/wp-json\/wp\/v2\/media?parent=19336"}],"wp:term":[{"taxonomy":"category","embeddable":true,"href":"https:\/\/duoveo.com\/fr\/wp-json\/wp\/v2\/categories?post=19336"},{"taxonomy":"post_tag","embeddable":true,"href":"https:\/\/duoveo.com\/fr\/wp-json\/wp\/v2\/tags?post=19336"}],"curies":[{"name":"wp","href":"https:\/\/api.w.org\/{rel}","templated":true}]}}