{"id":21347,"date":"2025-07-26T13:46:03","date_gmt":"2025-07-26T13:46:03","guid":{"rendered":"https:\/\/duoveo.com\/?p=21347"},"modified":"2025-09-06T03:06:54","modified_gmt":"2025-09-06T03:06:54","slug":"formation-en-ecoute-active-en-groupe","status":"publish","type":"post","link":"https:\/\/duoveo.com\/fr\/bien-etre-relationnel\/communication-efficace\/formation-en-ecoute-active-en-groupe\/","title":{"rendered":"Formation en \u00e9coute active en groupe"},"content":{"rendered":"\n<h3 class=\"wp-block-heading\" id=\"h-developpez-vos-competences-en-communication-efficace\">D\u00e9veloppez vos comp\u00e9tences en communication efficace<\/h3>\n\n\n\n<p>L&rsquo;\u00e9coute active est l&rsquo;un des piliers fondamentaux d&rsquo;une communication efficace. Pourtant, bien que nous passions une grande partie de notre vie \u00e0 \u00e9couter, combien d&rsquo;entre nous le font vraiment avec attention et empathie ? Une formation en \u00e9coute active peut transformer radicalement vos interactions, que ce soit dans votre vie professionnelle, amicale ou amoureuse. Dans cet article, nous explorerons en quoi consiste l&rsquo;\u00e9coute active, pourquoi elle est essentielle, et comment une formation peut vous aider \u00e0 la ma\u00eetriser.<\/p>\n\n\n\n<h2 class=\"wp-block-heading\" id=\"h-qu-est-ce-que-l-ecoute-active\">Qu&rsquo;est-ce que l&rsquo;\u00e9coute active ?<\/h2>\n\n\n\n<p>Popularis\u00e9e par le psychologue Carl Rogers, l&rsquo;\u00e9coute active est une technique de communication qui repose sur l&rsquo;attention totale et la compr\u00e9hension de l&rsquo;interlocuteur. Elle ne se limite pas \u00e0 entendre des mots, mais implique une pr\u00e9sence authentique et un engagement \u00e0 comprendre le message, aussi bien sur le plan verbal que non verbal.<\/p>\n\n\n\n<p><strong>Les principes cl\u00e9s de l&rsquo;\u00e9coute active<\/strong><\/p>\n\n\n\n<ol class=\"wp-block-list\">\n<li><strong>L&rsquo;attention totale<\/strong> : Se concentrer pleinement sur l&rsquo;interlocuteur en \u00e9vitant les distractions.<\/li>\n\n\n\n<li><strong>Le langage corporel ouvert<\/strong> : Maintenir un contact visuel, hochements de t\u00eate, posture r\u00e9ceptive.<\/li>\n\n\n\n<li><strong>La reformulation<\/strong> : R\u00e9p\u00e9ter ou r\u00e9sumer les propos de l&rsquo;autre pour s&rsquo;assurer de la bonne compr\u00e9hension.<\/li>\n\n\n\n<li><strong>L&rsquo;absence de jugement<\/strong> : Accueillir les paroles sans interrompre ni critiquer.<\/li>\n\n\n\n<li><strong>L&rsquo;encouragement \u00e0 l&rsquo;expression<\/strong> : Poser des questions ouvertes pour favoriser l&rsquo;approfondissement de la discussion.<\/li>\n<\/ol>\n\n\n\n<h2 class=\"wp-block-heading\" id=\"h-pourquoi-suivre-une-formation-en-ecoute-active\">Pourquoi suivre une formation en \u00e9coute active ?<\/h2>\n\n\n\n<p>Si l&rsquo;\u00e9coute active semble intuitive, elle demande en r\u00e9alit\u00e9 un v\u00e9ritable apprentissage. Une formation vous permettra de d\u00e9velopper ces comp\u00e9tences et d&rsquo;en tirer des b\u00e9n\u00e9fices aussi bien personnels que professionnels.<\/p>\n\n\n\n<p><strong>Am\u00e9liorer ses relations interpersonnelles<\/strong><\/p>\n\n\n\n<p>Que ce soit avec votre partenaire, vos amis ou votre famille, bien \u00e9couter permet de cr\u00e9er un climat de confiance et de renforcer les liens. Lorsque l&rsquo;on se sent \u00e9cout\u00e9, on se sent compris et valoris\u00e9, ce qui favorise une communication harmonieuse.<\/p>\n\n\n\n<p><strong>R\u00e9duire les conflits<\/strong><\/p>\n\n\n\n<p>De nombreux malentendus et tensions proviennent d&rsquo;une mauvaise communication. L&rsquo;\u00e9coute active permet de d\u00e9samorcer les conflits en montrant \u00e0 l&rsquo;autre qu&rsquo;il est entendu et que son point de vue est respect\u00e9.<\/p>\n\n\n\n<p><strong>Booster sa carri\u00e8re professionnelle<\/strong><\/p>\n\n\n\n<p>Dans le monde du travail, savoir \u00e9couter est un atout inestimable. Managers, RH, commerciaux, soignants ou enseignants, tous gagnent \u00e0 ma\u00eetriser l&rsquo;\u00e9coute active pour mieux comprendre les besoins, motiver les \u00e9quipes et am\u00e9liorer la collaboration.<\/p>\n\n\n\n<p><strong>D\u00e9velopper son intelligence \u00e9motionnelle<\/strong><\/p>\n\n\n\n<p>L&rsquo;\u00e9coute active aide \u00e0 mieux percevoir les \u00e9motions de l&rsquo;autre, mais aussi \u00e0 mieux g\u00e9rer les siennes. Une capacit\u00e9 essentielle pour naviguer avec empathie dans des situations complexes.<\/p>\n\n\n\n<h2 class=\"wp-block-heading\" id=\"h-comment-se-deroule-une-formation-en-ecoute-active\">Comment se d\u00e9roule une formation en \u00e9coute active ?<\/h2>\n\n\n\n<p>Une formation en \u00e9coute active est souvent organis\u00e9e sous forme d&rsquo;ateliers interactifs, alternant th\u00e9orie et mises en pratique. Voici les \u00e9tapes typiques :<\/p>\n\n\n\n<p><strong>1. Comprendre les bases th\u00e9oriques<\/strong><\/p>\n\n\n\n<p>Les participants d\u00e9couvrent les principes fondamentaux de l&rsquo;\u00e9coute active, ses b\u00e9n\u00e9fices et ses applications concr\u00e8tes.<\/p>\n\n\n\n<p><strong>2. Exercices de mise en situation<\/strong><\/p>\n\n\n\n<p>Des jeux de r\u00f4le et des simulations permettent d&rsquo;exp\u00e9rimenter les techniques d&rsquo;\u00e9coute en conditions r\u00e9elles.<\/p>\n\n\n\n<p><strong>3. Apprentissage de la reformulation et des questions ouvertes<\/strong><\/p>\n\n\n\n<p>Les participants s&rsquo;entra\u00eenent \u00e0 reformuler efficacement et \u00e0 poser des questions favorisant l&rsquo;expression de l&rsquo;autre.<\/p>\n\n\n\n<p><strong>4. Feedback et ajustements<\/strong><\/p>\n\n\n\n<p>Chaque exercice est suivi d&rsquo;un retour constructif pour identifier les points d&rsquo;am\u00e9lioration et ajuster son approche.<\/p>\n\n\n\n<p><strong>5. Application dans la vie quotidienne<\/strong><\/p>\n\n\n\n<p>Des exercices \u00e0 r\u00e9aliser en dehors de la formation permettent d&rsquo;int\u00e9grer progressivement les comp\u00e9tences acquises.<\/p>\n\n\n\n<h2 class=\"wp-block-heading\" id=\"h-quels-sont-les-meilleurs-formats-de-formation\">Quels sont les meilleurs formats de formation ?<\/h2>\n\n\n\n<p>Selon vos besoins et disponibilit\u00e9s, diff\u00e9rentes options existent :<\/p>\n\n\n\n<ul class=\"wp-block-list\">\n<li><strong>Formations en pr\u00e9sentiel<\/strong> : Ateliers en groupe avec un formateur. Id\u00e9al pour les interactions en direct.<\/li>\n\n\n\n<li><strong>Cours en ligne<\/strong> : Modules accessibles \u00e0 votre rythme, souvent accompagn\u00e9s de vid\u00e9os et d&rsquo;exercices pratiques.<\/li>\n\n\n\n<li><strong>Coaching individuel<\/strong> : Accompagnement personnalis\u00e9 pour un apprentissage adapt\u00e9 \u00e0 vos objectifs.<\/li>\n\n\n\n<li><strong>Webinaires et conf\u00e9rences<\/strong> : Id\u00e9al pour une introduction aux concepts-cl\u00e9s avant d&rsquo;approfondir par la pratique.<\/li>\n<\/ul>\n\n\n\n<h2 class=\"wp-block-heading\" id=\"h-comment-choisir-une-bonne-formation-en-ecoute-active\">Comment choisir une bonne formation en \u00e9coute active ?<\/h2>\n\n\n\n<p>Avec l&rsquo;offre grandissante de formations, voici quelques crit\u00e8res pour faire le bon choix :<\/p>\n\n\n\n<ul class=\"wp-block-list\">\n<li><strong>Un formateur exp\u00e9riment\u00e9<\/strong> : V\u00e9rifiez son expertise en communication et en relations humaines.<\/li>\n\n\n\n<li><strong>Des avis et recommandations<\/strong> : Consultez les retours d&rsquo;anciens participants.<\/li>\n\n\n\n<li><strong>Un programme ax\u00e9 sur la pratique<\/strong> : Privil\u00e9giez les formations interactives.<\/li>\n\n\n\n<li><strong>Une adaptabilit\u00e9 \u00e0 votre contexte<\/strong> : Formation g\u00e9n\u00e9rale ou sp\u00e9cifique \u00e0 votre secteur d&rsquo;activit\u00e9 ?<\/li>\n<\/ul>\n\n\n\n<h2 class=\"wp-block-heading\" id=\"h-conclusion\">Conclusion<\/h2>\n\n\n\n<p>L&rsquo;\u00e9coute active est bien plus qu&rsquo;une simple technique de communication : c&rsquo;est un v\u00e9ritable art qui transforme nos relations et notre perception du monde. Investir dans une formation en \u00e9coute active, c&rsquo;est s&rsquo;offrir la capacit\u00e9 de mieux comprendre et d&rsquo;\u00eatre mieux compris. Alors, pr\u00eat \u00e0 tendre l&rsquo;oreille et \u00e0 enrichir vos \u00e9changes ?<\/p>\n\n\n\n<p><strong>Sources :<\/strong><\/p>\n\n\n\n<ol class=\"wp-block-list\">\n<li>Psychologie de la communication &#8211; <a href=\"https:\/\/www.psychologie.com\/\">https:\/\/www.psychologie.com<\/a><\/li>\n\n\n\n<li>L&rsquo;\u00e9coute active selon Carl Rogers &#8211; <a href=\"https:\/\/www.universite-psycho.com\/\">https:\/\/www.universite-psycho.com<\/a><\/li>\n\n\n\n<li>La communication non violente et l&rsquo;\u00e9coute &#8211; <a href=\"https:\/\/www.cnv-france.fr\/\">https:\/\/www.cnv-france.fr<\/a><\/li>\n\n\n\n<li>Am\u00e9liorer ses comp\u00e9tences en \u00e9coute &#8211; <a href=\"https:\/\/www.communication-positive.fr\/\">https:\/\/www.communication-positive.fr<\/a><\/li>\n\n\n\n<li>Neurosciences et \u00e9coute active &#8211; <a href=\"https:\/\/www.cerveauetcomportement.com\/\">https:\/\/www.cerveauetcomportement.com<\/a><\/li>\n<\/ol>\n\n\n\n<p><\/p>\n","protected":false},"excerpt":{"rendered":"<p>D\u00e9veloppez vos comp\u00e9tences en communication efficace L&rsquo;\u00e9coute active est l&rsquo;un des piliers fondamentaux d&rsquo;une communication efficace. Pourtant, bien que nous passions une grande partie de notre vie \u00e0 \u00e9couter, combien d&rsquo;entre nous le font vraiment avec attention et empathie ? Une formation en \u00e9coute active peut transformer radicalement vos interactions, que ce soit dans votre [&hellip;]<\/p>\n","protected":false},"author":19,"featured_media":21348,"comment_status":"closed","ping_status":"closed","sticky":false,"template":"","format":"standard","meta":{"_eb_attr":"","_monsterinsights_skip_tracking":false,"_monsterinsights_sitenote_active":false,"_monsterinsights_sitenote_note":"","_monsterinsights_sitenote_category":0,"footnotes":""},"categories":[517],"tags":[715],"class_list":["post-21347","post","type-post","status-publish","format-standard","has-post-thumbnail","hentry","category-communication-efficace","tag-388-2"],"yoast_head":"<!-- This site is optimized with the Yoast SEO Premium plugin v22.7 (Yoast SEO v27.5) - https:\/\/yoast.com\/product\/yoast-seo-premium-wordpress\/ -->\n<title>Formation en \u00e9coute active en groupe - duoveo<\/title>\n<meta name=\"description\" content=\"Transformez vos \u00e9changes gr\u00e2ce \u00e0 une formation \u00e9coute active : d\u00e9veloppez empathie, intelligence \u00e9motionnelle et communication efficace !\" \/>\n<meta name=\"robots\" content=\"index, follow, max-snippet:-1, max-image-preview:large, max-video-preview:-1\" \/>\n<link rel=\"canonical\" href=\"https:\/\/duoveo.com\/fr\/bien-etre-relationnel\/communication-efficace\/formation-en-ecoute-active-en-groupe\/\" \/>\n<meta property=\"og:locale\" content=\"fr_FR\" \/>\n<meta property=\"og:type\" content=\"article\" \/>\n<meta property=\"og:title\" content=\"Formation en \u00e9coute active en groupe - duoveo\" \/>\n<meta property=\"og:description\" content=\"Transformez vos \u00e9changes gr\u00e2ce \u00e0 une formation \u00e9coute active : d\u00e9veloppez empathie, intelligence \u00e9motionnelle et communication efficace !\" \/>\n<meta property=\"og:url\" content=\"https:\/\/duoveo.com\/fr\/bien-etre-relationnel\/communication-efficace\/formation-en-ecoute-active-en-groupe\/\" \/>\n<meta property=\"og:site_name\" content=\"duoveo\" \/>\n<meta property=\"article:publisher\" content=\"https:\/\/facebook.com\/duoveo\" \/>\n<meta property=\"article:published_time\" content=\"2025-07-26T13:46:03+00:00\" \/>\n<meta property=\"article:modified_time\" content=\"2025-09-06T03:06:54+00:00\" \/>\n<meta property=\"og:image\" content=\"https:\/\/duoveo.com\/wp-content\/uploads\/2025\/07\/3.1.1.5_Formation-en-ecoute-active-16-9.jpg\" \/>\n\t<meta property=\"og:image:width\" content=\"1000\" \/>\n\t<meta property=\"og:image:height\" content=\"562\" \/>\n\t<meta property=\"og:image:type\" content=\"image\/jpeg\" \/>\n<meta name=\"author\" content=\"Olivier Lantier\" \/>\n<meta name=\"twitter:card\" content=\"summary_large_image\" \/>\n<meta name=\"twitter:label1\" content=\"\u00c9crit par\" \/>\n\t<meta name=\"twitter:data1\" content=\"Olivier Lantier\" \/>\n\t<meta name=\"twitter:label2\" content=\"Dur\u00e9e de lecture estim\u00e9e\" \/>\n\t<meta name=\"twitter:data2\" content=\"4 minutes\" \/>\n<script type=\"application\/ld+json\" class=\"yoast-schema-graph\">{\"@context\":\"https:\\\/\\\/schema.org\",\"@graph\":[{\"@type\":\"Article\",\"@id\":\"https:\\\/\\\/duoveo.com\\\/fr\\\/bien-etre-relationnel\\\/communication-efficace\\\/formation-en-ecoute-active-en-groupe\\\/#article\",\"isPartOf\":{\"@id\":\"https:\\\/\\\/duoveo.com\\\/fr\\\/bien-etre-relationnel\\\/communication-efficace\\\/formation-en-ecoute-active-en-groupe\\\/\"},\"author\":{\"name\":\"Olivier Lantier\",\"@id\":\"https:\\\/\\\/duoveo.com\\\/fr\\\/#\\\/schema\\\/person\\\/8cbd14e593f990cca1ec61fbc6677f4a\"},\"headline\":\"Formation en \u00e9coute active en groupe\",\"datePublished\":\"2025-07-26T13:46:03+00:00\",\"dateModified\":\"2025-09-06T03:06:54+00:00\",\"mainEntityOfPage\":{\"@id\":\"https:\\\/\\\/duoveo.com\\\/fr\\\/bien-etre-relationnel\\\/communication-efficace\\\/formation-en-ecoute-active-en-groupe\\\/\"},\"wordCount\":869,\"publisher\":{\"@id\":\"https:\\\/\\\/duoveo.com\\\/fr\\\/#organization\"},\"image\":{\"@id\":\"https:\\\/\\\/duoveo.com\\\/fr\\\/bien-etre-relationnel\\\/communication-efficace\\\/formation-en-ecoute-active-en-groupe\\\/#primaryimage\"},\"thumbnailUrl\":\"https:\\\/\\\/duoveo.com\\\/wp-content\\\/uploads\\\/2025\\\/07\\\/3.1.1.5_Formation-en-ecoute-active-16-9.jpg\",\"keywords\":[\"388\"],\"articleSection\":[\"Communication efficace\"],\"inLanguage\":\"fr-FR\"},{\"@type\":\"WebPage\",\"@id\":\"https:\\\/\\\/duoveo.com\\\/fr\\\/bien-etre-relationnel\\\/communication-efficace\\\/formation-en-ecoute-active-en-groupe\\\/\",\"url\":\"https:\\\/\\\/duoveo.com\\\/fr\\\/bien-etre-relationnel\\\/communication-efficace\\\/formation-en-ecoute-active-en-groupe\\\/\",\"name\":\"Formation en \u00e9coute active en groupe - duoveo\",\"isPartOf\":{\"@id\":\"https:\\\/\\\/duoveo.com\\\/fr\\\/#website\"},\"primaryImageOfPage\":{\"@id\":\"https:\\\/\\\/duoveo.com\\\/fr\\\/bien-etre-relationnel\\\/communication-efficace\\\/formation-en-ecoute-active-en-groupe\\\/#primaryimage\"},\"image\":{\"@id\":\"https:\\\/\\\/duoveo.com\\\/fr\\\/bien-etre-relationnel\\\/communication-efficace\\\/formation-en-ecoute-active-en-groupe\\\/#primaryimage\"},\"thumbnailUrl\":\"https:\\\/\\\/duoveo.com\\\/wp-content\\\/uploads\\\/2025\\\/07\\\/3.1.1.5_Formation-en-ecoute-active-16-9.jpg\",\"datePublished\":\"2025-07-26T13:46:03+00:00\",\"dateModified\":\"2025-09-06T03:06:54+00:00\",\"description\":\"Transformez vos \u00e9changes gr\u00e2ce \u00e0 une formation \u00e9coute active : d\u00e9veloppez empathie, intelligence \u00e9motionnelle et communication efficace !\",\"inLanguage\":\"fr-FR\",\"potentialAction\":[{\"@type\":\"ReadAction\",\"target\":[\"https:\\\/\\\/duoveo.com\\\/fr\\\/bien-etre-relationnel\\\/communication-efficace\\\/formation-en-ecoute-active-en-groupe\\\/\"]}]},{\"@type\":\"ImageObject\",\"inLanguage\":\"fr-FR\",\"@id\":\"https:\\\/\\\/duoveo.com\\\/fr\\\/bien-etre-relationnel\\\/communication-efficace\\\/formation-en-ecoute-active-en-groupe\\\/#primaryimage\",\"url\":\"https:\\\/\\\/duoveo.com\\\/wp-content\\\/uploads\\\/2025\\\/07\\\/3.1.1.5_Formation-en-ecoute-active-16-9.jpg\",\"contentUrl\":\"https:\\\/\\\/duoveo.com\\\/wp-content\\\/uploads\\\/2025\\\/07\\\/3.1.1.5_Formation-en-ecoute-active-16-9.jpg\",\"width\":1000,\"height\":562,\"caption\":\"Multiracial business people having business training in office. Happy multiethnic employees sitting in circle on chairs during informal brainstorming, discussing, sharing ideas. Team building activity\"},{\"@type\":\"WebSite\",\"@id\":\"https:\\\/\\\/duoveo.com\\\/fr\\\/#website\",\"url\":\"https:\\\/\\\/duoveo.com\\\/fr\\\/\",\"name\":\"duoveo\",\"description\":\"Your story, beautifully told - Created with WordPress managed by IONOS\",\"publisher\":{\"@id\":\"https:\\\/\\\/duoveo.com\\\/fr\\\/#organization\"},\"potentialAction\":[{\"@type\":\"SearchAction\",\"target\":{\"@type\":\"EntryPoint\",\"urlTemplate\":\"https:\\\/\\\/duoveo.com\\\/fr\\\/?s={search_term_string}\"},\"query-input\":{\"@type\":\"PropertyValueSpecification\",\"valueRequired\":true,\"valueName\":\"search_term_string\"}}],\"inLanguage\":\"fr-FR\"},{\"@type\":\"Organization\",\"@id\":\"https:\\\/\\\/duoveo.com\\\/fr\\\/#organization\",\"name\":\"duoveo\",\"url\":\"https:\\\/\\\/duoveo.com\\\/fr\\\/\",\"logo\":{\"@type\":\"ImageObject\",\"inLanguage\":\"fr-FR\",\"@id\":\"https:\\\/\\\/duoveo.com\\\/fr\\\/#\\\/schema\\\/logo\\\/image\\\/\",\"url\":\"https:\\\/\\\/duoveo.com\\\/wp-content\\\/uploads\\\/2022\\\/03\\\/DuoVeo_logo-black_256.png\",\"contentUrl\":\"https:\\\/\\\/duoveo.com\\\/wp-content\\\/uploads\\\/2022\\\/03\\\/DuoVeo_logo-black_256.png\",\"width\":256,\"height\":256,\"caption\":\"duoveo\"},\"image\":{\"@id\":\"https:\\\/\\\/duoveo.com\\\/fr\\\/#\\\/schema\\\/logo\\\/image\\\/\"},\"sameAs\":[\"https:\\\/\\\/facebook.com\\\/duoveo\",\"https:\\\/\\\/www.instagram.com\\\/duo.veo\\\/\"]},{\"@type\":\"Person\",\"@id\":\"https:\\\/\\\/duoveo.com\\\/fr\\\/#\\\/schema\\\/person\\\/8cbd14e593f990cca1ec61fbc6677f4a\",\"name\":\"Olivier Lantier\"}]}<\/script>\n<!-- \/ Yoast SEO Premium plugin. -->","yoast_head_json":{"title":"Formation en \u00e9coute active en groupe - duoveo","description":"Transformez vos \u00e9changes gr\u00e2ce \u00e0 une formation \u00e9coute active : d\u00e9veloppez empathie, intelligence \u00e9motionnelle et communication efficace !","robots":{"index":"index","follow":"follow","max-snippet":"max-snippet:-1","max-image-preview":"max-image-preview:large","max-video-preview":"max-video-preview:-1"},"canonical":"https:\/\/duoveo.com\/fr\/bien-etre-relationnel\/communication-efficace\/formation-en-ecoute-active-en-groupe\/","og_locale":"fr_FR","og_type":"article","og_title":"Formation en \u00e9coute active en groupe - duoveo","og_description":"Transformez vos \u00e9changes gr\u00e2ce \u00e0 une formation \u00e9coute active : d\u00e9veloppez empathie, intelligence \u00e9motionnelle et communication efficace !","og_url":"https:\/\/duoveo.com\/fr\/bien-etre-relationnel\/communication-efficace\/formation-en-ecoute-active-en-groupe\/","og_site_name":"duoveo","article_publisher":"https:\/\/facebook.com\/duoveo","article_published_time":"2025-07-26T13:46:03+00:00","article_modified_time":"2025-09-06T03:06:54+00:00","og_image":[{"width":1000,"height":562,"url":"https:\/\/duoveo.com\/wp-content\/uploads\/2025\/07\/3.1.1.5_Formation-en-ecoute-active-16-9.jpg","type":"image\/jpeg"}],"author":"Olivier Lantier","twitter_card":"summary_large_image","twitter_misc":{"\u00c9crit par":"Olivier Lantier","Dur\u00e9e de lecture estim\u00e9e":"4 minutes"},"schema":{"@context":"https:\/\/schema.org","@graph":[{"@type":"Article","@id":"https:\/\/duoveo.com\/fr\/bien-etre-relationnel\/communication-efficace\/formation-en-ecoute-active-en-groupe\/#article","isPartOf":{"@id":"https:\/\/duoveo.com\/fr\/bien-etre-relationnel\/communication-efficace\/formation-en-ecoute-active-en-groupe\/"},"author":{"name":"Olivier Lantier","@id":"https:\/\/duoveo.com\/fr\/#\/schema\/person\/8cbd14e593f990cca1ec61fbc6677f4a"},"headline":"Formation en \u00e9coute active en groupe","datePublished":"2025-07-26T13:46:03+00:00","dateModified":"2025-09-06T03:06:54+00:00","mainEntityOfPage":{"@id":"https:\/\/duoveo.com\/fr\/bien-etre-relationnel\/communication-efficace\/formation-en-ecoute-active-en-groupe\/"},"wordCount":869,"publisher":{"@id":"https:\/\/duoveo.com\/fr\/#organization"},"image":{"@id":"https:\/\/duoveo.com\/fr\/bien-etre-relationnel\/communication-efficace\/formation-en-ecoute-active-en-groupe\/#primaryimage"},"thumbnailUrl":"https:\/\/duoveo.com\/wp-content\/uploads\/2025\/07\/3.1.1.5_Formation-en-ecoute-active-16-9.jpg","keywords":["388"],"articleSection":["Communication efficace"],"inLanguage":"fr-FR"},{"@type":"WebPage","@id":"https:\/\/duoveo.com\/fr\/bien-etre-relationnel\/communication-efficace\/formation-en-ecoute-active-en-groupe\/","url":"https:\/\/duoveo.com\/fr\/bien-etre-relationnel\/communication-efficace\/formation-en-ecoute-active-en-groupe\/","name":"Formation en \u00e9coute active en groupe - duoveo","isPartOf":{"@id":"https:\/\/duoveo.com\/fr\/#website"},"primaryImageOfPage":{"@id":"https:\/\/duoveo.com\/fr\/bien-etre-relationnel\/communication-efficace\/formation-en-ecoute-active-en-groupe\/#primaryimage"},"image":{"@id":"https:\/\/duoveo.com\/fr\/bien-etre-relationnel\/communication-efficace\/formation-en-ecoute-active-en-groupe\/#primaryimage"},"thumbnailUrl":"https:\/\/duoveo.com\/wp-content\/uploads\/2025\/07\/3.1.1.5_Formation-en-ecoute-active-16-9.jpg","datePublished":"2025-07-26T13:46:03+00:00","dateModified":"2025-09-06T03:06:54+00:00","description":"Transformez vos \u00e9changes gr\u00e2ce \u00e0 une formation \u00e9coute active : d\u00e9veloppez empathie, intelligence \u00e9motionnelle et communication efficace !","inLanguage":"fr-FR","potentialAction":[{"@type":"ReadAction","target":["https:\/\/duoveo.com\/fr\/bien-etre-relationnel\/communication-efficace\/formation-en-ecoute-active-en-groupe\/"]}]},{"@type":"ImageObject","inLanguage":"fr-FR","@id":"https:\/\/duoveo.com\/fr\/bien-etre-relationnel\/communication-efficace\/formation-en-ecoute-active-en-groupe\/#primaryimage","url":"https:\/\/duoveo.com\/wp-content\/uploads\/2025\/07\/3.1.1.5_Formation-en-ecoute-active-16-9.jpg","contentUrl":"https:\/\/duoveo.com\/wp-content\/uploads\/2025\/07\/3.1.1.5_Formation-en-ecoute-active-16-9.jpg","width":1000,"height":562,"caption":"Multiracial business people having business training in office. Happy multiethnic employees sitting in circle on chairs during informal brainstorming, discussing, sharing ideas. Team building activity"},{"@type":"WebSite","@id":"https:\/\/duoveo.com\/fr\/#website","url":"https:\/\/duoveo.com\/fr\/","name":"duoveo","description":"Your story, beautifully told - Created with WordPress managed by IONOS","publisher":{"@id":"https:\/\/duoveo.com\/fr\/#organization"},"potentialAction":[{"@type":"SearchAction","target":{"@type":"EntryPoint","urlTemplate":"https:\/\/duoveo.com\/fr\/?s={search_term_string}"},"query-input":{"@type":"PropertyValueSpecification","valueRequired":true,"valueName":"search_term_string"}}],"inLanguage":"fr-FR"},{"@type":"Organization","@id":"https:\/\/duoveo.com\/fr\/#organization","name":"duoveo","url":"https:\/\/duoveo.com\/fr\/","logo":{"@type":"ImageObject","inLanguage":"fr-FR","@id":"https:\/\/duoveo.com\/fr\/#\/schema\/logo\/image\/","url":"https:\/\/duoveo.com\/wp-content\/uploads\/2022\/03\/DuoVeo_logo-black_256.png","contentUrl":"https:\/\/duoveo.com\/wp-content\/uploads\/2022\/03\/DuoVeo_logo-black_256.png","width":256,"height":256,"caption":"duoveo"},"image":{"@id":"https:\/\/duoveo.com\/fr\/#\/schema\/logo\/image\/"},"sameAs":["https:\/\/facebook.com\/duoveo","https:\/\/www.instagram.com\/duo.veo\/"]},{"@type":"Person","@id":"https:\/\/duoveo.com\/fr\/#\/schema\/person\/8cbd14e593f990cca1ec61fbc6677f4a","name":"Olivier Lantier"}]}},"_links":{"self":[{"href":"https:\/\/duoveo.com\/fr\/wp-json\/wp\/v2\/posts\/21347","targetHints":{"allow":["GET"]}}],"collection":[{"href":"https:\/\/duoveo.com\/fr\/wp-json\/wp\/v2\/posts"}],"about":[{"href":"https:\/\/duoveo.com\/fr\/wp-json\/wp\/v2\/types\/post"}],"author":[{"embeddable":true,"href":"https:\/\/duoveo.com\/fr\/wp-json\/wp\/v2\/users\/19"}],"replies":[{"embeddable":true,"href":"https:\/\/duoveo.com\/fr\/wp-json\/wp\/v2\/comments?post=21347"}],"version-history":[{"count":3,"href":"https:\/\/duoveo.com\/fr\/wp-json\/wp\/v2\/posts\/21347\/revisions"}],"predecessor-version":[{"id":22539,"href":"https:\/\/duoveo.com\/fr\/wp-json\/wp\/v2\/posts\/21347\/revisions\/22539"}],"wp:featuredmedia":[{"embeddable":true,"href":"https:\/\/duoveo.com\/fr\/wp-json\/wp\/v2\/media\/21348"}],"wp:attachment":[{"href":"https:\/\/duoveo.com\/fr\/wp-json\/wp\/v2\/media?parent=21347"}],"wp:term":[{"taxonomy":"category","embeddable":true,"href":"https:\/\/duoveo.com\/fr\/wp-json\/wp\/v2\/categories?post=21347"},{"taxonomy":"post_tag","embeddable":true,"href":"https:\/\/duoveo.com\/fr\/wp-json\/wp\/v2\/tags?post=21347"}],"curies":[{"name":"wp","href":"https:\/\/api.w.org\/{rel}","templated":true}]}}