{"id":21435,"date":"2025-07-27T14:40:28","date_gmt":"2025-07-27T14:40:28","guid":{"rendered":"https:\/\/duoveo.com\/?p=21435"},"modified":"2025-09-03T03:25:51","modified_gmt":"2025-09-03T03:25:51","slug":"projets-communs-en-famille","status":"publish","type":"post","link":"https:\/\/duoveo.com\/fr\/bien-etre-relationnel\/renforcement-des-liens-familiaux\/projets-communs-en-famille\/","title":{"rendered":"Projets communs en famille"},"content":{"rendered":"\n<h1 class=\"wp-block-heading\" id=\"h-\"><\/h1>\n\n\n\n<h3 class=\"wp-block-heading\" id=\"h-quand-l-aventure-devient-lien\">Quand l\u2019aventure devient lien<\/h3>\n\n\n\n<p>Et si le ciment des relations familiales se trouvait dans un pot de peinture, au c\u0153ur d\u2019un potager, ou derri\u00e8re un plan de cuisine improvis\u00e9 ? Derri\u00e8re leur simplicit\u00e9 apparente, les projets communs en famille sont de v\u00e9ritables tr\u00e9sors pour tisser, r\u00e9parer ou approfondir les liens entre les membres d\u2019un foyer. On parle ici de ces aventures collectives, petites ou grandes, qui transforment le quotidien en terrain de complicit\u00e9 : construire une cabane, r\u00e9nover une pi\u00e8ce, organiser une f\u00eate, \u00e9crire une chanson, monter un spectacle, imaginer une entreprise ou&#8230; partir \u00e0 la conqu\u00eate du z\u00e9ro d\u00e9chet !<\/p>\n\n\n\n<p>Au-del\u00e0 du plaisir imm\u00e9diat de faire ensemble, ces projets sont des catalyseurs de confiance, d\u2019\u00e9coute et de joie partag\u00e9e. Ils nous reconnectent les uns aux autres, loin des \u00e9crans et du vacarme du monde, dans un espace o\u00f9 chacun peut contribuer \u00e0 sa mani\u00e8re. Bien plus qu\u2019une activit\u00e9 \u00e0 caser dans un agenda trop rempli, c\u2019est un rendez-vous avec ce qu\u2019il y a de plus vivant dans le lien familial.<\/p>\n\n\n\n<hr class=\"wp-block-separator has-alpha-channel-opacity\"\/>\n\n\n\n<h2 class=\"wp-block-heading\" id=\"h-l-elan-du-faire-ensemble\">L\u2019\u00e9lan du \u00ab\u00a0faire ensemble\u00a0\u00bb<\/h2>\n\n\n\n<p>Dans une soci\u00e9t\u00e9 qui valorise la performance individuelle et la rapidit\u00e9, prendre le temps de construire quelque chose ensemble rel\u00e8ve presque de la r\u00e9sistance joyeuse. Les projets communs, qu\u2019ils soient cr\u00e9atifs, manuels, intellectuels ou citoyens, permettent de ralentir et d\u2019entrer dans une autre temporalit\u00e9 : celle du partage.<\/p>\n\n\n\n<p>La magie op\u00e8re d\u00e8s la phase de pr\u00e9paration. On r\u00eave, on d\u00e9bat, on imagine, on rit. Chaque id\u00e9e compte. M\u00eame celle du petit dernier qui veut peindre le salon en arc-en-ciel. C\u2019est l\u2019occasion d\u2019apprendre \u00e0 \u00e9couter sans juger, \u00e0 composer avec les d\u00e9sirs des autres. Ensuite, vient le temps de la r\u00e9alisation, avec son lot de rebondissements, de conflits (eh oui, le choix de la couleur du mur peut tourner au duel \u00e9pique), mais aussi de fous rires et de r\u00e9ussites inattendues.<\/p>\n\n\n\n<p>C\u2019est dans cette dynamique que se cr\u00e9ent des souvenirs communs puissants. Et contrairement \u00e0 une croyance tenace, il n\u2019est pas n\u00e9cessaire de partir \u00e0 l\u2019autre bout du monde ou d\u2019avoir un budget cons\u00e9quent pour vivre cela. Une bo\u00eete \u00e0 id\u00e9es, un peu de bonne volont\u00e9, et voil\u00e0 l\u2019aventure qui commence.<\/p>\n\n\n\n<hr class=\"wp-block-separator has-alpha-channel-opacity\"\/>\n\n\n\n<h2 class=\"wp-block-heading\" id=\"h-petits-projets-grands-effets\">Petits projets, grands effets<\/h2>\n\n\n\n<p>Certains projets paraissent modestes, presque insignifiants. Et pourtant, leur impact est profond. Voici quelques exemples de projets familiaux qui, mine de rien, changent tout :<\/p>\n\n\n\n<ul class=\"wp-block-list\">\n<li><strong>Un jardin partag\u00e9 dans le jardin familial<\/strong> : apprendre \u00e0 planter, arroser, r\u00e9colter ensemble. Observer la nature, patienter, et f\u00eater la premi\u00e8re fraise avec une fiert\u00e9 digne des grands chefs \u00e9toil\u00e9s.<\/li>\n\n\n\n<li><strong>Un carnet de recettes \u00e0 transmettre<\/strong> : chacun y inscrit ses plats pr\u00e9f\u00e9r\u00e9s, ses astuces de grand-m\u00e8re, ses anecdotes culinaires. On le r\u00e9dige, on le met en page, on le relie&#8230; Et on le savoure, autant dans la bouche que dans le c\u0153ur.<\/li>\n\n\n\n<li><strong>Un projet solidaire<\/strong> : organiser une collecte pour une association locale, fabriquer des cartes pour des personnes isol\u00e9es, ou encore participer \u00e0 un nettoyage de quartier. Rien de tel pour souder la famille autour de valeurs fortes.<\/li>\n\n\n\n<li><strong>Un d\u00e9fi familial<\/strong> : un mois sans plastique, une semaine v\u00e9g\u00e9tarienne, 15 jours sans \u00e9cran apr\u00e8s 19h. Loin d\u2019\u00eatre des contraintes, ces d\u00e9fis deviennent des jeux, des prises de conscience, et surtout des terrains d\u2019entraide.<\/li>\n<\/ul>\n\n\n\n<hr class=\"wp-block-separator has-alpha-channel-opacity\"\/>\n\n\n\n<h2 class=\"wp-block-heading\" id=\"h-chacun-son-role-chacun-sa-place\">Chacun son r\u00f4le, chacun sa place<\/h2>\n\n\n\n<p>Dans un projet commun, il ne s\u2019agit pas d\u2019\u00eatre tous bons partout, mais de valoriser les talents de chacun. Le bricoleur, l\u2019artiste, le strat\u00e8ge, le m\u00e9diateur\u2026 Chaque personnalit\u00e9 trouve son utilit\u00e9.<\/p>\n\n\n\n<p>Les enfants adorent quand on leur confie de \u00ab\u00a0vraies\u00a0\u00bb missions. Ils se sentent responsabilis\u00e9s, reconnus, valoris\u00e9s. M\u00eame les plus petits peuvent visser, d\u00e9corer, transporter, organiser. Quant aux adolescents, parfois enclins \u00e0 fuir les r\u00e9unions de famille, ils sont souvent \u00e9tonnamment motiv\u00e9s si on leur confie une fonction centrale : photographe du projet, gestionnaire du budget, ou coordinateur des plannings (avec une appli s\u2019il vous pla\u00eet !).<\/p>\n\n\n\n<p>Et puis, au d\u00e9tour d\u2019un projet, on d\u00e9couvre son fr\u00e8re sous un jour nouveau, on admire la patience de sa s\u0153ur, on comprend enfin pourquoi papa d\u00e9teste les notices. Ces moments hors des r\u00f4les habituels bousculent les habitudes et permettent de se rencontrer autrement.<\/p>\n\n\n\n<hr class=\"wp-block-separator has-alpha-channel-opacity\"\/>\n\n\n\n<h2 class=\"wp-block-heading\" id=\"h-apprivoiser-les-conflits-et-en-rire\">Apprivoiser les conflits\u2026 et en rire<\/h2>\n\n\n\n<p>Oui, faire ensemble, c\u2019est aussi se disputer ensemble. Mais bonne nouvelle : les d\u00e9saccords ne sont pas des failles, ce sont des opportunit\u00e9s. L\u2019occasion d\u2019apprendre \u00e0 argumenter sans s\u2019\u00e9triper, \u00e0 faire preuve de souplesse, \u00e0 accepter de ne pas tout contr\u00f4ler.<\/p>\n\n\n\n<p>Mieux encore, ces conflits peuvent devenir des anecdotes mythiques. Qui n\u2019a jamais ri en repensant \u00e0 \u00ab\u00a0la fameuse \u00e9tag\u00e8re mont\u00e9e \u00e0 l\u2019envers\u00a0\u00bb ou \u00ab\u00a0le jour o\u00f9 tout le monde a fini couvert de peinture\u00a0\u00bb ? C\u2019est cette capacit\u00e9 \u00e0 transformer les rat\u00e9s en souvenirs joyeux qui renforce la complicit\u00e9.<\/p>\n\n\n\n<hr class=\"wp-block-separator has-alpha-channel-opacity\"\/>\n\n\n\n<h2 class=\"wp-block-heading\" id=\"h-transmettre-sans-avoir-l-air-d-y-toucher\">Transmettre, sans avoir l\u2019air d\u2019y toucher<\/h2>\n\n\n\n<p>Les projets communs sont aussi un merveilleux vecteur de transmission. On y apprend des savoir-faire, des valeurs, des gestes concrets qui font sens. Mais surtout, on y d\u00e9couvre un art de vivre ensemble.<\/p>\n\n\n\n<p>Ce n\u2019est pas tant ce qu\u2019on fait qui compte, mais <strong>la mani\u00e8re dont on le fait<\/strong>. Dans le respect, l\u2019\u00e9coute, la co-cr\u00e9ation. Les enfants n\u2019en retiendront peut-\u00eatre pas la recette exacte de la lasagne familiale, mais ils auront ancr\u00e9 en eux l\u2019importance du partage, de la pers\u00e9v\u00e9rance, et de la joie d\u2019achever quelque chose ensemble.<\/p>\n\n\n\n<hr class=\"wp-block-separator has-alpha-channel-opacity\"\/>\n\n\n\n<h2 class=\"wp-block-heading\" id=\"h-pour-les-familles-recomposees-ou-cabossees\">Pour les familles recompos\u00e9es ou caboss\u00e9es<\/h2>\n\n\n\n<p>Et si les projets communs \u00e9taient aussi des ponts pour recoller les morceaux, dans les familles o\u00f9 les liens sont distendus, fragiles, ou en cours de recomposition ? Parce qu\u2019ils offrent un cadre souple, joyeux et cr\u00e9atif, ils permettent de faire connaissance autrement, de cr\u00e9er une m\u00e9moire commune, de baisser les d\u00e9fenses. Ils d\u00e9dramatisent les tensions et ouvrent un espace o\u00f9 chacun peut contribuer, \u00e0 son rythme, sans pression.<\/p>\n\n\n\n<p>Pas besoin de grandes d\u00e9clarations, ni de th\u00e9rapies familiales : un projet ensemble, c\u2019est d\u00e9j\u00e0 une forme d\u2019amour en action.<\/p>\n\n\n\n<hr class=\"wp-block-separator has-alpha-channel-opacity\"\/>\n\n\n\n<h2 class=\"wp-block-heading\" id=\"h-l-apres-projet-savourer-et-capitaliser\">L&rsquo;apr\u00e8s-projet : savourer et capitaliser<\/h2>\n\n\n\n<p>Une fois le projet termin\u00e9, place \u00e0 la c\u00e9l\u00e9bration ! Un bon repas, un album photo, une petite vid\u00e9o souvenir, un article sur le blog familial\u2026 Peu importe la forme, l\u2019important est de <strong>marquer le coup<\/strong>. Ce rituel d\u2019aboutissement est essentiel : il inscrit le projet dans la m\u00e9moire familiale et valorise chaque membre pour sa contribution.<\/p>\n\n\n\n<p>Et puis, au fil du temps, les projets deviennent des rep\u00e8res, des fils rouges dans l\u2019histoire familiale. On en parle avec tendresse, on s\u2019en inspire pour les suivants. Ils deviennent des briques solides dans l\u2019\u00e9difice relationnel.<\/p>\n\n\n\n<hr class=\"wp-block-separator has-alpha-channel-opacity\"\/>\n\n\n\n<h2 class=\"wp-block-heading\" id=\"h-conclusion-construire-ensemble-pour-mieux-s-aimer\">Conclusion : construire ensemble, pour mieux s\u2019aimer<\/h2>\n\n\n\n<p>Les projets communs en famille ne sont pas des activit\u00e9s en plus dans un emploi du temps d\u00e9j\u00e0 surcharg\u00e9. Ils sont une mani\u00e8re de vivre ensemble autrement. Une fa\u00e7on joyeuse et cr\u00e9ative de faire grandir l\u2019amour, la coop\u00e9ration, la reconnaissance mutuelle.Alors\u2026 quel sera <strong>votre prochain projet familial<\/strong> ? Une fresque dans le salon, une pi\u00e8ce de th\u00e9\u00e2tre, un livre de blagues, un journal de quartier ? Peu importe. L\u2019essentiel, c\u2019est de commencer. Et d\u2019oser embarquer toute la tribu dans cette aventure o\u00f9 chacun construit, \u00e0 sa fa\u00e7on, le lien familial de demain.<\/p>\n\n\n\n<p><strong>Sources :<\/strong><\/p>\n\n\n\n<ol class=\"wp-block-list\">\n<li><strong>Cairn.info \u2013 Le r\u00f4le des activit\u00e9s partag\u00e9es dans la construction des liens familiaux<\/strong><br><a href=\"https:\/\/www.cairn.info\/revue-enfances-familles-generations-2012-1-page-45.htm\">https:\/\/www.cairn.info\/revue-enfances-familles-generations-2012-1-page-45.htm<\/a><\/li>\n\n\n\n<li><strong>\u00c9rudit \u2013 Projets collaboratifs familiaux et d\u00e9veloppement de l\u2019enfant<\/strong><br><a href=\"https:\/\/www.erudit.org\/fr\/revues\/efg\/2017-v2-n27-efg03422\/\">https:\/\/www.erudit.org\/fr\/revues\/efg\/2017-v2-n27-efg03422\/<\/a><\/li>\n\n\n\n<li><strong>Pers\u00e9e \u2013 La dynamique des interactions familiales dans les activit\u00e9s partag\u00e9es<\/strong><br><a href=\"https:\/\/www.persee.fr\/doc\/enfan_0013-7545_2000_num_53_2_3240\">https:\/\/www.persee.fr\/doc\/enfan_0013-7545_2000_num_53_2_3240<\/a><\/li>\n\n\n\n<li><strong>INJEP \u2013 Activit\u00e9s familiales et renforcement des comp\u00e9tences parentales<\/strong><br><a href=\"https:\/\/injep.fr\/publication\/activites-en-famille-et-lien-parent-enfant\/\">https:\/\/injep.fr\/publication\/activites-en-famille-et-lien-parent-enfant\/<\/a><\/li>\n\n\n\n<li><strong>La Vie des Id\u00e9es \u2013 L\u2019\u00e9ducation informelle par le faire ensemble<\/strong><br><a href=\"https:\/\/laviedesidees.fr\/L-education-informelle-par-le-faire-ensemble.html\">https:\/\/laviedesidees.fr\/L-education-informelle-par-le-faire-ensemble.html<\/a><\/li>\n<\/ol>\n","protected":false},"excerpt":{"rendered":"<p>Quand l\u2019aventure devient lien Et si le ciment des relations familiales se trouvait dans un pot de peinture, au c\u0153ur d\u2019un potager, ou derri\u00e8re un plan de cuisine improvis\u00e9 ? Derri\u00e8re leur simplicit\u00e9 apparente, les projets communs en famille sont de v\u00e9ritables tr\u00e9sors pour tisser, r\u00e9parer ou approfondir les liens entre les membres d\u2019un foyer. [&hellip;]<\/p>\n","protected":false},"author":19,"featured_media":21436,"comment_status":"closed","ping_status":"closed","sticky":false,"template":"","format":"standard","meta":{"_eb_attr":"","_monsterinsights_skip_tracking":false,"_monsterinsights_sitenote_active":false,"_monsterinsights_sitenote_note":"","_monsterinsights_sitenote_category":0,"footnotes":""},"categories":[518],"tags":[759],"class_list":["post-21435","post","type-post","status-publish","format-standard","has-post-thumbnail","hentry","category-renforcement-des-liens-familiaux","tag-759"],"yoast_head":"<!-- This site is optimized with the Yoast SEO Premium plugin v22.7 (Yoast SEO v27.5) - https:\/\/yoast.com\/product\/yoast-seo-premium-wordpress\/ -->\n<title>Projets communs en famille - duoveo<\/title>\n<meta name=\"description\" content=\"Transformez votre quotidien avec des projets communs en famille : joie, lien et souvenirs partag\u00e9s au rendez-vous !\" \/>\n<meta name=\"robots\" content=\"index, follow, max-snippet:-1, max-image-preview:large, max-video-preview:-1\" \/>\n<link rel=\"canonical\" href=\"https:\/\/duoveo.com\/fr\/bien-etre-relationnel\/renforcement-des-liens-familiaux\/projets-communs-en-famille\/\" \/>\n<meta property=\"og:locale\" content=\"fr_FR\" \/>\n<meta property=\"og:type\" content=\"article\" \/>\n<meta property=\"og:title\" content=\"Projets communs en famille - duoveo\" \/>\n<meta property=\"og:description\" content=\"Transformez votre quotidien avec des projets communs en famille : joie, lien et souvenirs partag\u00e9s au rendez-vous !\" \/>\n<meta property=\"og:url\" content=\"https:\/\/duoveo.com\/fr\/bien-etre-relationnel\/renforcement-des-liens-familiaux\/projets-communs-en-famille\/\" \/>\n<meta property=\"og:site_name\" content=\"duoveo\" \/>\n<meta property=\"article:publisher\" content=\"https:\/\/facebook.com\/duoveo\" \/>\n<meta property=\"article:published_time\" content=\"2025-07-27T14:40:28+00:00\" \/>\n<meta property=\"article:modified_time\" content=\"2025-09-03T03:25:51+00:00\" \/>\n<meta property=\"og:image\" content=\"https:\/\/duoveo.com\/wp-content\/uploads\/2025\/07\/3.2.1.2_Projets-communs-en-famille-16-9.jpg\" \/>\n\t<meta property=\"og:image:width\" content=\"1000\" \/>\n\t<meta property=\"og:image:height\" content=\"562\" \/>\n\t<meta property=\"og:image:type\" content=\"image\/jpeg\" \/>\n<meta name=\"author\" content=\"Olivier Lantier\" \/>\n<meta name=\"twitter:card\" content=\"summary_large_image\" \/>\n<meta name=\"twitter:label1\" content=\"\u00c9crit par\" \/>\n\t<meta name=\"twitter:data1\" content=\"Olivier Lantier\" \/>\n\t<meta name=\"twitter:label2\" content=\"Dur\u00e9e de lecture estim\u00e9e\" \/>\n\t<meta name=\"twitter:data2\" content=\"6 minutes\" \/>\n<script type=\"application\/ld+json\" class=\"yoast-schema-graph\">{\"@context\":\"https:\\\/\\\/schema.org\",\"@graph\":[{\"@type\":\"Article\",\"@id\":\"https:\\\/\\\/duoveo.com\\\/fr\\\/bien-etre-relationnel\\\/renforcement-des-liens-familiaux\\\/projets-communs-en-famille\\\/#article\",\"isPartOf\":{\"@id\":\"https:\\\/\\\/duoveo.com\\\/fr\\\/bien-etre-relationnel\\\/renforcement-des-liens-familiaux\\\/projets-communs-en-famille\\\/\"},\"author\":{\"name\":\"Olivier Lantier\",\"@id\":\"https:\\\/\\\/duoveo.com\\\/fr\\\/#\\\/schema\\\/person\\\/8cbd14e593f990cca1ec61fbc6677f4a\"},\"headline\":\"Projets communs en famille\",\"datePublished\":\"2025-07-27T14:40:28+00:00\",\"dateModified\":\"2025-09-03T03:25:51+00:00\",\"mainEntityOfPage\":{\"@id\":\"https:\\\/\\\/duoveo.com\\\/fr\\\/bien-etre-relationnel\\\/renforcement-des-liens-familiaux\\\/projets-communs-en-famille\\\/\"},\"wordCount\":1376,\"publisher\":{\"@id\":\"https:\\\/\\\/duoveo.com\\\/fr\\\/#organization\"},\"image\":{\"@id\":\"https:\\\/\\\/duoveo.com\\\/fr\\\/bien-etre-relationnel\\\/renforcement-des-liens-familiaux\\\/projets-communs-en-famille\\\/#primaryimage\"},\"thumbnailUrl\":\"https:\\\/\\\/duoveo.com\\\/wp-content\\\/uploads\\\/2025\\\/07\\\/3.2.1.2_Projets-communs-en-famille-16-9.jpg\",\"keywords\":[\"410\"],\"articleSection\":[\"Renforcement des liens familiaux\"],\"inLanguage\":\"fr-FR\"},{\"@type\":\"WebPage\",\"@id\":\"https:\\\/\\\/duoveo.com\\\/fr\\\/bien-etre-relationnel\\\/renforcement-des-liens-familiaux\\\/projets-communs-en-famille\\\/\",\"url\":\"https:\\\/\\\/duoveo.com\\\/fr\\\/bien-etre-relationnel\\\/renforcement-des-liens-familiaux\\\/projets-communs-en-famille\\\/\",\"name\":\"Projets communs en famille - duoveo\",\"isPartOf\":{\"@id\":\"https:\\\/\\\/duoveo.com\\\/fr\\\/#website\"},\"primaryImageOfPage\":{\"@id\":\"https:\\\/\\\/duoveo.com\\\/fr\\\/bien-etre-relationnel\\\/renforcement-des-liens-familiaux\\\/projets-communs-en-famille\\\/#primaryimage\"},\"image\":{\"@id\":\"https:\\\/\\\/duoveo.com\\\/fr\\\/bien-etre-relationnel\\\/renforcement-des-liens-familiaux\\\/projets-communs-en-famille\\\/#primaryimage\"},\"thumbnailUrl\":\"https:\\\/\\\/duoveo.com\\\/wp-content\\\/uploads\\\/2025\\\/07\\\/3.2.1.2_Projets-communs-en-famille-16-9.jpg\",\"datePublished\":\"2025-07-27T14:40:28+00:00\",\"dateModified\":\"2025-09-03T03:25:51+00:00\",\"description\":\"Transformez votre quotidien avec des projets communs en famille : joie, lien et souvenirs partag\u00e9s au rendez-vous !\",\"inLanguage\":\"fr-FR\",\"potentialAction\":[{\"@type\":\"ReadAction\",\"target\":[\"https:\\\/\\\/duoveo.com\\\/fr\\\/bien-etre-relationnel\\\/renforcement-des-liens-familiaux\\\/projets-communs-en-famille\\\/\"]}]},{\"@type\":\"ImageObject\",\"inLanguage\":\"fr-FR\",\"@id\":\"https:\\\/\\\/duoveo.com\\\/fr\\\/bien-etre-relationnel\\\/renforcement-des-liens-familiaux\\\/projets-communs-en-famille\\\/#primaryimage\",\"url\":\"https:\\\/\\\/duoveo.com\\\/wp-content\\\/uploads\\\/2025\\\/07\\\/3.2.1.2_Projets-communs-en-famille-16-9.jpg\",\"contentUrl\":\"https:\\\/\\\/duoveo.com\\\/wp-content\\\/uploads\\\/2025\\\/07\\\/3.2.1.2_Projets-communs-en-famille-16-9.jpg\",\"width\":1000,\"height\":562,\"caption\":\"Young man with little 5 years old girl gardening.\"},{\"@type\":\"WebSite\",\"@id\":\"https:\\\/\\\/duoveo.com\\\/fr\\\/#website\",\"url\":\"https:\\\/\\\/duoveo.com\\\/fr\\\/\",\"name\":\"duoveo\",\"description\":\"Your story, beautifully told - Created with WordPress managed by IONOS\",\"publisher\":{\"@id\":\"https:\\\/\\\/duoveo.com\\\/fr\\\/#organization\"},\"potentialAction\":[{\"@type\":\"SearchAction\",\"target\":{\"@type\":\"EntryPoint\",\"urlTemplate\":\"https:\\\/\\\/duoveo.com\\\/fr\\\/?s={search_term_string}\"},\"query-input\":{\"@type\":\"PropertyValueSpecification\",\"valueRequired\":true,\"valueName\":\"search_term_string\"}}],\"inLanguage\":\"fr-FR\"},{\"@type\":\"Organization\",\"@id\":\"https:\\\/\\\/duoveo.com\\\/fr\\\/#organization\",\"name\":\"duoveo\",\"url\":\"https:\\\/\\\/duoveo.com\\\/fr\\\/\",\"logo\":{\"@type\":\"ImageObject\",\"inLanguage\":\"fr-FR\",\"@id\":\"https:\\\/\\\/duoveo.com\\\/fr\\\/#\\\/schema\\\/logo\\\/image\\\/\",\"url\":\"https:\\\/\\\/duoveo.com\\\/wp-content\\\/uploads\\\/2022\\\/03\\\/DuoVeo_logo-black_256.png\",\"contentUrl\":\"https:\\\/\\\/duoveo.com\\\/wp-content\\\/uploads\\\/2022\\\/03\\\/DuoVeo_logo-black_256.png\",\"width\":256,\"height\":256,\"caption\":\"duoveo\"},\"image\":{\"@id\":\"https:\\\/\\\/duoveo.com\\\/fr\\\/#\\\/schema\\\/logo\\\/image\\\/\"},\"sameAs\":[\"https:\\\/\\\/facebook.com\\\/duoveo\",\"https:\\\/\\\/www.instagram.com\\\/duo.veo\\\/\"]},{\"@type\":\"Person\",\"@id\":\"https:\\\/\\\/duoveo.com\\\/fr\\\/#\\\/schema\\\/person\\\/8cbd14e593f990cca1ec61fbc6677f4a\",\"name\":\"Olivier Lantier\"}]}<\/script>\n<!-- \/ Yoast SEO Premium plugin. -->","yoast_head_json":{"title":"Projets communs en famille - duoveo","description":"Transformez votre quotidien avec des projets communs en famille : joie, lien et souvenirs partag\u00e9s au rendez-vous !","robots":{"index":"index","follow":"follow","max-snippet":"max-snippet:-1","max-image-preview":"max-image-preview:large","max-video-preview":"max-video-preview:-1"},"canonical":"https:\/\/duoveo.com\/fr\/bien-etre-relationnel\/renforcement-des-liens-familiaux\/projets-communs-en-famille\/","og_locale":"fr_FR","og_type":"article","og_title":"Projets communs en famille - duoveo","og_description":"Transformez votre quotidien avec des projets communs en famille : joie, lien et souvenirs partag\u00e9s au rendez-vous !","og_url":"https:\/\/duoveo.com\/fr\/bien-etre-relationnel\/renforcement-des-liens-familiaux\/projets-communs-en-famille\/","og_site_name":"duoveo","article_publisher":"https:\/\/facebook.com\/duoveo","article_published_time":"2025-07-27T14:40:28+00:00","article_modified_time":"2025-09-03T03:25:51+00:00","og_image":[{"width":1000,"height":562,"url":"https:\/\/duoveo.com\/wp-content\/uploads\/2025\/07\/3.2.1.2_Projets-communs-en-famille-16-9.jpg","type":"image\/jpeg"}],"author":"Olivier Lantier","twitter_card":"summary_large_image","twitter_misc":{"\u00c9crit par":"Olivier Lantier","Dur\u00e9e de lecture estim\u00e9e":"6 minutes"},"schema":{"@context":"https:\/\/schema.org","@graph":[{"@type":"Article","@id":"https:\/\/duoveo.com\/fr\/bien-etre-relationnel\/renforcement-des-liens-familiaux\/projets-communs-en-famille\/#article","isPartOf":{"@id":"https:\/\/duoveo.com\/fr\/bien-etre-relationnel\/renforcement-des-liens-familiaux\/projets-communs-en-famille\/"},"author":{"name":"Olivier Lantier","@id":"https:\/\/duoveo.com\/fr\/#\/schema\/person\/8cbd14e593f990cca1ec61fbc6677f4a"},"headline":"Projets communs en famille","datePublished":"2025-07-27T14:40:28+00:00","dateModified":"2025-09-03T03:25:51+00:00","mainEntityOfPage":{"@id":"https:\/\/duoveo.com\/fr\/bien-etre-relationnel\/renforcement-des-liens-familiaux\/projets-communs-en-famille\/"},"wordCount":1376,"publisher":{"@id":"https:\/\/duoveo.com\/fr\/#organization"},"image":{"@id":"https:\/\/duoveo.com\/fr\/bien-etre-relationnel\/renforcement-des-liens-familiaux\/projets-communs-en-famille\/#primaryimage"},"thumbnailUrl":"https:\/\/duoveo.com\/wp-content\/uploads\/2025\/07\/3.2.1.2_Projets-communs-en-famille-16-9.jpg","keywords":["410"],"articleSection":["Renforcement des liens familiaux"],"inLanguage":"fr-FR"},{"@type":"WebPage","@id":"https:\/\/duoveo.com\/fr\/bien-etre-relationnel\/renforcement-des-liens-familiaux\/projets-communs-en-famille\/","url":"https:\/\/duoveo.com\/fr\/bien-etre-relationnel\/renforcement-des-liens-familiaux\/projets-communs-en-famille\/","name":"Projets communs en famille - duoveo","isPartOf":{"@id":"https:\/\/duoveo.com\/fr\/#website"},"primaryImageOfPage":{"@id":"https:\/\/duoveo.com\/fr\/bien-etre-relationnel\/renforcement-des-liens-familiaux\/projets-communs-en-famille\/#primaryimage"},"image":{"@id":"https:\/\/duoveo.com\/fr\/bien-etre-relationnel\/renforcement-des-liens-familiaux\/projets-communs-en-famille\/#primaryimage"},"thumbnailUrl":"https:\/\/duoveo.com\/wp-content\/uploads\/2025\/07\/3.2.1.2_Projets-communs-en-famille-16-9.jpg","datePublished":"2025-07-27T14:40:28+00:00","dateModified":"2025-09-03T03:25:51+00:00","description":"Transformez votre quotidien avec des projets communs en famille : joie, lien et souvenirs partag\u00e9s au rendez-vous !","inLanguage":"fr-FR","potentialAction":[{"@type":"ReadAction","target":["https:\/\/duoveo.com\/fr\/bien-etre-relationnel\/renforcement-des-liens-familiaux\/projets-communs-en-famille\/"]}]},{"@type":"ImageObject","inLanguage":"fr-FR","@id":"https:\/\/duoveo.com\/fr\/bien-etre-relationnel\/renforcement-des-liens-familiaux\/projets-communs-en-famille\/#primaryimage","url":"https:\/\/duoveo.com\/wp-content\/uploads\/2025\/07\/3.2.1.2_Projets-communs-en-famille-16-9.jpg","contentUrl":"https:\/\/duoveo.com\/wp-content\/uploads\/2025\/07\/3.2.1.2_Projets-communs-en-famille-16-9.jpg","width":1000,"height":562,"caption":"Young man with little 5 years old girl gardening."},{"@type":"WebSite","@id":"https:\/\/duoveo.com\/fr\/#website","url":"https:\/\/duoveo.com\/fr\/","name":"duoveo","description":"Your story, beautifully told - Created with WordPress managed by IONOS","publisher":{"@id":"https:\/\/duoveo.com\/fr\/#organization"},"potentialAction":[{"@type":"SearchAction","target":{"@type":"EntryPoint","urlTemplate":"https:\/\/duoveo.com\/fr\/?s={search_term_string}"},"query-input":{"@type":"PropertyValueSpecification","valueRequired":true,"valueName":"search_term_string"}}],"inLanguage":"fr-FR"},{"@type":"Organization","@id":"https:\/\/duoveo.com\/fr\/#organization","name":"duoveo","url":"https:\/\/duoveo.com\/fr\/","logo":{"@type":"ImageObject","inLanguage":"fr-FR","@id":"https:\/\/duoveo.com\/fr\/#\/schema\/logo\/image\/","url":"https:\/\/duoveo.com\/wp-content\/uploads\/2022\/03\/DuoVeo_logo-black_256.png","contentUrl":"https:\/\/duoveo.com\/wp-content\/uploads\/2022\/03\/DuoVeo_logo-black_256.png","width":256,"height":256,"caption":"duoveo"},"image":{"@id":"https:\/\/duoveo.com\/fr\/#\/schema\/logo\/image\/"},"sameAs":["https:\/\/facebook.com\/duoveo","https:\/\/www.instagram.com\/duo.veo\/"]},{"@type":"Person","@id":"https:\/\/duoveo.com\/fr\/#\/schema\/person\/8cbd14e593f990cca1ec61fbc6677f4a","name":"Olivier Lantier"}]}},"_links":{"self":[{"href":"https:\/\/duoveo.com\/fr\/wp-json\/wp\/v2\/posts\/21435","targetHints":{"allow":["GET"]}}],"collection":[{"href":"https:\/\/duoveo.com\/fr\/wp-json\/wp\/v2\/posts"}],"about":[{"href":"https:\/\/duoveo.com\/fr\/wp-json\/wp\/v2\/types\/post"}],"author":[{"embeddable":true,"href":"https:\/\/duoveo.com\/fr\/wp-json\/wp\/v2\/users\/19"}],"replies":[{"embeddable":true,"href":"https:\/\/duoveo.com\/fr\/wp-json\/wp\/v2\/comments?post=21435"}],"version-history":[{"count":2,"href":"https:\/\/duoveo.com\/fr\/wp-json\/wp\/v2\/posts\/21435\/revisions"}],"predecessor-version":[{"id":22506,"href":"https:\/\/duoveo.com\/fr\/wp-json\/wp\/v2\/posts\/21435\/revisions\/22506"}],"wp:featuredmedia":[{"embeddable":true,"href":"https:\/\/duoveo.com\/fr\/wp-json\/wp\/v2\/media\/21436"}],"wp:attachment":[{"href":"https:\/\/duoveo.com\/fr\/wp-json\/wp\/v2\/media?parent=21435"}],"wp:term":[{"taxonomy":"category","embeddable":true,"href":"https:\/\/duoveo.com\/fr\/wp-json\/wp\/v2\/categories?post=21435"},{"taxonomy":"post_tag","embeddable":true,"href":"https:\/\/duoveo.com\/fr\/wp-json\/wp\/v2\/tags?post=21435"}],"curies":[{"name":"wp","href":"https:\/\/api.w.org\/{rel}","templated":true}]}}