{"id":21447,"date":"2025-07-27T14:50:45","date_gmt":"2025-07-27T14:50:45","guid":{"rendered":"https:\/\/duoveo.com\/?p=21447"},"modified":"2025-09-03T03:41:29","modified_gmt":"2025-09-03T03:41:29","slug":"celebrations-et-traditions-familiales","status":"publish","type":"post","link":"https:\/\/duoveo.com\/fr\/bien-etre-relationnel\/renforcement-des-liens-familiaux\/celebrations-et-traditions-familiales\/","title":{"rendered":"C\u00e9l\u00e9brations et traditions familiales"},"content":{"rendered":"\n<h1 class=\"wp-block-heading\" id=\"h-\"><\/h1>\n\n\n\n<h3 class=\"wp-block-heading\" id=\"h-des-rituels-magiques-pour-tisser-les-liens-du-coeur\">Des rituels magiques pour tisser les liens du c\u0153ur<\/h3>\n\n\n\n<p>Ah, les traditions familiales\u2026 Ces petits rendez-vous du c\u0153ur qui font p\u00e9tiller nos souvenirs et cimentent nos relations. Qu\u2019elles soient bruyantes ou discr\u00e8tes, rituelles ou spontan\u00e9es, elles poss\u00e8dent un pouvoir insoup\u00e7onn\u00e9 : celui de renforcer les liens familiaux bien au-del\u00e0 des mots. Mais qu\u2019ont donc de si magique ces c\u00e9l\u00e9brations ? Et comment les cultiver dans nos vies modernes souvent press\u00e9es ? Suivez le guide pour un voyage au pays des traditions vivantes et joyeusement affectives !<\/p>\n\n\n\n<hr class=\"wp-block-separator has-alpha-channel-opacity\"\/>\n\n\n\n<h2 class=\"wp-block-heading\" id=\"h-pourquoi-les-traditions-familiales-nous-touchent-autant\">Pourquoi les traditions familiales nous touchent autant ?<\/h2>\n\n\n\n<p>Il y a quelque chose de profond\u00e9ment humain dans le fait de se r\u00e9unir autour d\u2019un m\u00eame geste, d\u2019un m\u00eame plat ou d\u2019un m\u00eame r\u00e9cit. Les traditions familiales cr\u00e9ent une <em>continuit\u00e9<\/em>, un sentiment d&rsquo;appartenance \u00e0 quelque chose de plus grand que soi. Elles nous enracinent dans une histoire collective, nous rassurent et nous structurent.<\/p>\n\n\n\n<p>Psychologiquement, elles offrent des rep\u00e8res, surtout aux enfants : dans un monde en perp\u00e9tuel mouvement, elles sont comme des balises chaleureuses qui balisent l\u2019ann\u00e9e et la vie. Une \u00e9tude de l\u2019Universit\u00e9 de Rochester montre que les familles ayant des traditions r\u00e9guli\u00e8res vivent des niveaux de coh\u00e9sion et de satisfaction bien sup\u00e9rieurs \u00e0 celles qui en sont d\u00e9pourvues. Ce n\u2019est pas anodin : ces rituels renforcent la confiance mutuelle et nourrissent le sentiment d\u2019identit\u00e9.<\/p>\n\n\n\n<hr class=\"wp-block-separator has-alpha-channel-opacity\"\/>\n\n\n\n<h2 class=\"wp-block-heading\" id=\"h-les-celebrations-des-occasions-de-se-retrouver-vraiment\">Les c\u00e9l\u00e9brations : des occasions de se retrouver\u2026 vraiment<\/h2>\n\n\n\n<p>Que ce soit No\u00ebl, un anniversaire, P\u00e2ques, le nouvel an ou encore la simple galette des rois, chaque c\u00e9l\u00e9bration est une pause dans le quotidien. On y met les petits plats dans les grands, mais surtout\u2026 on y met du <em>temps de qualit\u00e9<\/em>. Or, ce fameux \u00ab quality time \u00bb, si souvent \u00e9voqu\u00e9 par les psychologues, est une ressource pr\u00e9cieuse pour renforcer les liens familiaux.<\/p>\n\n\n\n<p><strong>Ces moments de c\u00e9l\u00e9bration favorisent :<\/strong><\/p>\n\n\n\n<ul class=\"wp-block-list\">\n<li>La communication interg\u00e9n\u00e9rationnelle<\/li>\n\n\n\n<li>La transmission de valeurs, de souvenirs, d\u2019histoires de famille<\/li>\n\n\n\n<li>La co-cr\u00e9ation de souvenirs heureux<\/li>\n\n\n\n<li>Le plaisir partag\u00e9 (et \u00e7a, c\u2019est un vrai ciment affectif !)<\/li>\n<\/ul>\n\n\n\n<p>Mais inutile d\u2019attendre les grandes f\u00eates du calendrier : la magie op\u00e8re aussi dans les c\u00e9l\u00e9brations invent\u00e9es, comme le \u00ab\u00a0samedi pizza-pyjama\u00a0\u00bb ou la \u00ab\u00a0journ\u00e9e cr\u00eapes en camping dans le salon\u00a0\u00bb. L\u2019essentiel, c\u2019est la r\u00e9gularit\u00e9 et la joie partag\u00e9e.<\/p>\n\n\n\n<hr class=\"wp-block-separator has-alpha-channel-opacity\"\/>\n\n\n\n<h2 class=\"wp-block-heading\" id=\"h-les-traditions-familiales-ces-rituels-qui-nous-ressemblent\">Les traditions familiales : ces rituels qui nous ressemblent<\/h2>\n\n\n\n<p>Les traditions familiales n&rsquo;ont pas besoin d\u2019\u00eatre grandioses pour \u00eatre puissantes. Un mot doux gliss\u00e9 dans la bo\u00eete \u00e0 tartines du mercredi, une photo annuelle au m\u00eame endroit, une chanson entonn\u00e9e ensemble avant de dormir\u2026 ce sont souvent les rituels les plus simples qui marquent durablement les c\u0153urs.<\/p>\n\n\n\n<p>Certaines familles c\u00e9l\u00e8brent la rentr\u00e9e scolaire en allant manger une glace tous ensemble. D&rsquo;autres \u00e9crivent un mot d\u2019amour chaque 1er du mois dans un cahier commun. D\u2019autres encore organisent une balade rituelle \u00e0 chaque changement de saison. Ces traditions deviennent des rendez-vous avec soi et avec les autres.<\/p>\n\n\n\n<p><strong>Elles ont pour super-pouvoir de :<\/strong><\/p>\n\n\n\n<ul class=\"wp-block-list\">\n<li>Cr\u00e9er un sentiment de s\u00e9curit\u00e9 et de stabilit\u00e9<\/li>\n\n\n\n<li>Nourrir la complicit\u00e9 familiale<\/li>\n\n\n\n<li>Favoriser la gratitude et l\u2019attention \u00e0 l\u2019instant<\/li>\n\n\n\n<li>Donner du sens \u00e0 la vie quotidienne<\/li>\n<\/ul>\n\n\n\n<hr class=\"wp-block-separator has-alpha-channel-opacity\"\/>\n\n\n\n<h2 class=\"wp-block-heading\" id=\"h-transmettre-ou-inventer-les-deux-mon-capitaine\">Transmettre\u2026 ou inventer ? Les deux, mon capitaine !<\/h2>\n\n\n\n<p>Certaines traditions viennent de loin : elles ont \u00e9t\u00e9 transmises par les grands-parents, parfois m\u00eame issues d\u2019une culture ou d\u2019une religion. D\u2019autres naissent d\u2019un moment cocasse ou touchant qu\u2019on d\u00e9cide de revivre chaque ann\u00e9e. Et c\u2019est l\u00e0 toute la beaut\u00e9 : on peut <em>h\u00e9riter<\/em> et <em>innover<\/em>, dans un joyeux m\u00e9lange.<\/p>\n\n\n\n<p>Pourquoi ne pas cr\u00e9er une nouvelle tradition familiale autour d\u2019un atelier cr\u00e9atif, d\u2019un bain de for\u00eat, ou d\u2019un journal de gratitude collectif ? L\u2019important est qu\u2019elle ait du sens pour <em>votre<\/em> tribu. Qu\u2019elle vous ressemble. Et qu\u2019elle donne envie de se retrouver.<\/p>\n\n\n\n<hr class=\"wp-block-separator has-alpha-channel-opacity\"\/>\n\n\n\n<h2 class=\"wp-block-heading\" id=\"h-quand-les-traditions-evoluent-et-c-est-tant-mieux\">Quand les traditions \u00e9voluent\u2026 et c\u2019est tant mieux !<\/h2>\n\n\n\n<p>La vie bouge, les familles aussi. Les enfants grandissent, les emplois du temps se corsent, les s\u00e9parations ou les recompositions bouleversent parfois les habitudes. Plut\u00f4t que de s&rsquo;accrocher \u00e0 une tradition qui n\u2019a plus de sens, pourquoi ne pas l\u2019adapter ? Cr\u00e9er une version 2.0 plus souple, plus l\u00e9g\u00e8re, mais tout aussi joyeuse.<\/p>\n\n\n\n<p>Une f\u00eate d\u2019anniversaire qui ne r\u00e9unit plus toute la famille \u00e9largie peut devenir une \u00ab\u00a0soir\u00e9e souvenirs\u00a0\u00bb en petit comit\u00e9. No\u00ebl peut se r\u00e9inventer en mode \u00e9colo et solidaire. La fameuse raclette du dimanche peut devenir\u2026 une raclette du mercredi soir une semaine sur deux ! Flexibilit\u00e9 et cr\u00e9ativit\u00e9 permettent aux traditions de rester vivantes et non fig\u00e9es.<\/p>\n\n\n\n<hr class=\"wp-block-separator has-alpha-channel-opacity\"\/>\n\n\n\n<h2 class=\"wp-block-heading\" id=\"h-et-si-on-sortait-des-sentiers-battus\">Et si on sortait des sentiers battus ?<\/h2>\n\n\n\n<p>Les traditions familiales peuvent aussi \u00eatre un levier pour encourager des valeurs fortes comme la solidarit\u00e9, la transmission ou l\u2019\u00e9cologie. Quelques id\u00e9es inspirantes :<\/p>\n\n\n\n<ul class=\"wp-block-list\">\n<li><strong>Le calendrier de l\u2019Avent invers\u00e9<\/strong> : chaque jour, on d\u00e9pose un objet \u00e0 offrir \u00e0 une association.<\/li>\n\n\n\n<li><strong>La f\u00eate des r\u00e9ussites<\/strong> : chaque ann\u00e9e, on c\u00e9l\u00e8bre les petites victoires de chacun, quelle qu\u2019elles soient.<\/li>\n\n\n\n<li><strong>Le pique-nique des anc\u00eatres<\/strong> : une journ\u00e9e pour raconter des souvenirs de ceux qui ne sont plus l\u00e0.<\/li>\n\n\n\n<li><strong>La bo\u00eete \u00e0 r\u00eaves du Nouvel An<\/strong> : chaque membre y glisse un souhait pour l\u2019ann\u00e9e \u00e0 venir, qu\u2019on relira un an plus tard.<\/li>\n<\/ul>\n\n\n\n<hr class=\"wp-block-separator has-alpha-channel-opacity\"\/>\n\n\n\n<h2 class=\"wp-block-heading\" id=\"h-des-traditions-pour-reparer-et-relier\">Des traditions pour r\u00e9parer et relier<\/h2>\n\n\n\n<p>Et si certaines traditions familiales pouvaient aussi aider \u00e0 <em>r\u00e9parer<\/em> les liens ? Recr\u00e9er des rituels dans une famille bless\u00e9e, distante ou recompos\u00e9e peut \u00eatre une mani\u00e8re douce de retisser du lien. On ne force pas l\u2019\u00e9motion, mais on cr\u00e9e un cadre propice. Un rituel du dimanche midi, une journ\u00e9e sans \u00e9crans par mois, ou un atelier cuisine interg\u00e9n\u00e9rationnel sont autant de portes d\u2019entr\u00e9e pour renouer les fils.<\/p>\n\n\n\n<p>Ces temps partag\u00e9s permettent parfois de dire sans mots, d\u2019aimer sans d\u00e9clarer, d\u2019\u00eatre ensemble sans forc\u00e9ment tout r\u00e9gler. Ils offrent un espace de bienveillance, o\u00f9 les c\u0153urs peuvent s\u2019apprivoiser.<\/p>\n\n\n\n<hr class=\"wp-block-separator has-alpha-channel-opacity\"\/>\n\n\n\n<h2 class=\"wp-block-heading\" id=\"h-conclusion-les-traditions-un-art-de-vivre-ensemble\">Conclusion : les traditions, un art de vivre ensemble<\/h2>\n\n\n\n<p>Les traditions et c\u00e9l\u00e9brations familiales sont bien plus que des rendez-vous sur un calendrier : ce sont des rituels de lien, de joie, de sens. Elles n\u2019ont pas besoin d\u2019\u00eatre parfaites, ni grandioses. Elles doivent simplement \u00eatre vivantes, nourries d\u2019attention, et partag\u00e9es avec c\u0153ur.Alors, quelle tradition allez-vous cr\u00e9er ou faire revivre cette ann\u00e9e ? \ud83c\udf89<\/p>\n\n\n\n<p><strong>Sources :<\/strong><\/p>\n\n\n\n<ol class=\"wp-block-list\">\n<li><em>Les rituels familiaux, leviers de transmission et de coh\u00e9sion<\/em> \u2013 <a href=\"https:\/\/www.jdpsychologues.fr\/article\/les-rituels-familiaux-leviers-de-transmission-et-de-cohesion\">Le Journal des Psychologues<\/a><\/li>\n\n\n\n<li><em>Famille et traditions : les b\u00e9n\u00e9fices psychologiques des rituels<\/em> \u2013 <a href=\"https:\/\/www.psychologies.com\/Famille\/Education\/Articles-et-Dossiers\/Famille-et-traditions\">Psychologie.com<\/a><\/li>\n\n\n\n<li><em>Les bienfaits des rituels familiaux sur le d\u00e9veloppement des enfants<\/em> \u2013 <a href=\"https:\/\/www.santemagazine.fr\/\">Sant\u00e9 Magazine<\/a><\/li>\n\n\n\n<li><em>Rituels et rythmes familiaux : balises du quotidien<\/em> \u2013 <a href=\"https:\/\/www.enfantetvie.fr\/\">L\u2019Enfant et la Vie<\/a><\/li>\n\n\n\n<li><em>Les f\u00eates familiales comme outil de r\u00e9silience<\/em> \u2013 <a href=\"https:\/\/www.cairn.info\/revue-enfances-et-PSY-2016-4-page-30.htm\">Cairn.info<\/a><\/li>\n<\/ol>\n\n\n\n<p><\/p>\n","protected":false},"excerpt":{"rendered":"<p>Des rituels magiques pour tisser les liens du c\u0153ur Ah, les traditions familiales\u2026 Ces petits rendez-vous du c\u0153ur qui font p\u00e9tiller nos souvenirs et cimentent nos relations. Qu\u2019elles soient bruyantes ou discr\u00e8tes, rituelles ou spontan\u00e9es, elles poss\u00e8dent un pouvoir insoup\u00e7onn\u00e9 : celui de renforcer les liens familiaux bien au-del\u00e0 des mots. Mais qu\u2019ont donc de [&hellip;]<\/p>\n","protected":false},"author":19,"featured_media":21448,"comment_status":"closed","ping_status":"closed","sticky":false,"template":"","format":"standard","meta":{"_eb_attr":"","_monsterinsights_skip_tracking":false,"_monsterinsights_sitenote_active":false,"_monsterinsights_sitenote_note":"","_monsterinsights_sitenote_category":0,"footnotes":""},"categories":[518],"tags":[765],"class_list":["post-21447","post","type-post","status-publish","format-standard","has-post-thumbnail","hentry","category-renforcement-des-liens-familiaux","tag-765"],"yoast_head":"<!-- This site is optimized with the Yoast SEO Premium plugin v22.7 (Yoast SEO v27.5) - https:\/\/yoast.com\/product\/yoast-seo-premium-wordpress\/ -->\n<title>C\u00e9l\u00e9brations et traditions familiales - duoveo<\/title>\n<meta name=\"description\" content=\"Les traditions familiales tissent des liens joyeux et profonds. D\u00e9couvrez comment les cultiver avec amour et cr\u00e9ativit\u00e9 !\" \/>\n<meta name=\"robots\" content=\"index, follow, max-snippet:-1, max-image-preview:large, max-video-preview:-1\" \/>\n<link rel=\"canonical\" href=\"https:\/\/duoveo.com\/fr\/bien-etre-relationnel\/renforcement-des-liens-familiaux\/celebrations-et-traditions-familiales\/\" \/>\n<meta property=\"og:locale\" content=\"fr_FR\" \/>\n<meta property=\"og:type\" content=\"article\" \/>\n<meta property=\"og:title\" content=\"C\u00e9l\u00e9brations et traditions familiales - duoveo\" \/>\n<meta property=\"og:description\" content=\"Les traditions familiales tissent des liens joyeux et profonds. D\u00e9couvrez comment les cultiver avec amour et cr\u00e9ativit\u00e9 !\" \/>\n<meta property=\"og:url\" content=\"https:\/\/duoveo.com\/fr\/bien-etre-relationnel\/renforcement-des-liens-familiaux\/celebrations-et-traditions-familiales\/\" \/>\n<meta property=\"og:site_name\" content=\"duoveo\" \/>\n<meta property=\"article:publisher\" content=\"https:\/\/facebook.com\/duoveo\" \/>\n<meta property=\"article:published_time\" content=\"2025-07-27T14:50:45+00:00\" \/>\n<meta property=\"article:modified_time\" content=\"2025-09-03T03:41:29+00:00\" \/>\n<meta property=\"og:image\" content=\"https:\/\/duoveo.com\/wp-content\/uploads\/2025\/07\/3.2.1.5_Celebrations-et-traditions-familiales-16-9.jpg\" \/>\n\t<meta property=\"og:image:width\" content=\"1000\" \/>\n\t<meta property=\"og:image:height\" content=\"562\" \/>\n\t<meta property=\"og:image:type\" content=\"image\/jpeg\" \/>\n<meta name=\"author\" content=\"Olivier Lantier\" \/>\n<meta name=\"twitter:card\" content=\"summary_large_image\" \/>\n<meta name=\"twitter:label1\" content=\"\u00c9crit par\" \/>\n\t<meta name=\"twitter:data1\" content=\"Olivier Lantier\" \/>\n\t<meta name=\"twitter:label2\" content=\"Dur\u00e9e de lecture estim\u00e9e\" \/>\n\t<meta name=\"twitter:data2\" content=\"5 minutes\" \/>\n<script type=\"application\/ld+json\" class=\"yoast-schema-graph\">{\"@context\":\"https:\\\/\\\/schema.org\",\"@graph\":[{\"@type\":\"Article\",\"@id\":\"https:\\\/\\\/duoveo.com\\\/fr\\\/bien-etre-relationnel\\\/renforcement-des-liens-familiaux\\\/celebrations-et-traditions-familiales\\\/#article\",\"isPartOf\":{\"@id\":\"https:\\\/\\\/duoveo.com\\\/fr\\\/bien-etre-relationnel\\\/renforcement-des-liens-familiaux\\\/celebrations-et-traditions-familiales\\\/\"},\"author\":{\"name\":\"Olivier Lantier\",\"@id\":\"https:\\\/\\\/duoveo.com\\\/fr\\\/#\\\/schema\\\/person\\\/8cbd14e593f990cca1ec61fbc6677f4a\"},\"headline\":\"C\u00e9l\u00e9brations et traditions familiales\",\"datePublished\":\"2025-07-27T14:50:45+00:00\",\"dateModified\":\"2025-09-03T03:41:29+00:00\",\"mainEntityOfPage\":{\"@id\":\"https:\\\/\\\/duoveo.com\\\/fr\\\/bien-etre-relationnel\\\/renforcement-des-liens-familiaux\\\/celebrations-et-traditions-familiales\\\/\"},\"wordCount\":1184,\"publisher\":{\"@id\":\"https:\\\/\\\/duoveo.com\\\/fr\\\/#organization\"},\"image\":{\"@id\":\"https:\\\/\\\/duoveo.com\\\/fr\\\/bien-etre-relationnel\\\/renforcement-des-liens-familiaux\\\/celebrations-et-traditions-familiales\\\/#primaryimage\"},\"thumbnailUrl\":\"https:\\\/\\\/duoveo.com\\\/wp-content\\\/uploads\\\/2025\\\/07\\\/3.2.1.5_Celebrations-et-traditions-familiales-16-9.jpg\",\"keywords\":[\"413\"],\"articleSection\":[\"Renforcement des liens familiaux\"],\"inLanguage\":\"fr-FR\"},{\"@type\":\"WebPage\",\"@id\":\"https:\\\/\\\/duoveo.com\\\/fr\\\/bien-etre-relationnel\\\/renforcement-des-liens-familiaux\\\/celebrations-et-traditions-familiales\\\/\",\"url\":\"https:\\\/\\\/duoveo.com\\\/fr\\\/bien-etre-relationnel\\\/renforcement-des-liens-familiaux\\\/celebrations-et-traditions-familiales\\\/\",\"name\":\"C\u00e9l\u00e9brations et traditions familiales - duoveo\",\"isPartOf\":{\"@id\":\"https:\\\/\\\/duoveo.com\\\/fr\\\/#website\"},\"primaryImageOfPage\":{\"@id\":\"https:\\\/\\\/duoveo.com\\\/fr\\\/bien-etre-relationnel\\\/renforcement-des-liens-familiaux\\\/celebrations-et-traditions-familiales\\\/#primaryimage\"},\"image\":{\"@id\":\"https:\\\/\\\/duoveo.com\\\/fr\\\/bien-etre-relationnel\\\/renforcement-des-liens-familiaux\\\/celebrations-et-traditions-familiales\\\/#primaryimage\"},\"thumbnailUrl\":\"https:\\\/\\\/duoveo.com\\\/wp-content\\\/uploads\\\/2025\\\/07\\\/3.2.1.5_Celebrations-et-traditions-familiales-16-9.jpg\",\"datePublished\":\"2025-07-27T14:50:45+00:00\",\"dateModified\":\"2025-09-03T03:41:29+00:00\",\"description\":\"Les traditions familiales tissent des liens joyeux et profonds. D\u00e9couvrez comment les cultiver avec amour et cr\u00e9ativit\u00e9 !\",\"inLanguage\":\"fr-FR\",\"potentialAction\":[{\"@type\":\"ReadAction\",\"target\":[\"https:\\\/\\\/duoveo.com\\\/fr\\\/bien-etre-relationnel\\\/renforcement-des-liens-familiaux\\\/celebrations-et-traditions-familiales\\\/\"]}]},{\"@type\":\"ImageObject\",\"inLanguage\":\"fr-FR\",\"@id\":\"https:\\\/\\\/duoveo.com\\\/fr\\\/bien-etre-relationnel\\\/renforcement-des-liens-familiaux\\\/celebrations-et-traditions-familiales\\\/#primaryimage\",\"url\":\"https:\\\/\\\/duoveo.com\\\/wp-content\\\/uploads\\\/2025\\\/07\\\/3.2.1.5_Celebrations-et-traditions-familiales-16-9.jpg\",\"contentUrl\":\"https:\\\/\\\/duoveo.com\\\/wp-content\\\/uploads\\\/2025\\\/07\\\/3.2.1.5_Celebrations-et-traditions-familiales-16-9.jpg\",\"width\":1000,\"height\":562,\"caption\":\"Photo of big family celebrating thanksgiving day meeting together preparing main dish stuffed turkey indoors\"},{\"@type\":\"WebSite\",\"@id\":\"https:\\\/\\\/duoveo.com\\\/fr\\\/#website\",\"url\":\"https:\\\/\\\/duoveo.com\\\/fr\\\/\",\"name\":\"duoveo\",\"description\":\"Your story, beautifully told - Created with WordPress managed by IONOS\",\"publisher\":{\"@id\":\"https:\\\/\\\/duoveo.com\\\/fr\\\/#organization\"},\"potentialAction\":[{\"@type\":\"SearchAction\",\"target\":{\"@type\":\"EntryPoint\",\"urlTemplate\":\"https:\\\/\\\/duoveo.com\\\/fr\\\/?s={search_term_string}\"},\"query-input\":{\"@type\":\"PropertyValueSpecification\",\"valueRequired\":true,\"valueName\":\"search_term_string\"}}],\"inLanguage\":\"fr-FR\"},{\"@type\":\"Organization\",\"@id\":\"https:\\\/\\\/duoveo.com\\\/fr\\\/#organization\",\"name\":\"duoveo\",\"url\":\"https:\\\/\\\/duoveo.com\\\/fr\\\/\",\"logo\":{\"@type\":\"ImageObject\",\"inLanguage\":\"fr-FR\",\"@id\":\"https:\\\/\\\/duoveo.com\\\/fr\\\/#\\\/schema\\\/logo\\\/image\\\/\",\"url\":\"https:\\\/\\\/duoveo.com\\\/wp-content\\\/uploads\\\/2022\\\/03\\\/DuoVeo_logo-black_256.png\",\"contentUrl\":\"https:\\\/\\\/duoveo.com\\\/wp-content\\\/uploads\\\/2022\\\/03\\\/DuoVeo_logo-black_256.png\",\"width\":256,\"height\":256,\"caption\":\"duoveo\"},\"image\":{\"@id\":\"https:\\\/\\\/duoveo.com\\\/fr\\\/#\\\/schema\\\/logo\\\/image\\\/\"},\"sameAs\":[\"https:\\\/\\\/facebook.com\\\/duoveo\",\"https:\\\/\\\/www.instagram.com\\\/duo.veo\\\/\"]},{\"@type\":\"Person\",\"@id\":\"https:\\\/\\\/duoveo.com\\\/fr\\\/#\\\/schema\\\/person\\\/8cbd14e593f990cca1ec61fbc6677f4a\",\"name\":\"Olivier Lantier\"}]}<\/script>\n<!-- \/ Yoast SEO Premium plugin. -->","yoast_head_json":{"title":"C\u00e9l\u00e9brations et traditions familiales - duoveo","description":"Les traditions familiales tissent des liens joyeux et profonds. D\u00e9couvrez comment les cultiver avec amour et cr\u00e9ativit\u00e9 !","robots":{"index":"index","follow":"follow","max-snippet":"max-snippet:-1","max-image-preview":"max-image-preview:large","max-video-preview":"max-video-preview:-1"},"canonical":"https:\/\/duoveo.com\/fr\/bien-etre-relationnel\/renforcement-des-liens-familiaux\/celebrations-et-traditions-familiales\/","og_locale":"fr_FR","og_type":"article","og_title":"C\u00e9l\u00e9brations et traditions familiales - duoveo","og_description":"Les traditions familiales tissent des liens joyeux et profonds. D\u00e9couvrez comment les cultiver avec amour et cr\u00e9ativit\u00e9 !","og_url":"https:\/\/duoveo.com\/fr\/bien-etre-relationnel\/renforcement-des-liens-familiaux\/celebrations-et-traditions-familiales\/","og_site_name":"duoveo","article_publisher":"https:\/\/facebook.com\/duoveo","article_published_time":"2025-07-27T14:50:45+00:00","article_modified_time":"2025-09-03T03:41:29+00:00","og_image":[{"width":1000,"height":562,"url":"https:\/\/duoveo.com\/wp-content\/uploads\/2025\/07\/3.2.1.5_Celebrations-et-traditions-familiales-16-9.jpg","type":"image\/jpeg"}],"author":"Olivier Lantier","twitter_card":"summary_large_image","twitter_misc":{"\u00c9crit par":"Olivier Lantier","Dur\u00e9e de lecture estim\u00e9e":"5 minutes"},"schema":{"@context":"https:\/\/schema.org","@graph":[{"@type":"Article","@id":"https:\/\/duoveo.com\/fr\/bien-etre-relationnel\/renforcement-des-liens-familiaux\/celebrations-et-traditions-familiales\/#article","isPartOf":{"@id":"https:\/\/duoveo.com\/fr\/bien-etre-relationnel\/renforcement-des-liens-familiaux\/celebrations-et-traditions-familiales\/"},"author":{"name":"Olivier Lantier","@id":"https:\/\/duoveo.com\/fr\/#\/schema\/person\/8cbd14e593f990cca1ec61fbc6677f4a"},"headline":"C\u00e9l\u00e9brations et traditions familiales","datePublished":"2025-07-27T14:50:45+00:00","dateModified":"2025-09-03T03:41:29+00:00","mainEntityOfPage":{"@id":"https:\/\/duoveo.com\/fr\/bien-etre-relationnel\/renforcement-des-liens-familiaux\/celebrations-et-traditions-familiales\/"},"wordCount":1184,"publisher":{"@id":"https:\/\/duoveo.com\/fr\/#organization"},"image":{"@id":"https:\/\/duoveo.com\/fr\/bien-etre-relationnel\/renforcement-des-liens-familiaux\/celebrations-et-traditions-familiales\/#primaryimage"},"thumbnailUrl":"https:\/\/duoveo.com\/wp-content\/uploads\/2025\/07\/3.2.1.5_Celebrations-et-traditions-familiales-16-9.jpg","keywords":["413"],"articleSection":["Renforcement des liens familiaux"],"inLanguage":"fr-FR"},{"@type":"WebPage","@id":"https:\/\/duoveo.com\/fr\/bien-etre-relationnel\/renforcement-des-liens-familiaux\/celebrations-et-traditions-familiales\/","url":"https:\/\/duoveo.com\/fr\/bien-etre-relationnel\/renforcement-des-liens-familiaux\/celebrations-et-traditions-familiales\/","name":"C\u00e9l\u00e9brations et traditions familiales - duoveo","isPartOf":{"@id":"https:\/\/duoveo.com\/fr\/#website"},"primaryImageOfPage":{"@id":"https:\/\/duoveo.com\/fr\/bien-etre-relationnel\/renforcement-des-liens-familiaux\/celebrations-et-traditions-familiales\/#primaryimage"},"image":{"@id":"https:\/\/duoveo.com\/fr\/bien-etre-relationnel\/renforcement-des-liens-familiaux\/celebrations-et-traditions-familiales\/#primaryimage"},"thumbnailUrl":"https:\/\/duoveo.com\/wp-content\/uploads\/2025\/07\/3.2.1.5_Celebrations-et-traditions-familiales-16-9.jpg","datePublished":"2025-07-27T14:50:45+00:00","dateModified":"2025-09-03T03:41:29+00:00","description":"Les traditions familiales tissent des liens joyeux et profonds. D\u00e9couvrez comment les cultiver avec amour et cr\u00e9ativit\u00e9 !","inLanguage":"fr-FR","potentialAction":[{"@type":"ReadAction","target":["https:\/\/duoveo.com\/fr\/bien-etre-relationnel\/renforcement-des-liens-familiaux\/celebrations-et-traditions-familiales\/"]}]},{"@type":"ImageObject","inLanguage":"fr-FR","@id":"https:\/\/duoveo.com\/fr\/bien-etre-relationnel\/renforcement-des-liens-familiaux\/celebrations-et-traditions-familiales\/#primaryimage","url":"https:\/\/duoveo.com\/wp-content\/uploads\/2025\/07\/3.2.1.5_Celebrations-et-traditions-familiales-16-9.jpg","contentUrl":"https:\/\/duoveo.com\/wp-content\/uploads\/2025\/07\/3.2.1.5_Celebrations-et-traditions-familiales-16-9.jpg","width":1000,"height":562,"caption":"Photo of big family celebrating thanksgiving day meeting together preparing main dish stuffed turkey indoors"},{"@type":"WebSite","@id":"https:\/\/duoveo.com\/fr\/#website","url":"https:\/\/duoveo.com\/fr\/","name":"duoveo","description":"Your story, beautifully told - Created with WordPress managed by IONOS","publisher":{"@id":"https:\/\/duoveo.com\/fr\/#organization"},"potentialAction":[{"@type":"SearchAction","target":{"@type":"EntryPoint","urlTemplate":"https:\/\/duoveo.com\/fr\/?s={search_term_string}"},"query-input":{"@type":"PropertyValueSpecification","valueRequired":true,"valueName":"search_term_string"}}],"inLanguage":"fr-FR"},{"@type":"Organization","@id":"https:\/\/duoveo.com\/fr\/#organization","name":"duoveo","url":"https:\/\/duoveo.com\/fr\/","logo":{"@type":"ImageObject","inLanguage":"fr-FR","@id":"https:\/\/duoveo.com\/fr\/#\/schema\/logo\/image\/","url":"https:\/\/duoveo.com\/wp-content\/uploads\/2022\/03\/DuoVeo_logo-black_256.png","contentUrl":"https:\/\/duoveo.com\/wp-content\/uploads\/2022\/03\/DuoVeo_logo-black_256.png","width":256,"height":256,"caption":"duoveo"},"image":{"@id":"https:\/\/duoveo.com\/fr\/#\/schema\/logo\/image\/"},"sameAs":["https:\/\/facebook.com\/duoveo","https:\/\/www.instagram.com\/duo.veo\/"]},{"@type":"Person","@id":"https:\/\/duoveo.com\/fr\/#\/schema\/person\/8cbd14e593f990cca1ec61fbc6677f4a","name":"Olivier Lantier"}]}},"_links":{"self":[{"href":"https:\/\/duoveo.com\/fr\/wp-json\/wp\/v2\/posts\/21447","targetHints":{"allow":["GET"]}}],"collection":[{"href":"https:\/\/duoveo.com\/fr\/wp-json\/wp\/v2\/posts"}],"about":[{"href":"https:\/\/duoveo.com\/fr\/wp-json\/wp\/v2\/types\/post"}],"author":[{"embeddable":true,"href":"https:\/\/duoveo.com\/fr\/wp-json\/wp\/v2\/users\/19"}],"replies":[{"embeddable":true,"href":"https:\/\/duoveo.com\/fr\/wp-json\/wp\/v2\/comments?post=21447"}],"version-history":[{"count":1,"href":"https:\/\/duoveo.com\/fr\/wp-json\/wp\/v2\/posts\/21447\/revisions"}],"predecessor-version":[{"id":21450,"href":"https:\/\/duoveo.com\/fr\/wp-json\/wp\/v2\/posts\/21447\/revisions\/21450"}],"wp:featuredmedia":[{"embeddable":true,"href":"https:\/\/duoveo.com\/fr\/wp-json\/wp\/v2\/media\/21448"}],"wp:attachment":[{"href":"https:\/\/duoveo.com\/fr\/wp-json\/wp\/v2\/media?parent=21447"}],"wp:term":[{"taxonomy":"category","embeddable":true,"href":"https:\/\/duoveo.com\/fr\/wp-json\/wp\/v2\/categories?post=21447"},{"taxonomy":"post_tag","embeddable":true,"href":"https:\/\/duoveo.com\/fr\/wp-json\/wp\/v2\/tags?post=21447"}],"curies":[{"name":"wp","href":"https:\/\/api.w.org\/{rel}","templated":true}]}}