{"id":21483,"date":"2025-07-27T15:21:55","date_gmt":"2025-07-27T15:21:55","guid":{"rendered":"https:\/\/duoveo.com\/?p=21483"},"modified":"2025-09-06T23:29:33","modified_gmt":"2025-09-06T23:29:33","slug":"resoudre-les-conflits-intergenerationnels","status":"publish","type":"post","link":"https:\/\/duoveo.com\/fr\/bien-etre-relationnel\/renforcement-des-liens-familiaux\/resoudre-les-conflits-intergenerationnels\/","title":{"rendered":"R\u00e9soudre les conflits interg\u00e9n\u00e9rationnels"},"content":{"rendered":"\n<h1 class=\"wp-block-heading\" id=\"h-\"><\/h1>\n\n\n\n<h3 class=\"wp-block-heading\" id=\"h-une-danse-de-curiosite-de-memoire-et-d-amour\">Une danse de curiosit\u00e9, de m\u00e9moire et d&rsquo;amour<\/h3>\n\n\n\n<p>Ah, les r\u00e9unions de famille. Ce d\u00e9licieux m\u00e9lange de plats mijot\u00e9s, de souvenirs \u00e9gren\u00e9s et\u2026 de petites tensions \u00e0 peine voil\u00e9es. Un mot de trop de Mamie, une remarque de l\u2019ado qui l\u00e8ve les yeux au ciel, un silence crisp\u00e9 entre un p\u00e8re et son fils. Entre les g\u00e9n\u00e9rations, le courant ne passe pas toujours aussi bien que l\u2019on voudrait. Mais derri\u00e8re ces frictions se cache une merveilleuse opportunit\u00e9 : celle de se comprendre au-del\u00e0 des \u00e2ges et de r\u00e9inventer ensemble la fa\u00e7on d\u2019aimer.<\/p>\n\n\n\n<p>Bienvenue dans l\u2019univers vibrant, parfois tumultueux, toujours plein de potentiel de la <strong>communication interg\u00e9n\u00e9rationnelle<\/strong>. Ici, il ne s\u2019agit pas de gommer les diff\u00e9rences, mais d\u2019en faire un terreau fertile pour faire fleurir des liens familiaux plus profonds et joyeux.<\/p>\n\n\n\n<hr class=\"wp-block-separator has-alpha-channel-opacity\"\/>\n\n\n\n<h2 class=\"wp-block-heading\" id=\"h-quand-les-ages-s-entrechoquent\">Quand les \u00e2ges s\u2019entrechoquent<\/h2>\n\n\n\n<p>Les conflits interg\u00e9n\u00e9rationnels sont vieux comme le monde. D\u00e9j\u00e0 Platon se plaignait des jeunes qui ne respectaient plus leurs a\u00een\u00e9s ! Chaque g\u00e9n\u00e9ration grandit avec ses rep\u00e8res, ses codes, ses luttes, et surtout, ses blessures. Les Baby Boomers ont appris la rigueur, les responsabilit\u00e9s. Les mill\u00e9niaux, l\u2019adaptation. La g\u00e9n\u00e9ration Z ? L\u2019imm\u00e9diatet\u00e9, l\u2019image, la voix qui veut \u00eatre entendue.<\/p>\n\n\n\n<p>Quand ces univers se rencontrent dans le m\u00eame salon autour d\u2019un r\u00f4ti dominical, les malentendus guettent. \u00ab\u00a0\u00c0 ton \u00e2ge, je travaillais d\u00e9j\u00e0\u00a0\u00bb, lance le grand-p\u00e8re. \u00ab\u00a0Et alors ? Ce n\u2019est pas une comp\u00e9tition\u00a0\u00bb, r\u00e9torque l\u2019adolescente en hoodie. <strong>Le vrai conflit n\u2019est pas dans les mots, mais dans ce qu\u2019ils ne disent pas : la peur de ne plus \u00eatre compris, la frustration de ne pas \u00eatre \u00e9cout\u00e9.<\/strong><\/p>\n\n\n\n<hr class=\"wp-block-separator has-alpha-channel-opacity\"\/>\n\n\n\n<h2 class=\"wp-block-heading\" id=\"h-pourquoi-les-conflits-surgissent-ils-si-facilement-entre-generations\">Pourquoi les conflits surgissent-ils si facilement entre g\u00e9n\u00e9rations ?<\/h2>\n\n\n\n<p>Parce que nous avons tendance \u00e0 oublier une chose essentielle : <strong>nous ne parlons pas la m\u00eame langue \u00e9motionnelle.<\/strong><\/p>\n\n\n\n<ul class=\"wp-block-list\">\n<li><strong>Les a\u00een\u00e9s<\/strong> cherchent souvent \u00e0 transmettre, \u00e0 pr\u00e9server ce qu\u2019ils consid\u00e8rent comme des valeurs fondamentales.<\/li>\n\n\n\n<li><strong>Les plus jeunes<\/strong>, eux, veulent explorer, questionner, d\u00e9construire pour mieux reconstruire.<\/li>\n<\/ul>\n\n\n\n<p>Le choc est in\u00e9vitable\u2026 sauf si l\u2019on apprend \u00e0 d\u00e9coder ces langages.<\/p>\n\n\n\n<p>Un exemple ? Quand une m\u00e8re critique les choix de carri\u00e8re de son fils, elle ne remet peut-\u00eatre pas en cause son autonomie, mais exprime (maladroitement) son inqui\u00e9tude de le voir en difficult\u00e9. Et quand le fils s\u2019emporte, ce n\u2019est pas forc\u00e9ment du rejet, mais une soif de reconnaissance. Les conflits naissent moins des diff\u00e9rences d\u2019opinion que de la <strong>difficult\u00e9 \u00e0 traduire nos besoins et \u00e9motions<\/strong>.<\/p>\n\n\n\n<hr class=\"wp-block-separator has-alpha-channel-opacity\"\/>\n\n\n\n<h2 class=\"wp-block-heading\" id=\"h-cles-pour-une-cohabitation-plus-harmonieuse\">Cl\u00e9s pour une cohabitation (plus) harmonieuse<\/h2>\n\n\n\n<p>Heureusement, tout conflit est aussi une invitation. Celle de ralentir, d\u2019\u00e9couter autrement, de se rencontrer \u00e0 mi-chemin. Voici quelques <strong>pistes concr\u00e8tes<\/strong> pour amorcer cette danse relationnelle :<\/p>\n\n\n\n<p><strong>1. Remplacer l\u2019autorit\u00e9 par la curiosit\u00e9<\/strong><\/p>\n\n\n\n<p>Plut\u00f4t que de commencer une phrase par \u00ab\u00a0Tu devrais\u00a0\u00bb, essayez \u00ab\u00a0Dis-moi ce que tu en penses\u00a0\u00bb. Cela peut para\u00eetre anodin, mais c\u2019est un v\u00e9ritable tournant dans l\u2019\u00e9change. La curiosit\u00e9 sinc\u00e8re ouvre des portes que le jugement claque \u00e0 double tour.<\/p>\n\n\n\n<p><strong>2. Nommer les \u00e9motions plut\u00f4t que les reproches<\/strong><\/p>\n\n\n\n<p>Un \u00ab\u00a0Je me sens triste quand tu ne me r\u00e9ponds pas\u00a0\u00bb touche plus qu\u2019un \u00ab\u00a0Tu es insolent\u00a0\u00bb. Cela demande de la vuln\u00e9rabilit\u00e9, oui. Mais c\u2019est pr\u00e9cis\u00e9ment cette vuln\u00e9rabilit\u00e9 qui cr\u00e9e le lien.<\/p>\n\n\n\n<p><strong>3. Cr\u00e9er des rituels d\u2019\u00e9change interg\u00e9n\u00e9rationnel<\/strong><\/p>\n\n\n\n<p>Un d\u00eener par mois o\u00f9 chacun raconte un souvenir d\u2019enfance. Une balade o\u00f9 l\u2019on se pose une question improbable : \u00ab\u00a0Quel est ton premier souvenir de honte ?\u00a0\u00bb ou \u00ab\u00a0Si tu pouvais changer une chose dans ton \u00e9poque, ce serait quoi ?\u00a0\u00bb. Ces moments deviennent des passerelles entre les \u00e9poques, des bulles d\u2019\u00e9coute active.<\/p>\n\n\n\n<p><strong>4. Reconna\u00eetre le droit \u00e0 l\u2019\u00e9volution<\/strong><\/p>\n\n\n\n<p>Oui, votre grand-m\u00e8re peut apprendre \u00e0 utiliser TikTok. Oui, votre fils peut \u00eatre v\u00e9g\u00e9talien sans que cela remette en question cinquante ans de traditions culinaires. <strong>Accepter que chacun \u00e9volue est une preuve d\u2019amour bien plus puissante que la fid\u00e9lit\u00e9 \u00e0 des r\u00f4les fig\u00e9s.<\/strong><\/p>\n\n\n\n<hr class=\"wp-block-separator has-alpha-channel-opacity\"\/>\n\n\n\n<h2 class=\"wp-block-heading\" id=\"h-quand-le-passe-s-invite-a-table\">Quand le pass\u00e9 s\u2019invite \u00e0 table<\/h2>\n\n\n\n<p>Il arrive aussi que les conflits interg\u00e9n\u00e9rationnels soient le prolongement de blessures anciennes, non dites, parfois transmises comme des h\u00e9ritages invisibles. Une grand-m\u00e8re silencieuse sur la guerre qu\u2019elle a v\u00e9cue, un p\u00e8re qui n\u2019a jamais pu exprimer son chagrin, un enfant hypersensible dans une famille de taiseux.<\/p>\n\n\n\n<p>Ces \u00ab\u00a0non-dits\u00a0\u00bb cr\u00e9ent une toile de fond o\u00f9 les malentendus prosp\u00e8rent. <strong>Faire la paix entre les g\u00e9n\u00e9rations, c\u2019est aussi, parfois, aller creuser doucement dans l\u2019histoire familiale<\/strong>, interroger les silences, donner une voix aux souvenirs enfouis.<\/p>\n\n\n\n<hr class=\"wp-block-separator has-alpha-channel-opacity\"\/>\n\n\n\n<h2 class=\"wp-block-heading\" id=\"h-l-art-d-ecouter-au-dela-des-mots\">L\u2019art d\u2019\u00e9couter au-del\u00e0 des mots<\/h2>\n\n\n\n<p>Voici un petit exercice de magie douce \u00e0 exp\u00e9rimenter lors d\u2019un prochain conflit :<\/p>\n\n\n\n<ol class=\"wp-block-list\">\n<li><strong>Respirez.<\/strong> Oui, vraiment. Mettez une pause dans le tumulte int\u00e9rieur.<\/li>\n\n\n\n<li><strong>Regardez l\u2019autre comme si vous le voyiez pour la premi\u00e8re fois.<\/strong> Avec la fra\u00eecheur d\u2019un regard neuf.<\/li>\n\n\n\n<li><strong>Posez une question ouverte.<\/strong> Une vraie. Et \u00e9coutez sans pr\u00e9parer votre r\u00e9ponse.<\/li>\n\n\n\n<li><strong>R\u00e9p\u00e9tez ses mots avec vos mots \u00e0 vous.<\/strong> Cela montre que vous avez entendu, et souvent, cela d\u00e9samorce instantan\u00e9ment la tension.<\/li>\n<\/ol>\n\n\n\n<hr class=\"wp-block-separator has-alpha-channel-opacity\"\/>\n\n\n\n<h2 class=\"wp-block-heading\" id=\"h-et-si-on-choisissait-d-evoluer-ensemble\">Et si on choisissait d\u2019\u00e9voluer ensemble ?<\/h2>\n\n\n\n<p>R\u00e9concilier les g\u00e9n\u00e9rations, ce n\u2019est pas d\u00e9cider qui a raison, mais choisir de <strong>grandir c\u00f4te \u00e0 c\u00f4te<\/strong>, avec nos diff\u00e9rences, nos histoires et nos \u00e9lans. C\u2019est accepter que les jeunes aient parfois raison trop t\u00f4t, et que les anciens aient parfois tort avec tendresse.<\/p>\n\n\n\n<p>C\u2019est voir dans chaque conflit non pas une menace, mais un feu de camp autour duquel on peut, si l\u2019on ose, s\u2019asseoir ensemble pour se r\u00e9chauffer.<\/p>\n\n\n\n<p>Alors la prochaine fois que votre ado vous agace ou que votre m\u00e8re vous reprend pour la \u00e9ni\u00e8me fois\u2026 Respirez, souriez, et dites-vous : \u00ab\u00a0Tiens, une belle occasion de tisser du lien autrement.\u00a0\u00bb<\/p>\n\n\n\n<p><strong>Sources :<\/strong><\/p>\n\n\n\n<ol class=\"wp-block-list\">\n<li><em>La communication interg\u00e9n\u00e9rationnelle : un enjeu pour le lien social<\/em> \u2013 <a href=\"https:\/\/www.cairn.info\/revue-gerontologie-et-societe.htm\">Revue G\u00e9rontologie et soci\u00e9t\u00e9<\/a><\/li>\n\n\n\n<li><em>Les conflits interg\u00e9n\u00e9rationnels : mythe ou r\u00e9alit\u00e9 ?<\/em> \u2013 <a href=\"https:\/\/theconversation.com\/fr\">The Conversation France<\/a><\/li>\n\n\n\n<li><em>Familles et g\u00e9n\u00e9rations : entre transmission et transformation<\/em> \u2013 <a href=\"https:\/\/www.ined.fr\/\">INED<\/a><\/li>\n\n\n\n<li><em>Les liens interg\u00e9n\u00e9rationnels au c\u0153ur des politiques publiques<\/em> \u2013 <a href=\"https:\/\/www.vie-publique.fr\/\">Vie Publique<\/a><\/li>\n\n\n\n<li><em>\u00c9coute active et m\u00e9diation familiale<\/em> \u2013 <a href=\"https:\/\/www.jdpsychologues.fr\/\">Journal des psychologues<\/a><\/li>\n<\/ol>\n","protected":false},"excerpt":{"rendered":"<p>Une danse de curiosit\u00e9, de m\u00e9moire et d&rsquo;amour Ah, les r\u00e9unions de famille. Ce d\u00e9licieux m\u00e9lange de plats mijot\u00e9s, de souvenirs \u00e9gren\u00e9s et\u2026 de petites tensions \u00e0 peine voil\u00e9es. Un mot de trop de Mamie, une remarque de l\u2019ado qui l\u00e8ve les yeux au ciel, un silence crisp\u00e9 entre un p\u00e8re et son fils. Entre [&hellip;]<\/p>\n","protected":false},"author":19,"featured_media":21484,"comment_status":"closed","ping_status":"closed","sticky":false,"template":"","format":"standard","meta":{"_eb_attr":"","_monsterinsights_skip_tracking":false,"_monsterinsights_sitenote_active":false,"_monsterinsights_sitenote_note":"","_monsterinsights_sitenote_category":0,"footnotes":""},"categories":[518],"tags":[785],"class_list":["post-21483","post","type-post","status-publish","format-standard","has-post-thumbnail","hentry","category-renforcement-des-liens-familiaux","tag-785"],"yoast_head":"<!-- This site is optimized with the Yoast SEO Premium plugin v22.7 (Yoast SEO v27.5) - https:\/\/yoast.com\/product\/yoast-seo-premium-wordpress\/ -->\n<title>R\u00e9soudre les conflits interg\u00e9n\u00e9rationnels - duoveo<\/title>\n<meta name=\"description\" content=\"Transformez les conflits interg\u00e9n\u00e9rationnels en dialogues vivants et profonds gr\u00e2ce \u00e0 une \u00e9coute curieuse et bienveillante.\" \/>\n<meta name=\"robots\" content=\"index, follow, max-snippet:-1, max-image-preview:large, max-video-preview:-1\" \/>\n<link rel=\"canonical\" href=\"https:\/\/duoveo.com\/fr\/bien-etre-relationnel\/renforcement-des-liens-familiaux\/resoudre-les-conflits-intergenerationnels\/\" \/>\n<meta property=\"og:locale\" content=\"fr_FR\" \/>\n<meta property=\"og:type\" content=\"article\" \/>\n<meta property=\"og:title\" content=\"R\u00e9soudre les conflits interg\u00e9n\u00e9rationnels - duoveo\" \/>\n<meta property=\"og:description\" content=\"Transformez les conflits interg\u00e9n\u00e9rationnels en dialogues vivants et profonds gr\u00e2ce \u00e0 une \u00e9coute curieuse et bienveillante.\" \/>\n<meta property=\"og:url\" content=\"https:\/\/duoveo.com\/fr\/bien-etre-relationnel\/renforcement-des-liens-familiaux\/resoudre-les-conflits-intergenerationnels\/\" \/>\n<meta property=\"og:site_name\" content=\"duoveo\" \/>\n<meta property=\"article:publisher\" content=\"https:\/\/facebook.com\/duoveo\" \/>\n<meta property=\"article:published_time\" content=\"2025-07-27T15:21:55+00:00\" \/>\n<meta property=\"article:modified_time\" content=\"2025-09-06T23:29:33+00:00\" \/>\n<meta property=\"og:image\" content=\"https:\/\/duoveo.com\/wp-content\/uploads\/2025\/07\/3.2.3.4_Resoudre-les-conflits-intergenerationnels-16-9-.jpg\" \/>\n\t<meta property=\"og:image:width\" content=\"1000\" \/>\n\t<meta property=\"og:image:height\" content=\"562\" \/>\n\t<meta property=\"og:image:type\" content=\"image\/jpeg\" \/>\n<meta name=\"author\" content=\"Olivier Lantier\" \/>\n<meta name=\"twitter:card\" content=\"summary_large_image\" \/>\n<meta name=\"twitter:label1\" content=\"\u00c9crit par\" \/>\n\t<meta name=\"twitter:data1\" content=\"Olivier Lantier\" \/>\n\t<meta name=\"twitter:label2\" content=\"Dur\u00e9e de lecture estim\u00e9e\" \/>\n\t<meta name=\"twitter:data2\" content=\"5 minutes\" \/>\n<script type=\"application\/ld+json\" class=\"yoast-schema-graph\">{\"@context\":\"https:\\\/\\\/schema.org\",\"@graph\":[{\"@type\":\"Article\",\"@id\":\"https:\\\/\\\/duoveo.com\\\/fr\\\/bien-etre-relationnel\\\/renforcement-des-liens-familiaux\\\/resoudre-les-conflits-intergenerationnels\\\/#article\",\"isPartOf\":{\"@id\":\"https:\\\/\\\/duoveo.com\\\/fr\\\/bien-etre-relationnel\\\/renforcement-des-liens-familiaux\\\/resoudre-les-conflits-intergenerationnels\\\/\"},\"author\":{\"name\":\"Olivier Lantier\",\"@id\":\"https:\\\/\\\/duoveo.com\\\/fr\\\/#\\\/schema\\\/person\\\/8cbd14e593f990cca1ec61fbc6677f4a\"},\"headline\":\"R\u00e9soudre les conflits interg\u00e9n\u00e9rationnels\",\"datePublished\":\"2025-07-27T15:21:55+00:00\",\"dateModified\":\"2025-09-06T23:29:33+00:00\",\"mainEntityOfPage\":{\"@id\":\"https:\\\/\\\/duoveo.com\\\/fr\\\/bien-etre-relationnel\\\/renforcement-des-liens-familiaux\\\/resoudre-les-conflits-intergenerationnels\\\/\"},\"wordCount\":1088,\"publisher\":{\"@id\":\"https:\\\/\\\/duoveo.com\\\/fr\\\/#organization\"},\"image\":{\"@id\":\"https:\\\/\\\/duoveo.com\\\/fr\\\/bien-etre-relationnel\\\/renforcement-des-liens-familiaux\\\/resoudre-les-conflits-intergenerationnels\\\/#primaryimage\"},\"thumbnailUrl\":\"https:\\\/\\\/duoveo.com\\\/wp-content\\\/uploads\\\/2025\\\/07\\\/3.2.3.4_Resoudre-les-conflits-intergenerationnels-16-9-.jpg\",\"keywords\":[\"423\"],\"articleSection\":[\"Renforcement des liens familiaux\"],\"inLanguage\":\"fr-FR\"},{\"@type\":\"WebPage\",\"@id\":\"https:\\\/\\\/duoveo.com\\\/fr\\\/bien-etre-relationnel\\\/renforcement-des-liens-familiaux\\\/resoudre-les-conflits-intergenerationnels\\\/\",\"url\":\"https:\\\/\\\/duoveo.com\\\/fr\\\/bien-etre-relationnel\\\/renforcement-des-liens-familiaux\\\/resoudre-les-conflits-intergenerationnels\\\/\",\"name\":\"R\u00e9soudre les conflits interg\u00e9n\u00e9rationnels - duoveo\",\"isPartOf\":{\"@id\":\"https:\\\/\\\/duoveo.com\\\/fr\\\/#website\"},\"primaryImageOfPage\":{\"@id\":\"https:\\\/\\\/duoveo.com\\\/fr\\\/bien-etre-relationnel\\\/renforcement-des-liens-familiaux\\\/resoudre-les-conflits-intergenerationnels\\\/#primaryimage\"},\"image\":{\"@id\":\"https:\\\/\\\/duoveo.com\\\/fr\\\/bien-etre-relationnel\\\/renforcement-des-liens-familiaux\\\/resoudre-les-conflits-intergenerationnels\\\/#primaryimage\"},\"thumbnailUrl\":\"https:\\\/\\\/duoveo.com\\\/wp-content\\\/uploads\\\/2025\\\/07\\\/3.2.3.4_Resoudre-les-conflits-intergenerationnels-16-9-.jpg\",\"datePublished\":\"2025-07-27T15:21:55+00:00\",\"dateModified\":\"2025-09-06T23:29:33+00:00\",\"description\":\"Transformez les conflits interg\u00e9n\u00e9rationnels en dialogues vivants et profonds gr\u00e2ce \u00e0 une \u00e9coute curieuse et bienveillante.\",\"inLanguage\":\"fr-FR\",\"potentialAction\":[{\"@type\":\"ReadAction\",\"target\":[\"https:\\\/\\\/duoveo.com\\\/fr\\\/bien-etre-relationnel\\\/renforcement-des-liens-familiaux\\\/resoudre-les-conflits-intergenerationnels\\\/\"]}]},{\"@type\":\"ImageObject\",\"inLanguage\":\"fr-FR\",\"@id\":\"https:\\\/\\\/duoveo.com\\\/fr\\\/bien-etre-relationnel\\\/renforcement-des-liens-familiaux\\\/resoudre-les-conflits-intergenerationnels\\\/#primaryimage\",\"url\":\"https:\\\/\\\/duoveo.com\\\/wp-content\\\/uploads\\\/2025\\\/07\\\/3.2.3.4_Resoudre-les-conflits-intergenerationnels-16-9-.jpg\",\"contentUrl\":\"https:\\\/\\\/duoveo.com\\\/wp-content\\\/uploads\\\/2025\\\/07\\\/3.2.3.4_Resoudre-les-conflits-intergenerationnels-16-9-.jpg\",\"width\":1000,\"height\":562,\"caption\":\"Mid aged mother sit on couch scold grown up daughter, angry mum tell complaints lecturing teen adult child feeling stressed, misunderstandings, generational gap, difficulties in relationships concept\"},{\"@type\":\"WebSite\",\"@id\":\"https:\\\/\\\/duoveo.com\\\/fr\\\/#website\",\"url\":\"https:\\\/\\\/duoveo.com\\\/fr\\\/\",\"name\":\"duoveo\",\"description\":\"Your story, beautifully told - Created with WordPress managed by IONOS\",\"publisher\":{\"@id\":\"https:\\\/\\\/duoveo.com\\\/fr\\\/#organization\"},\"potentialAction\":[{\"@type\":\"SearchAction\",\"target\":{\"@type\":\"EntryPoint\",\"urlTemplate\":\"https:\\\/\\\/duoveo.com\\\/fr\\\/?s={search_term_string}\"},\"query-input\":{\"@type\":\"PropertyValueSpecification\",\"valueRequired\":true,\"valueName\":\"search_term_string\"}}],\"inLanguage\":\"fr-FR\"},{\"@type\":\"Organization\",\"@id\":\"https:\\\/\\\/duoveo.com\\\/fr\\\/#organization\",\"name\":\"duoveo\",\"url\":\"https:\\\/\\\/duoveo.com\\\/fr\\\/\",\"logo\":{\"@type\":\"ImageObject\",\"inLanguage\":\"fr-FR\",\"@id\":\"https:\\\/\\\/duoveo.com\\\/fr\\\/#\\\/schema\\\/logo\\\/image\\\/\",\"url\":\"https:\\\/\\\/duoveo.com\\\/wp-content\\\/uploads\\\/2022\\\/03\\\/DuoVeo_logo-black_256.png\",\"contentUrl\":\"https:\\\/\\\/duoveo.com\\\/wp-content\\\/uploads\\\/2022\\\/03\\\/DuoVeo_logo-black_256.png\",\"width\":256,\"height\":256,\"caption\":\"duoveo\"},\"image\":{\"@id\":\"https:\\\/\\\/duoveo.com\\\/fr\\\/#\\\/schema\\\/logo\\\/image\\\/\"},\"sameAs\":[\"https:\\\/\\\/facebook.com\\\/duoveo\",\"https:\\\/\\\/www.instagram.com\\\/duo.veo\\\/\"]},{\"@type\":\"Person\",\"@id\":\"https:\\\/\\\/duoveo.com\\\/fr\\\/#\\\/schema\\\/person\\\/8cbd14e593f990cca1ec61fbc6677f4a\",\"name\":\"Olivier Lantier\"}]}<\/script>\n<!-- \/ Yoast SEO Premium plugin. -->","yoast_head_json":{"title":"R\u00e9soudre les conflits interg\u00e9n\u00e9rationnels - duoveo","description":"Transformez les conflits interg\u00e9n\u00e9rationnels en dialogues vivants et profonds gr\u00e2ce \u00e0 une \u00e9coute curieuse et bienveillante.","robots":{"index":"index","follow":"follow","max-snippet":"max-snippet:-1","max-image-preview":"max-image-preview:large","max-video-preview":"max-video-preview:-1"},"canonical":"https:\/\/duoveo.com\/fr\/bien-etre-relationnel\/renforcement-des-liens-familiaux\/resoudre-les-conflits-intergenerationnels\/","og_locale":"fr_FR","og_type":"article","og_title":"R\u00e9soudre les conflits interg\u00e9n\u00e9rationnels - duoveo","og_description":"Transformez les conflits interg\u00e9n\u00e9rationnels en dialogues vivants et profonds gr\u00e2ce \u00e0 une \u00e9coute curieuse et bienveillante.","og_url":"https:\/\/duoveo.com\/fr\/bien-etre-relationnel\/renforcement-des-liens-familiaux\/resoudre-les-conflits-intergenerationnels\/","og_site_name":"duoveo","article_publisher":"https:\/\/facebook.com\/duoveo","article_published_time":"2025-07-27T15:21:55+00:00","article_modified_time":"2025-09-06T23:29:33+00:00","og_image":[{"width":1000,"height":562,"url":"https:\/\/duoveo.com\/wp-content\/uploads\/2025\/07\/3.2.3.4_Resoudre-les-conflits-intergenerationnels-16-9-.jpg","type":"image\/jpeg"}],"author":"Olivier Lantier","twitter_card":"summary_large_image","twitter_misc":{"\u00c9crit par":"Olivier Lantier","Dur\u00e9e de lecture estim\u00e9e":"5 minutes"},"schema":{"@context":"https:\/\/schema.org","@graph":[{"@type":"Article","@id":"https:\/\/duoveo.com\/fr\/bien-etre-relationnel\/renforcement-des-liens-familiaux\/resoudre-les-conflits-intergenerationnels\/#article","isPartOf":{"@id":"https:\/\/duoveo.com\/fr\/bien-etre-relationnel\/renforcement-des-liens-familiaux\/resoudre-les-conflits-intergenerationnels\/"},"author":{"name":"Olivier Lantier","@id":"https:\/\/duoveo.com\/fr\/#\/schema\/person\/8cbd14e593f990cca1ec61fbc6677f4a"},"headline":"R\u00e9soudre les conflits interg\u00e9n\u00e9rationnels","datePublished":"2025-07-27T15:21:55+00:00","dateModified":"2025-09-06T23:29:33+00:00","mainEntityOfPage":{"@id":"https:\/\/duoveo.com\/fr\/bien-etre-relationnel\/renforcement-des-liens-familiaux\/resoudre-les-conflits-intergenerationnels\/"},"wordCount":1088,"publisher":{"@id":"https:\/\/duoveo.com\/fr\/#organization"},"image":{"@id":"https:\/\/duoveo.com\/fr\/bien-etre-relationnel\/renforcement-des-liens-familiaux\/resoudre-les-conflits-intergenerationnels\/#primaryimage"},"thumbnailUrl":"https:\/\/duoveo.com\/wp-content\/uploads\/2025\/07\/3.2.3.4_Resoudre-les-conflits-intergenerationnels-16-9-.jpg","keywords":["423"],"articleSection":["Renforcement des liens familiaux"],"inLanguage":"fr-FR"},{"@type":"WebPage","@id":"https:\/\/duoveo.com\/fr\/bien-etre-relationnel\/renforcement-des-liens-familiaux\/resoudre-les-conflits-intergenerationnels\/","url":"https:\/\/duoveo.com\/fr\/bien-etre-relationnel\/renforcement-des-liens-familiaux\/resoudre-les-conflits-intergenerationnels\/","name":"R\u00e9soudre les conflits interg\u00e9n\u00e9rationnels - duoveo","isPartOf":{"@id":"https:\/\/duoveo.com\/fr\/#website"},"primaryImageOfPage":{"@id":"https:\/\/duoveo.com\/fr\/bien-etre-relationnel\/renforcement-des-liens-familiaux\/resoudre-les-conflits-intergenerationnels\/#primaryimage"},"image":{"@id":"https:\/\/duoveo.com\/fr\/bien-etre-relationnel\/renforcement-des-liens-familiaux\/resoudre-les-conflits-intergenerationnels\/#primaryimage"},"thumbnailUrl":"https:\/\/duoveo.com\/wp-content\/uploads\/2025\/07\/3.2.3.4_Resoudre-les-conflits-intergenerationnels-16-9-.jpg","datePublished":"2025-07-27T15:21:55+00:00","dateModified":"2025-09-06T23:29:33+00:00","description":"Transformez les conflits interg\u00e9n\u00e9rationnels en dialogues vivants et profonds gr\u00e2ce \u00e0 une \u00e9coute curieuse et bienveillante.","inLanguage":"fr-FR","potentialAction":[{"@type":"ReadAction","target":["https:\/\/duoveo.com\/fr\/bien-etre-relationnel\/renforcement-des-liens-familiaux\/resoudre-les-conflits-intergenerationnels\/"]}]},{"@type":"ImageObject","inLanguage":"fr-FR","@id":"https:\/\/duoveo.com\/fr\/bien-etre-relationnel\/renforcement-des-liens-familiaux\/resoudre-les-conflits-intergenerationnels\/#primaryimage","url":"https:\/\/duoveo.com\/wp-content\/uploads\/2025\/07\/3.2.3.4_Resoudre-les-conflits-intergenerationnels-16-9-.jpg","contentUrl":"https:\/\/duoveo.com\/wp-content\/uploads\/2025\/07\/3.2.3.4_Resoudre-les-conflits-intergenerationnels-16-9-.jpg","width":1000,"height":562,"caption":"Mid aged mother sit on couch scold grown up daughter, angry mum tell complaints lecturing teen adult child feeling stressed, misunderstandings, generational gap, difficulties in relationships concept"},{"@type":"WebSite","@id":"https:\/\/duoveo.com\/fr\/#website","url":"https:\/\/duoveo.com\/fr\/","name":"duoveo","description":"Your story, beautifully told - Created with WordPress managed by IONOS","publisher":{"@id":"https:\/\/duoveo.com\/fr\/#organization"},"potentialAction":[{"@type":"SearchAction","target":{"@type":"EntryPoint","urlTemplate":"https:\/\/duoveo.com\/fr\/?s={search_term_string}"},"query-input":{"@type":"PropertyValueSpecification","valueRequired":true,"valueName":"search_term_string"}}],"inLanguage":"fr-FR"},{"@type":"Organization","@id":"https:\/\/duoveo.com\/fr\/#organization","name":"duoveo","url":"https:\/\/duoveo.com\/fr\/","logo":{"@type":"ImageObject","inLanguage":"fr-FR","@id":"https:\/\/duoveo.com\/fr\/#\/schema\/logo\/image\/","url":"https:\/\/duoveo.com\/wp-content\/uploads\/2022\/03\/DuoVeo_logo-black_256.png","contentUrl":"https:\/\/duoveo.com\/wp-content\/uploads\/2022\/03\/DuoVeo_logo-black_256.png","width":256,"height":256,"caption":"duoveo"},"image":{"@id":"https:\/\/duoveo.com\/fr\/#\/schema\/logo\/image\/"},"sameAs":["https:\/\/facebook.com\/duoveo","https:\/\/www.instagram.com\/duo.veo\/"]},{"@type":"Person","@id":"https:\/\/duoveo.com\/fr\/#\/schema\/person\/8cbd14e593f990cca1ec61fbc6677f4a","name":"Olivier Lantier"}]}},"_links":{"self":[{"href":"https:\/\/duoveo.com\/fr\/wp-json\/wp\/v2\/posts\/21483","targetHints":{"allow":["GET"]}}],"collection":[{"href":"https:\/\/duoveo.com\/fr\/wp-json\/wp\/v2\/posts"}],"about":[{"href":"https:\/\/duoveo.com\/fr\/wp-json\/wp\/v2\/types\/post"}],"author":[{"embeddable":true,"href":"https:\/\/duoveo.com\/fr\/wp-json\/wp\/v2\/users\/19"}],"replies":[{"embeddable":true,"href":"https:\/\/duoveo.com\/fr\/wp-json\/wp\/v2\/comments?post=21483"}],"version-history":[{"count":1,"href":"https:\/\/duoveo.com\/fr\/wp-json\/wp\/v2\/posts\/21483\/revisions"}],"predecessor-version":[{"id":21486,"href":"https:\/\/duoveo.com\/fr\/wp-json\/wp\/v2\/posts\/21483\/revisions\/21486"}],"wp:featuredmedia":[{"embeddable":true,"href":"https:\/\/duoveo.com\/fr\/wp-json\/wp\/v2\/media\/21484"}],"wp:attachment":[{"href":"https:\/\/duoveo.com\/fr\/wp-json\/wp\/v2\/media?parent=21483"}],"wp:term":[{"taxonomy":"category","embeddable":true,"href":"https:\/\/duoveo.com\/fr\/wp-json\/wp\/v2\/categories?post=21483"},{"taxonomy":"post_tag","embeddable":true,"href":"https:\/\/duoveo.com\/fr\/wp-json\/wp\/v2\/tags?post=21483"}],"curies":[{"name":"wp","href":"https:\/\/api.w.org\/{rel}","templated":true}]}}