{"id":21491,"date":"2025-07-30T13:54:34","date_gmt":"2025-07-30T13:54:34","guid":{"rendered":"https:\/\/duoveo.com\/?p=21491"},"modified":"2025-09-06T23:41:18","modified_gmt":"2025-09-06T23:41:18","slug":"creer-un-environnement-de-soutien-emotionnel","status":"publish","type":"post","link":"https:\/\/duoveo.com\/fr\/bien-etre-relationnel\/renforcement-des-liens-familiaux\/creer-un-environnement-de-soutien-emotionnel\/","title":{"rendered":"Cr\u00e9er un environnement de soutien \u00e9motionnel"},"content":{"rendered":"\n<h1 class=\"wp-block-heading\" id=\"h-\"><\/h1>\n\n\n\n<h3 class=\"wp-block-heading\" id=\"h-un-tresor-a-cultiver-en-famille\">Un tr\u00e9sor \u00e0 cultiver en famille<\/h3>\n\n\n\n<p>Imaginez une grande cabane en bois, chaleureuse, douillette, o\u00f9 chacun peut entrer, poser ses valises pleines de tracas, de r\u00eaves et de doutes, et s&rsquo;entendre dire : \u00ab Tu peux tout me dire, je suis l\u00e0. \u00bb Cette cabane, c\u2019est l\u2019environnement de soutien \u00e9motionnel que l\u2019on peut cr\u00e9er dans une famille. Ce n\u2019est ni un d\u00e9cor de conte de f\u00e9es ni un luxe r\u00e9serv\u00e9 aux hypersensibles : c\u2019est une force tranquille, un levier puissant pour traverser les temp\u00eates du quotidien ensemble, et en ressortir plus soud\u00e9s que jamais.<\/p>\n\n\n\n<p>Alors, comment transformer nos foyers en havres de s\u00e9curit\u00e9 affective ? Suivez le guide : on va d\u00e9ployer les fondations, \u00e9riger les piliers, et vous verrez, ce sera aussi joyeux qu\u2019un pique-nique un jour de printemps.<\/p>\n\n\n\n<hr class=\"wp-block-separator has-alpha-channel-opacity\"\/>\n\n\n\n<h2 class=\"wp-block-heading\" id=\"h-1-la-securite-emotionnelle-le-sol-fertile-des-relations-durables\">1. La s\u00e9curit\u00e9 \u00e9motionnelle : le sol fertile des relations durables<\/h2>\n\n\n\n<p>Avant tout, mettons les choses \u00e0 plat : qu\u2019entend-on par <strong>soutien \u00e9motionnel<\/strong> ? C\u2019est cette capacit\u00e9 \u00e0 accueillir les \u00e9motions de l\u2019autre sans jugement, sans pr\u00e9cipiter de solutions, et sans courir se cacher derri\u00e8re un canap\u00e9 d\u00e8s que \u00e7a pleure un peu fort.<\/p>\n\n\n\n<p>Dans une famille, cela veut dire cr\u00e9er un climat o\u00f9 chacun se sent libre d\u2019\u00eatre lui-m\u00eame, m\u00eame quand il est triste, f\u00e2ch\u00e9, angoiss\u00e9 ou fragile. C\u2019est l\u2019antidote aux petites phrases assassines du genre : \u00ab Allez, c\u2019est pas si grave \u00bb, \u00ab Tu dramatises toujours \u00bb ou \u00ab Tu devrais \u00eatre plus fort que \u00e7a \u00bb.<\/p>\n\n\n\n<p>Un enfant qui sait que ses \u00e9motions ne seront pas moqu\u00e9es. Un conjoint qui peut craquer sans honte. Et un parent qui admet ses doutes sans perdre son autorit\u00e9. Voil\u00e0 le terreau d\u2019une <strong>authenticit\u00e9 relationnelle<\/strong> qui ne s\u2019\u00e9vente pas au premier coup de vent.<\/p>\n\n\n\n<hr class=\"wp-block-separator has-alpha-channel-opacity\"\/>\n\n\n\n<h2 class=\"wp-block-heading\" id=\"h-2-l-ecoute-active-l-art-de-tendre-l-oreille-et-le-coeur\">2. L\u2019\u00e9coute active : l\u2019art de tendre l\u2019oreille\u2026 et le c\u0153ur<\/h2>\n\n\n\n<p>C\u2019est le B.A.-BA du soutien \u00e9motionnel, et pourtant, combien d\u2019entre nous \u00e9coutent vraiment ? Sans couper la parole. Sans penser \u00e0 sa r\u00e9ponse. Et sans juger. Juste\u2026 \u00e9couter.<\/p>\n\n\n\n<p>Une vraie \u00e9coute, c\u2019est offrir \u00e0 l\u2019autre un miroir bienveillant, pas un m\u00e9gaphone ni une baguette magique.<\/p>\n\n\n\n<p>Cela passe par quelques pratiques simples :<\/p>\n\n\n\n<ul class=\"wp-block-list\">\n<li>Regarder la personne qui parle (exit le t\u00e9l\u00e9phone pendant les confidences) ;<\/li>\n\n\n\n<li>Reformuler doucement ce qu\u2019elle exprime : \u00ab Si je comprends bien, tu te sens\u2026 \u00bb ;<\/li>\n\n\n\n<li>Valider ses \u00e9motions, m\u00eame si elles nous semblent exag\u00e9r\u00e9es : \u00ab Je comprends que \u00e7a ait \u00e9t\u00e9 dur pour toi. \u00bb<\/li>\n<\/ul>\n\n\n\n<p>Et parfois, il ne faut pas plus qu\u2019un silence attentif, une main pos\u00e9e sur l\u2019\u00e9paule, ou un \u00ab Je suis l\u00e0 \u00bb. Ces petits riens qui valent des tr\u00e9sors.<\/p>\n\n\n\n<hr class=\"wp-block-separator has-alpha-channel-opacity\"\/>\n\n\n\n<h2 class=\"wp-block-heading\" id=\"h-3-la-parole-decomplexee-parler-pour-desamorcer-les-bombes\">3. La parole d\u00e9complex\u00e9e : parler pour d\u00e9samorcer les bombes<\/h2>\n\n\n\n<p>Dans certaines familles, on peut parler de m\u00e9t\u00e9o, de devoirs, ou de ce qu\u2019on va manger. Mais d\u00e8s qu\u2019on touche \u00e0 la peur, la tristesse ou la col\u00e8re, c\u2019est comme si la pi\u00e8ce devenait min\u00e9e.<\/p>\n\n\n\n<p>Et pourtant ! Mettre des mots sur ses ressentis, c\u2019est le d\u00e9but de la pacification int\u00e9rieure. Encouragez les membres de la famille \u00e0 verbaliser ce qui les traverse. Non pas dans un grand interrogatoire, mais en ouvrant vous-m\u00eame la danse :<\/p>\n\n\n\n<ul class=\"wp-block-list\">\n<li>\u00ab J\u2019ai eu une journ\u00e9e compliqu\u00e9e, je me sens un peu \u00e0 fleur de peau. \u00bb<\/li>\n\n\n\n<li>\u00ab J\u2019ai peur pour ce projet, et j\u2019ai besoin de vous en parler. \u00bb<\/li>\n<\/ul>\n\n\n\n<p>Ce type de partage mod\u00e9lise une <strong>communication \u00e9motionnelle saine<\/strong> : l\u2019autre comprend qu\u2019il a lui aussi le droit d\u2019\u00eatre vuln\u00e9rable.<\/p>\n\n\n\n<hr class=\"wp-block-separator has-alpha-channel-opacity\"\/>\n\n\n\n<h2 class=\"wp-block-heading\" id=\"h-4-les-rituels-affectifs-la-colle-douce-des-liens-familiaux\">4. Les rituels affectifs : la colle douce des liens familiaux<\/h2>\n\n\n\n<p>Parfois, ce n\u2019est pas tant ce qu\u2019on dit, mais <strong>ce qu\u2019on ritualise<\/strong> qui cr\u00e9e un espace de soutien. Des gestes simples et r\u00e9guliers, porteurs de sens :<\/p>\n\n\n\n<ul class=\"wp-block-list\">\n<li>Le c\u00e2lin du matin ;<\/li>\n\n\n\n<li>Le temps calme du soir, o\u00f9 chacun raconte sa \u00ab m\u00e9t\u00e9o int\u00e9rieure \u00bb ;<\/li>\n\n\n\n<li>Le carnet \u00e0 \u00e9motions o\u00f9 on \u00e9crit ce qui nous a touch\u00e9s dans la journ\u00e9e ;<\/li>\n\n\n\n<li>La bo\u00eete \u00e0 gratitude familiale (on y glisse chaque semaine une petite note sur ce qu\u2019on a aim\u00e9 vivre ensemble).<\/li>\n<\/ul>\n\n\n\n<p>Ces rituels n\u2019ont rien de contraignant : ils deviennent une respiration, un espace d\u2019expression doux et sans enjeu.<\/p>\n\n\n\n<hr class=\"wp-block-separator has-alpha-channel-opacity\"\/>\n\n\n\n<h2 class=\"wp-block-heading\" id=\"h-5-l-empathie-incarnee-marcher-dans-les-chaussures-de-l-autre-meme-si-elles-sont-trop-petites\">5. L\u2019empathie incarn\u00e9e : marcher dans les chaussures de l\u2019autre (m\u00eame si elles sont trop petites)<\/h2>\n\n\n\n<p>L\u2019empathie ne s\u2019apprend pas dans les livres, elle se vit au contact des autres. Cela suppose de ne pas chercher \u00e0 corriger ou relativiser les \u00e9motions de l\u2019autre, mais \u00e0 les ressentir avec lui.<\/p>\n\n\n\n<p>Avec les enfants, cela peut \u00eatre :<\/p>\n\n\n\n<ul class=\"wp-block-list\">\n<li>\u00ab Je vois que tu es tr\u00e8s en col\u00e8re, et je suis l\u00e0 pour toi. Tu veux me raconter ? \u00bb<\/li>\n\n\n\n<li>\u00ab Ce n\u2019est pas facile de ne pas \u00eatre choisi pour ce jeu, hein ? Moi aussi, j\u2019aurais \u00e9t\u00e9 triste \u00e0 ta place. \u00bb<\/li>\n<\/ul>\n\n\n\n<p>Avec un conjoint :<\/p>\n\n\n\n<ul class=\"wp-block-list\">\n<li>\u00ab Ce que tu vis au travail a l\u2019air vraiment pesant. Comment je peux t\u2019aider \u00e0 d\u00e9charger \u00e7a ce soir ? \u00bb<\/li>\n<\/ul>\n\n\n\n<p>\u00catre empathique, ce n\u2019est pas \u00eatre une \u00e9ponge. C\u2019est \u00eatre une <strong>boussole chaleureuse<\/strong>, qui permet \u00e0 l\u2019autre de s\u2019orienter dans ses \u00e9motions sans s\u2019y perdre.<\/p>\n\n\n\n<hr class=\"wp-block-separator has-alpha-channel-opacity\"\/>\n\n\n\n<h2 class=\"wp-block-heading\" id=\"h-6-prendre-soin-de-soi-pour-mieux-soutenir-les-autres\">6. Prendre soin de soi pour mieux soutenir les autres<\/h2>\n\n\n\n<p>Ah ! Voil\u00e0 le chapitre que beaucoup aimeraient zapper\u2026 Et pourtant. On ne peut pas offrir un soutien \u00e9motionnel durable si notre propre r\u00e9servoir est vide.<\/p>\n\n\n\n<p>Cela signifie :<\/p>\n\n\n\n<ul class=\"wp-block-list\">\n<li>Se donner le droit \u00e0 des pauses, du sommeil, du silence ;<\/li>\n\n\n\n<li>Exprimer ses besoins sans culpabilit\u00e9 ;<\/li>\n\n\n\n<li>Demander de l\u2019aide quand on vacille.<\/li>\n<\/ul>\n\n\n\n<p>Dans une famille saine, chacun est responsable de son bien-\u00eatre, <strong>sans attendre que les autres devinent ses limites<\/strong>. C\u2019est le plus beau cadeau qu\u2019on puisse faire au collectif : une version de soi align\u00e9e, apais\u00e9e, disponible.<\/p>\n\n\n\n<hr class=\"wp-block-separator has-alpha-channel-opacity\"\/>\n\n\n\n<h2 class=\"wp-block-heading\" id=\"h-7-cultiver-l-humour-et-la-legerete-meme-dans-les-moments-lourds\">7. Cultiver l\u2019humour et la l\u00e9g\u00e8ret\u00e9, m\u00eame dans les moments lourds<\/h2>\n\n\n\n<p>Le soutien \u00e9motionnel, ce n\u2019est pas uniquement larmes, mouchoirs et regards graves. Non ! C\u2019est aussi savoir <strong>d\u00e9samorcer avec tendresse<\/strong>, cr\u00e9er de la l\u00e9g\u00e8ret\u00e9 l\u00e0 o\u00f9 la tension monte, rire ensemble m\u00eame apr\u00e8s une dispute.<\/p>\n\n\n\n<p>Parce que le rire, c\u2019est aussi une fa\u00e7on de dire : \u00ab Je t\u2019aime, m\u00eame quand c\u2019est difficile. \u00bb Et c\u2019est une merveilleuse mani\u00e8re de rel\u00e2cher la pression, sans nier ce qui se vit.<\/p>\n\n\n\n<p>Un petit clin d\u2019\u0153il, une grimace, une vanne bien plac\u00e9e : ces instants font souvent plus que mille discours.<\/p>\n\n\n\n<hr class=\"wp-block-separator has-alpha-channel-opacity\"\/>\n\n\n\n<h2 class=\"wp-block-heading\" id=\"h-8-quand-le-soutien-derape-attention-aux-pieges\">8. Quand le soutien d\u00e9rape : attention aux pi\u00e8ges<\/h2>\n\n\n\n<p>Soutenir, ce n\u2019est pas contr\u00f4ler. Ce n\u2019est pas materner \u00e0 l\u2019exc\u00e8s, ni r\u00e9soudre tous les probl\u00e8mes \u00e0 la place de l\u2019autre. Il faut rester \u00e0 l\u2019\u00e9coute, <strong>sans devenir sauveur ou ge\u00f4lier affectif<\/strong>.<\/p>\n\n\n\n<p>On ne peut pas porter les \u00e9motions de l\u2019autre \u00e0 sa place. Mais on peut \u00eatre ce phare au loin, ce coussin moelleux, cette main tendue qui dit : \u00ab Je suis l\u00e0, et je crois en toi. \u00bb<\/p>\n\n\n\n<hr class=\"wp-block-separator has-alpha-channel-opacity\"\/>\n\n\n\n<h2 class=\"wp-block-heading\" id=\"h-en-conclusion-un-art-joyeux-a-cultiver-chaque-jour\">En conclusion : un art joyeux \u00e0 cultiver chaque jour<\/h2>\n\n\n\n<p>Cr\u00e9er un environnement de soutien \u00e9motionnel en famille, c\u2019est comme entretenir un jardin : un peu chaque jour, avec de la pr\u00e9sence, de l\u2019amour, et parfois des bottes en caoutchouc pour traverser les orages.<\/p>\n\n\n\n<p>C\u2019est un <strong>acte de tendresse active<\/strong>, un choix de relation, une philosophie de la connexion humaine. Et surtout, c\u2019est un chemin qui rend chacun plus libre, plus fort, plus vivant.<\/p>\n\n\n\n<p>Alors, pr\u00eats \u00e0 construire votre cabane de s\u00e9curit\u00e9 \u00e9motionnelle ? Elle n\u2019attend que vous. Et si elle est parfois de guingois, qu\u2019importe : tant qu\u2019elle est habit\u00e9e d\u2019amour, elle tiendra bon face au vent.<\/p>\n\n\n\n<p><strong>En fran\u00e7ais<\/strong><\/p>\n\n\n\n<ol class=\"wp-block-list\">\n<li><strong>Cerveau &amp; Psycho \u2013 Pourquoi l\u2019\u00e9coute active est-elle si efficace ?<\/strong><br><a href=\"https:\/\/www.cerveauetpsycho.fr\/sd\/psychologie\/pourquoi-lecoute-active-est-elle-si-efficace-20896.php\">https:\/\/www.cerveauetpsycho.fr\/sd\/psychologie\/pourquoi-lecoute-active-est-elle-si-efficace-20896.php<\/a><\/li>\n\n\n\n<li><strong>Inserm \u2013 Les \u00e9motions : \u00e0 quoi servent-elles ?<\/strong><br><a href=\"https:\/\/www.inserm.fr\/dossier\/emotions\/\">https:\/\/www.inserm.fr\/dossier\/emotions\/<\/a><\/li>\n\n\n\n<li><strong>The Conversation \u2013 Parler de ses \u00e9motions en famille<\/strong><br><a href=\"https:\/\/theconversation.com\/parler-de-ses-emotions-en-famille-un-pilier-de-la-sante-mentale-191118\">https:\/\/theconversation.com\/parler-de-ses-emotions-en-famille-un-pilier-de-la-sante-mentale-191118<\/a><\/li>\n\n\n\n<li><strong>Sant\u00e9 publique France \u2013 Sant\u00e9 mentale : les bienfaits du lien social<\/strong><br><a href=\"https:\/\/www.santepubliquefrance.fr\/determinants-de-sante\/sante-mentale\">https:\/\/www.santepubliquefrance.fr\/determinants-de-sante\/sante-mentale<\/a><\/li>\n\n\n\n<li><strong>Happinez \u2013 Le pouvoir du soutien \u00e9motionnel<\/strong><\/li>\n\n\n\n<li><a href=\"https:\/\/www.happinez.fr\/developpement-personnel\/le-pouvoir-du-soutien-emotionnel\/\">https:\/\/www.happinez.fr\/developpement-personnel\/le-pouvoir-du-soutien-emotionnel\/<\/a><\/li>\n<\/ol>\n\n\n\n<p><\/p>\n","protected":false},"excerpt":{"rendered":"<p>Un tr\u00e9sor \u00e0 cultiver en famille Imaginez une grande cabane en bois, chaleureuse, douillette, o\u00f9 chacun peut entrer, poser ses valises pleines de tracas, de r\u00eaves et de doutes, et s&rsquo;entendre dire : \u00ab Tu peux tout me dire, je suis l\u00e0. \u00bb Cette cabane, c\u2019est l\u2019environnement de soutien \u00e9motionnel que l\u2019on peut cr\u00e9er dans [&hellip;]<\/p>\n","protected":false},"author":19,"featured_media":21492,"comment_status":"closed","ping_status":"closed","sticky":false,"template":"","format":"standard","meta":{"_eb_attr":"","_monsterinsights_skip_tracking":false,"_monsterinsights_sitenote_active":false,"_monsterinsights_sitenote_note":"","_monsterinsights_sitenote_category":0,"footnotes":""},"categories":[518],"tags":[789],"class_list":["post-21491","post","type-post","status-publish","format-standard","has-post-thumbnail","hentry","category-renforcement-des-liens-familiaux","tag-789"],"yoast_head":"<!-- This site is optimized with the Yoast SEO Premium plugin v22.7 (Yoast SEO v27.5) - https:\/\/yoast.com\/product\/yoast-seo-premium-wordpress\/ -->\n<title>Cr\u00e9er un environnement de soutien \u00e9motionnel - duoveo<\/title>\n<meta name=\"description\" content=\"Cr\u00e9ez un cocon de soutien \u00e9motionnel en famille : un tr\u00e9sor joyeux pour renforcer les liens et traverser les temp\u00eates ensemble.\" \/>\n<meta name=\"robots\" content=\"index, follow, max-snippet:-1, max-image-preview:large, max-video-preview:-1\" \/>\n<link rel=\"canonical\" href=\"https:\/\/duoveo.com\/fr\/bien-etre-relationnel\/renforcement-des-liens-familiaux\/creer-un-environnement-de-soutien-emotionnel\/\" \/>\n<meta property=\"og:locale\" content=\"fr_FR\" \/>\n<meta property=\"og:type\" content=\"article\" \/>\n<meta property=\"og:title\" content=\"Cr\u00e9er un environnement de soutien \u00e9motionnel - duoveo\" \/>\n<meta property=\"og:description\" content=\"Cr\u00e9ez un cocon de soutien \u00e9motionnel en famille : un tr\u00e9sor joyeux pour renforcer les liens et traverser les temp\u00eates ensemble.\" \/>\n<meta property=\"og:url\" content=\"https:\/\/duoveo.com\/fr\/bien-etre-relationnel\/renforcement-des-liens-familiaux\/creer-un-environnement-de-soutien-emotionnel\/\" \/>\n<meta property=\"og:site_name\" content=\"duoveo\" \/>\n<meta property=\"article:publisher\" content=\"https:\/\/facebook.com\/duoveo\" \/>\n<meta property=\"article:published_time\" content=\"2025-07-30T13:54:34+00:00\" \/>\n<meta property=\"article:modified_time\" content=\"2025-09-06T23:41:18+00:00\" \/>\n<meta property=\"og:image\" content=\"https:\/\/duoveo.com\/wp-content\/uploads\/2025\/07\/3.2.4.1_Creer-un-environnement-de-soutien-emotionnel-16-9.jpg\" \/>\n\t<meta property=\"og:image:width\" content=\"1000\" \/>\n\t<meta property=\"og:image:height\" content=\"562\" \/>\n\t<meta property=\"og:image:type\" content=\"image\/jpeg\" \/>\n<meta name=\"author\" content=\"Olivier Lantier\" \/>\n<meta name=\"twitter:card\" content=\"summary_large_image\" \/>\n<meta name=\"twitter:label1\" content=\"\u00c9crit par\" \/>\n\t<meta name=\"twitter:data1\" content=\"Olivier Lantier\" \/>\n\t<meta name=\"twitter:label2\" content=\"Dur\u00e9e de lecture estim\u00e9e\" \/>\n\t<meta name=\"twitter:data2\" content=\"6 minutes\" \/>\n<script type=\"application\/ld+json\" class=\"yoast-schema-graph\">{\"@context\":\"https:\\\/\\\/schema.org\",\"@graph\":[{\"@type\":\"Article\",\"@id\":\"https:\\\/\\\/duoveo.com\\\/fr\\\/bien-etre-relationnel\\\/renforcement-des-liens-familiaux\\\/creer-un-environnement-de-soutien-emotionnel\\\/#article\",\"isPartOf\":{\"@id\":\"https:\\\/\\\/duoveo.com\\\/fr\\\/bien-etre-relationnel\\\/renforcement-des-liens-familiaux\\\/creer-un-environnement-de-soutien-emotionnel\\\/\"},\"author\":{\"name\":\"Olivier Lantier\",\"@id\":\"https:\\\/\\\/duoveo.com\\\/fr\\\/#\\\/schema\\\/person\\\/8cbd14e593f990cca1ec61fbc6677f4a\"},\"headline\":\"Cr\u00e9er un environnement de soutien \u00e9motionnel\",\"datePublished\":\"2025-07-30T13:54:34+00:00\",\"dateModified\":\"2025-09-06T23:41:18+00:00\",\"mainEntityOfPage\":{\"@id\":\"https:\\\/\\\/duoveo.com\\\/fr\\\/bien-etre-relationnel\\\/renforcement-des-liens-familiaux\\\/creer-un-environnement-de-soutien-emotionnel\\\/\"},\"wordCount\":1357,\"publisher\":{\"@id\":\"https:\\\/\\\/duoveo.com\\\/fr\\\/#organization\"},\"image\":{\"@id\":\"https:\\\/\\\/duoveo.com\\\/fr\\\/bien-etre-relationnel\\\/renforcement-des-liens-familiaux\\\/creer-un-environnement-de-soutien-emotionnel\\\/#primaryimage\"},\"thumbnailUrl\":\"https:\\\/\\\/duoveo.com\\\/wp-content\\\/uploads\\\/2025\\\/07\\\/3.2.4.1_Creer-un-environnement-de-soutien-emotionnel-16-9.jpg\",\"keywords\":[\"425\"],\"articleSection\":[\"Renforcement des liens familiaux\"],\"inLanguage\":\"fr-FR\"},{\"@type\":\"WebPage\",\"@id\":\"https:\\\/\\\/duoveo.com\\\/fr\\\/bien-etre-relationnel\\\/renforcement-des-liens-familiaux\\\/creer-un-environnement-de-soutien-emotionnel\\\/\",\"url\":\"https:\\\/\\\/duoveo.com\\\/fr\\\/bien-etre-relationnel\\\/renforcement-des-liens-familiaux\\\/creer-un-environnement-de-soutien-emotionnel\\\/\",\"name\":\"Cr\u00e9er un environnement de soutien \u00e9motionnel - duoveo\",\"isPartOf\":{\"@id\":\"https:\\\/\\\/duoveo.com\\\/fr\\\/#website\"},\"primaryImageOfPage\":{\"@id\":\"https:\\\/\\\/duoveo.com\\\/fr\\\/bien-etre-relationnel\\\/renforcement-des-liens-familiaux\\\/creer-un-environnement-de-soutien-emotionnel\\\/#primaryimage\"},\"image\":{\"@id\":\"https:\\\/\\\/duoveo.com\\\/fr\\\/bien-etre-relationnel\\\/renforcement-des-liens-familiaux\\\/creer-un-environnement-de-soutien-emotionnel\\\/#primaryimage\"},\"thumbnailUrl\":\"https:\\\/\\\/duoveo.com\\\/wp-content\\\/uploads\\\/2025\\\/07\\\/3.2.4.1_Creer-un-environnement-de-soutien-emotionnel-16-9.jpg\",\"datePublished\":\"2025-07-30T13:54:34+00:00\",\"dateModified\":\"2025-09-06T23:41:18+00:00\",\"description\":\"Cr\u00e9ez un cocon de soutien \u00e9motionnel en famille : un tr\u00e9sor joyeux pour renforcer les liens et traverser les temp\u00eates ensemble.\",\"inLanguage\":\"fr-FR\",\"potentialAction\":[{\"@type\":\"ReadAction\",\"target\":[\"https:\\\/\\\/duoveo.com\\\/fr\\\/bien-etre-relationnel\\\/renforcement-des-liens-familiaux\\\/creer-un-environnement-de-soutien-emotionnel\\\/\"]}]},{\"@type\":\"ImageObject\",\"inLanguage\":\"fr-FR\",\"@id\":\"https:\\\/\\\/duoveo.com\\\/fr\\\/bien-etre-relationnel\\\/renforcement-des-liens-familiaux\\\/creer-un-environnement-de-soutien-emotionnel\\\/#primaryimage\",\"url\":\"https:\\\/\\\/duoveo.com\\\/wp-content\\\/uploads\\\/2025\\\/07\\\/3.2.4.1_Creer-un-environnement-de-soutien-emotionnel-16-9.jpg\",\"contentUrl\":\"https:\\\/\\\/duoveo.com\\\/wp-content\\\/uploads\\\/2025\\\/07\\\/3.2.4.1_Creer-un-environnement-de-soutien-emotionnel-16-9.jpg\",\"width\":1000,\"height\":562,\"caption\":\"soutien \u00e9motionnel en famille\"},{\"@type\":\"WebSite\",\"@id\":\"https:\\\/\\\/duoveo.com\\\/fr\\\/#website\",\"url\":\"https:\\\/\\\/duoveo.com\\\/fr\\\/\",\"name\":\"duoveo\",\"description\":\"Your story, beautifully told - Created with WordPress managed by IONOS\",\"publisher\":{\"@id\":\"https:\\\/\\\/duoveo.com\\\/fr\\\/#organization\"},\"potentialAction\":[{\"@type\":\"SearchAction\",\"target\":{\"@type\":\"EntryPoint\",\"urlTemplate\":\"https:\\\/\\\/duoveo.com\\\/fr\\\/?s={search_term_string}\"},\"query-input\":{\"@type\":\"PropertyValueSpecification\",\"valueRequired\":true,\"valueName\":\"search_term_string\"}}],\"inLanguage\":\"fr-FR\"},{\"@type\":\"Organization\",\"@id\":\"https:\\\/\\\/duoveo.com\\\/fr\\\/#organization\",\"name\":\"duoveo\",\"url\":\"https:\\\/\\\/duoveo.com\\\/fr\\\/\",\"logo\":{\"@type\":\"ImageObject\",\"inLanguage\":\"fr-FR\",\"@id\":\"https:\\\/\\\/duoveo.com\\\/fr\\\/#\\\/schema\\\/logo\\\/image\\\/\",\"url\":\"https:\\\/\\\/duoveo.com\\\/wp-content\\\/uploads\\\/2022\\\/03\\\/DuoVeo_logo-black_256.png\",\"contentUrl\":\"https:\\\/\\\/duoveo.com\\\/wp-content\\\/uploads\\\/2022\\\/03\\\/DuoVeo_logo-black_256.png\",\"width\":256,\"height\":256,\"caption\":\"duoveo\"},\"image\":{\"@id\":\"https:\\\/\\\/duoveo.com\\\/fr\\\/#\\\/schema\\\/logo\\\/image\\\/\"},\"sameAs\":[\"https:\\\/\\\/facebook.com\\\/duoveo\",\"https:\\\/\\\/www.instagram.com\\\/duo.veo\\\/\"]},{\"@type\":\"Person\",\"@id\":\"https:\\\/\\\/duoveo.com\\\/fr\\\/#\\\/schema\\\/person\\\/8cbd14e593f990cca1ec61fbc6677f4a\",\"name\":\"Olivier Lantier\"}]}<\/script>\n<!-- \/ Yoast SEO Premium plugin. -->","yoast_head_json":{"title":"Cr\u00e9er un environnement de soutien \u00e9motionnel - duoveo","description":"Cr\u00e9ez un cocon de soutien \u00e9motionnel en famille : un tr\u00e9sor joyeux pour renforcer les liens et traverser les temp\u00eates ensemble.","robots":{"index":"index","follow":"follow","max-snippet":"max-snippet:-1","max-image-preview":"max-image-preview:large","max-video-preview":"max-video-preview:-1"},"canonical":"https:\/\/duoveo.com\/fr\/bien-etre-relationnel\/renforcement-des-liens-familiaux\/creer-un-environnement-de-soutien-emotionnel\/","og_locale":"fr_FR","og_type":"article","og_title":"Cr\u00e9er un environnement de soutien \u00e9motionnel - duoveo","og_description":"Cr\u00e9ez un cocon de soutien \u00e9motionnel en famille : un tr\u00e9sor joyeux pour renforcer les liens et traverser les temp\u00eates ensemble.","og_url":"https:\/\/duoveo.com\/fr\/bien-etre-relationnel\/renforcement-des-liens-familiaux\/creer-un-environnement-de-soutien-emotionnel\/","og_site_name":"duoveo","article_publisher":"https:\/\/facebook.com\/duoveo","article_published_time":"2025-07-30T13:54:34+00:00","article_modified_time":"2025-09-06T23:41:18+00:00","og_image":[{"width":1000,"height":562,"url":"https:\/\/duoveo.com\/wp-content\/uploads\/2025\/07\/3.2.4.1_Creer-un-environnement-de-soutien-emotionnel-16-9.jpg","type":"image\/jpeg"}],"author":"Olivier Lantier","twitter_card":"summary_large_image","twitter_misc":{"\u00c9crit par":"Olivier Lantier","Dur\u00e9e de lecture estim\u00e9e":"6 minutes"},"schema":{"@context":"https:\/\/schema.org","@graph":[{"@type":"Article","@id":"https:\/\/duoveo.com\/fr\/bien-etre-relationnel\/renforcement-des-liens-familiaux\/creer-un-environnement-de-soutien-emotionnel\/#article","isPartOf":{"@id":"https:\/\/duoveo.com\/fr\/bien-etre-relationnel\/renforcement-des-liens-familiaux\/creer-un-environnement-de-soutien-emotionnel\/"},"author":{"name":"Olivier Lantier","@id":"https:\/\/duoveo.com\/fr\/#\/schema\/person\/8cbd14e593f990cca1ec61fbc6677f4a"},"headline":"Cr\u00e9er un environnement de soutien \u00e9motionnel","datePublished":"2025-07-30T13:54:34+00:00","dateModified":"2025-09-06T23:41:18+00:00","mainEntityOfPage":{"@id":"https:\/\/duoveo.com\/fr\/bien-etre-relationnel\/renforcement-des-liens-familiaux\/creer-un-environnement-de-soutien-emotionnel\/"},"wordCount":1357,"publisher":{"@id":"https:\/\/duoveo.com\/fr\/#organization"},"image":{"@id":"https:\/\/duoveo.com\/fr\/bien-etre-relationnel\/renforcement-des-liens-familiaux\/creer-un-environnement-de-soutien-emotionnel\/#primaryimage"},"thumbnailUrl":"https:\/\/duoveo.com\/wp-content\/uploads\/2025\/07\/3.2.4.1_Creer-un-environnement-de-soutien-emotionnel-16-9.jpg","keywords":["425"],"articleSection":["Renforcement des liens familiaux"],"inLanguage":"fr-FR"},{"@type":"WebPage","@id":"https:\/\/duoveo.com\/fr\/bien-etre-relationnel\/renforcement-des-liens-familiaux\/creer-un-environnement-de-soutien-emotionnel\/","url":"https:\/\/duoveo.com\/fr\/bien-etre-relationnel\/renforcement-des-liens-familiaux\/creer-un-environnement-de-soutien-emotionnel\/","name":"Cr\u00e9er un environnement de soutien \u00e9motionnel - duoveo","isPartOf":{"@id":"https:\/\/duoveo.com\/fr\/#website"},"primaryImageOfPage":{"@id":"https:\/\/duoveo.com\/fr\/bien-etre-relationnel\/renforcement-des-liens-familiaux\/creer-un-environnement-de-soutien-emotionnel\/#primaryimage"},"image":{"@id":"https:\/\/duoveo.com\/fr\/bien-etre-relationnel\/renforcement-des-liens-familiaux\/creer-un-environnement-de-soutien-emotionnel\/#primaryimage"},"thumbnailUrl":"https:\/\/duoveo.com\/wp-content\/uploads\/2025\/07\/3.2.4.1_Creer-un-environnement-de-soutien-emotionnel-16-9.jpg","datePublished":"2025-07-30T13:54:34+00:00","dateModified":"2025-09-06T23:41:18+00:00","description":"Cr\u00e9ez un cocon de soutien \u00e9motionnel en famille : un tr\u00e9sor joyeux pour renforcer les liens et traverser les temp\u00eates ensemble.","inLanguage":"fr-FR","potentialAction":[{"@type":"ReadAction","target":["https:\/\/duoveo.com\/fr\/bien-etre-relationnel\/renforcement-des-liens-familiaux\/creer-un-environnement-de-soutien-emotionnel\/"]}]},{"@type":"ImageObject","inLanguage":"fr-FR","@id":"https:\/\/duoveo.com\/fr\/bien-etre-relationnel\/renforcement-des-liens-familiaux\/creer-un-environnement-de-soutien-emotionnel\/#primaryimage","url":"https:\/\/duoveo.com\/wp-content\/uploads\/2025\/07\/3.2.4.1_Creer-un-environnement-de-soutien-emotionnel-16-9.jpg","contentUrl":"https:\/\/duoveo.com\/wp-content\/uploads\/2025\/07\/3.2.4.1_Creer-un-environnement-de-soutien-emotionnel-16-9.jpg","width":1000,"height":562,"caption":"soutien \u00e9motionnel en famille"},{"@type":"WebSite","@id":"https:\/\/duoveo.com\/fr\/#website","url":"https:\/\/duoveo.com\/fr\/","name":"duoveo","description":"Your story, beautifully told - Created with WordPress managed by IONOS","publisher":{"@id":"https:\/\/duoveo.com\/fr\/#organization"},"potentialAction":[{"@type":"SearchAction","target":{"@type":"EntryPoint","urlTemplate":"https:\/\/duoveo.com\/fr\/?s={search_term_string}"},"query-input":{"@type":"PropertyValueSpecification","valueRequired":true,"valueName":"search_term_string"}}],"inLanguage":"fr-FR"},{"@type":"Organization","@id":"https:\/\/duoveo.com\/fr\/#organization","name":"duoveo","url":"https:\/\/duoveo.com\/fr\/","logo":{"@type":"ImageObject","inLanguage":"fr-FR","@id":"https:\/\/duoveo.com\/fr\/#\/schema\/logo\/image\/","url":"https:\/\/duoveo.com\/wp-content\/uploads\/2022\/03\/DuoVeo_logo-black_256.png","contentUrl":"https:\/\/duoveo.com\/wp-content\/uploads\/2022\/03\/DuoVeo_logo-black_256.png","width":256,"height":256,"caption":"duoveo"},"image":{"@id":"https:\/\/duoveo.com\/fr\/#\/schema\/logo\/image\/"},"sameAs":["https:\/\/facebook.com\/duoveo","https:\/\/www.instagram.com\/duo.veo\/"]},{"@type":"Person","@id":"https:\/\/duoveo.com\/fr\/#\/schema\/person\/8cbd14e593f990cca1ec61fbc6677f4a","name":"Olivier Lantier"}]}},"_links":{"self":[{"href":"https:\/\/duoveo.com\/fr\/wp-json\/wp\/v2\/posts\/21491","targetHints":{"allow":["GET"]}}],"collection":[{"href":"https:\/\/duoveo.com\/fr\/wp-json\/wp\/v2\/posts"}],"about":[{"href":"https:\/\/duoveo.com\/fr\/wp-json\/wp\/v2\/types\/post"}],"author":[{"embeddable":true,"href":"https:\/\/duoveo.com\/fr\/wp-json\/wp\/v2\/users\/19"}],"replies":[{"embeddable":true,"href":"https:\/\/duoveo.com\/fr\/wp-json\/wp\/v2\/comments?post=21491"}],"version-history":[{"count":1,"href":"https:\/\/duoveo.com\/fr\/wp-json\/wp\/v2\/posts\/21491\/revisions"}],"predecessor-version":[{"id":21494,"href":"https:\/\/duoveo.com\/fr\/wp-json\/wp\/v2\/posts\/21491\/revisions\/21494"}],"wp:featuredmedia":[{"embeddable":true,"href":"https:\/\/duoveo.com\/fr\/wp-json\/wp\/v2\/media\/21492"}],"wp:attachment":[{"href":"https:\/\/duoveo.com\/fr\/wp-json\/wp\/v2\/media?parent=21491"}],"wp:term":[{"taxonomy":"category","embeddable":true,"href":"https:\/\/duoveo.com\/fr\/wp-json\/wp\/v2\/categories?post=21491"},{"taxonomy":"post_tag","embeddable":true,"href":"https:\/\/duoveo.com\/fr\/wp-json\/wp\/v2\/tags?post=21491"}],"curies":[{"name":"wp","href":"https:\/\/api.w.org\/{rel}","templated":true}]}}