{"id":21499,"date":"2025-07-30T14:02:25","date_gmt":"2025-07-30T14:02:25","guid":{"rendered":"https:\/\/duoveo.com\/?p=21499"},"modified":"2025-09-06T23:53:36","modified_gmt":"2025-09-06T23:53:36","slug":"groupes-de-soutien-familial","status":"publish","type":"post","link":"https:\/\/duoveo.com\/fr\/bien-etre-relationnel\/renforcement-des-liens-familiaux\/groupes-de-soutien-familial\/","title":{"rendered":"Groupes de soutien familial"},"content":{"rendered":"\n<h1 class=\"wp-block-heading\" id=\"h-\"><\/h1>\n\n\n\n<h3 class=\"wp-block-heading\" id=\"h-des-bulles-d-air-pour-les-coeurs-serres\">Des bulles d&rsquo;air pour les c\u0153urs serr\u00e9s<\/h3>\n\n\n\n<p>Imaginez une table ronde, des fauteuils accueillants, des regards bienveillants, et au centre, un espace de parole libre. Pas de jugement, pas de comp\u00e9tition, juste l&rsquo;envie de mieux se comprendre, de mieux s&rsquo;entendre, et surtout, de ne plus se sentir seul\u00b7e face aux remous de la vie familiale. Bienvenue dans le monde des <strong>groupes de soutien familial<\/strong>, ces petits havres de paix o\u00f9 l&rsquo;on vient d\u00e9poser ses valises \u00e9motionnelles pour repartir plus l\u00e9ger\u00b7e\u2026 et plus soud\u00e9\u00b7e.<\/p>\n\n\n\n<p>Dans une \u00e9poque o\u00f9 l&rsquo;on communique plus vite que jamais mais parfois moins en profondeur, ces groupes offrent une respiration, un recentrage. Car au c\u0153ur du <strong>renforcement des liens familiaux<\/strong>, le <strong>soutien \u00e9motionnel<\/strong> joue un r\u00f4le capital. Et lorsqu&rsquo;il manque, le tissu relationnel s&rsquo;effiloche, les malentendus s&rsquo;accumulent, et chacun se replie dans son coin avec ses ruminations.<\/p>\n\n\n\n<p>Mais alors, qu\u2019est-ce qu\u2019un groupe de soutien familial exactement ? \u00c0 quoi sert-il ? Comment en cr\u00e9er ou en rejoindre un ? Et surtout, pourquoi cet outil \u2013 simple en apparence \u2013 peut-il transformer nos relations les plus pr\u00e9cieuses ? Enfilez vos chaussons de curiosit\u00e9, on vous emm\u00e8ne explorer un territoire aussi riche qu\u2019\u00e9mouvant.<\/p>\n\n\n\n<hr class=\"wp-block-separator has-alpha-channel-opacity\"\/>\n\n\n\n<h2 class=\"wp-block-heading\" id=\"h-qu-est-ce-qu-un-groupe-de-soutien-familial\">Qu\u2019est-ce qu\u2019un groupe de soutien familial ?<\/h2>\n\n\n\n<p>Un <strong>groupe de soutien familial<\/strong> est une structure (formelle ou informelle) r\u00e9unissant des membres d\u2019une m\u00eame famille ou des familles diff\u00e9rentes partageant une probl\u00e9matique commune : un deuil, une maladie, un enfant en situation de handicap, une addiction, une s\u00e9paration, un conflit g\u00e9n\u00e9rationnel\u2026 ou simplement le besoin de recr\u00e9er du lien.<\/p>\n\n\n\n<p>Le but ? <strong>\u00c9couter, exprimer, partager, et avancer ensemble<\/strong>.<\/p>\n\n\n\n<p>Il peut \u00eatre anim\u00e9 par un professionnel (psychologue, m\u00e9diateur familial, travailleur social) ou fonctionner en auto-gestion. On y parle de soi, de son v\u00e9cu, de ses \u00e9motions. Pas pour trouver des solutions toutes faites, mais pour <strong>\u00eatre reconnu\u00b7e dans ce que l\u2019on vit<\/strong>. Et \u00e7a, c\u2019est d\u00e9j\u00e0 \u00e9norme.<\/p>\n\n\n\n<hr class=\"wp-block-separator has-alpha-channel-opacity\"\/>\n\n\n\n<h2 class=\"wp-block-heading\" id=\"h-pourquoi-en-avons-nous-tant-besoin\">Pourquoi en avons-nous tant besoin ?<\/h2>\n\n\n\n<p>Parce que, souvent, dans la sph\u00e8re familiale, <strong>les r\u00f4les sont fig\u00e9s<\/strong>. Il y a le \u00ab\u00a0fort\u00a0\u00bb, le \u00ab\u00a0fragile\u00a0\u00bb, la \u00ab\u00a0m\u00e8re courage\u00a0\u00bb, le \u00ab\u00a0rebelle\u00a0\u00bb, le \u00ab\u00a0sauveur\u00a0\u00bb, etc. Ces \u00e9tiquettes finissent par enfermer, emp\u00eacher l\u2019authenticit\u00e9. Le groupe de soutien familial permet de <strong>sortir du cadre habituel<\/strong>, d&rsquo;exprimer ce que l\u2019on n\u2019ose pas dire chez soi, et de voir ses proches autrement.<\/p>\n\n\n\n<p>Il agit comme un miroir multiple : on se d\u00e9couvre dans les paroles des autres, on r\u00e9alise qu\u2019on n\u2019est pas seul\u00b7e \u00e0 ressentir ce qu\u2019on ressent. La parole devient un fil qui relie, tisse du sens, pacifie.<\/p>\n\n\n\n<p>Et surtout : <strong>on y d\u00e9pose sa charge mentale et \u00e9motionnelle<\/strong>, ce sac \u00e0 dos invisible que l\u2019on porte parfois depuis l\u2019enfance.<\/p>\n\n\n\n<hr class=\"wp-block-separator has-alpha-channel-opacity\"\/>\n\n\n\n<h2 class=\"wp-block-heading\" id=\"h-des-effets-concrets-profonds-durables\">Des effets concrets, profonds, durables<\/h2>\n\n\n\n<p>Les \u00e9tudes en psychologie familiale montrent que les groupes de parole et de soutien ont des <strong>effets th\u00e9rapeutiques r\u00e9els<\/strong> :<\/p>\n\n\n\n<ul class=\"wp-block-list\">\n<li><strong>Baisse du stress et de l\u2019anxi\u00e9t\u00e9<\/strong> : pouvoir s\u2019exprimer dans un cadre s\u00e9curis\u00e9 diminue la charge \u00e9motionnelle.<\/li>\n\n\n\n<li><strong>Renforcement du sentiment d\u2019appartenance<\/strong> : chacun se sent \u00e0 nouveau reli\u00e9 \u00e0 sa famille ou \u00e0 un groupe partageant ses r\u00e9alit\u00e9s.<\/li>\n\n\n\n<li><strong>Am\u00e9lioration de la communication intrafamiliale<\/strong> : on apprend \u00e0 \u00e9couter, \u00e0 reformuler, \u00e0 parler en \u00ab\u00a0je\u00a0\u00bb plut\u00f4t qu\u2019en \u00ab\u00a0tu\u00a0\u00bb accusateur.<\/li>\n\n\n\n<li><strong>Mont\u00e9e en comp\u00e9tence \u00e9motionnelle<\/strong> : on apprend \u00e0 nommer ce que l\u2019on ressent, \u00e0 poser des limites, \u00e0 demander de l\u2019aide.<\/li>\n<\/ul>\n\n\n\n<hr class=\"wp-block-separator has-alpha-channel-opacity\"\/>\n\n\n\n<h2 class=\"wp-block-heading\" id=\"h-et-pour-les-enfants-alors\">Et pour les enfants, alors ?<\/h2>\n\n\n\n<p>Ne les oublions pas ! Les enfants et les adolescents b\u00e9n\u00e9ficient tout autant \u2013 parfois plus encore \u2013 de ces espaces. Qu\u2019ils soient confront\u00e9s \u00e0 une s\u00e9paration parentale, \u00e0 un climat familial tendu, ou \u00e0 une situation de handicap dans la fratrie, <strong>ils ont besoin d\u2019un lieu o\u00f9 la parole est libre et valoris\u00e9e<\/strong>.<\/p>\n\n\n\n<p>Il existe d\u2019ailleurs des groupes sp\u00e9cialement con\u00e7us pour eux, avec des m\u00e9diateurs form\u00e9s \u00e0 l\u2019accompagnement des \u00e9motions infantiles. Jeux, dessins, mises en sc\u00e8ne&#8230; les outils sont adapt\u00e9s, mais le fond reste le m\u00eame : <strong>\u00eatre \u00e9cout\u00e9 sans \u00eatre jug\u00e9<\/strong>.<\/p>\n\n\n\n<hr class=\"wp-block-separator has-alpha-channel-opacity\"\/>\n\n\n\n<h2 class=\"wp-block-heading\" id=\"h-monter-son-propre-groupe-mode-d-emploi-espiegle\">Monter son propre groupe : mode d\u2019emploi espi\u00e8gle<\/h2>\n\n\n\n<p>Vous sentez l\u2019appel ? Vous vous dites que, dans votre famille ou votre entourage, un groupe de soutien ferait du bien ? Bonne id\u00e9e ! Voici une recette maison, sans gluten mais pleine de c\u0153ur :<\/p>\n\n\n\n<ol class=\"wp-block-list\">\n<li><strong>D\u00e9finissez l\u2019intention<\/strong> : Pourquoi souhaitez-vous cr\u00e9er ce groupe ? Quel est le besoin derri\u00e8re ?<\/li>\n\n\n\n<li><strong>Trouvez vos complices<\/strong> : Invitez les membres volontaires de votre famille, ou ouvrez \u00e0 d\u2019autres familles dans la m\u00eame situation.<\/li>\n\n\n\n<li><strong>Cadrez avec bienveillance<\/strong> : quelques r\u00e8gles de base suffisent : confidentialit\u00e9, non-jugement, \u00e9coute active, pas d\u2019interruption.<\/li>\n\n\n\n<li><strong>Choisissez un rythme<\/strong> : mensuel, bi-hebdomadaire ? En pr\u00e9sentiel ou en visio ? Le tout, c\u2019est la r\u00e9gularit\u00e9.<\/li>\n\n\n\n<li><strong>Animez avec simplicit\u00e9<\/strong> : un b\u00e2ton de parole, un temps de m\u00e9t\u00e9o \u00e9motionnelle, un sujet par s\u00e9ance\u2026 pas besoin d\u2019\u00eatre th\u00e9rapeute pour bien faire.<\/li>\n\n\n\n<li><strong>Faites place \u00e0 la l\u00e9g\u00e8ret\u00e9<\/strong> : l\u2019\u00e9motion, oui, mais l\u2019humour aussi ! Quelques jeux de coh\u00e9sion ou anecdotes joyeuses d\u00e9tendent l\u2019atmosph\u00e8re.<\/li>\n<\/ol>\n\n\n\n<hr class=\"wp-block-separator has-alpha-channel-opacity\"\/>\n\n\n\n<h2 class=\"wp-block-heading\" id=\"h-temoignage-on-a-renoue-grace-au-groupe\">T\u00e9moignage : \u00ab\u00a0On a renou\u00e9 gr\u00e2ce au groupe\u00a0\u00bb<\/h2>\n\n\n\n<p><em>Claire, 42 ans, raconte :<\/em><\/p>\n\n\n\n<p>\u00ab\u00a0Avec mes deux fr\u00e8res, on ne se parlait plus vraiment depuis la mort de notre p\u00e8re. Trop de rancunes, de non-dits. Ma s\u0153ur a propos\u00e9 de cr\u00e9er un petit cercle de parole une fois par mois, avec une m\u00e9diatrice amie. Au d\u00e9but, c\u2019\u00e9tait \u00e9trange, g\u00eanant m\u00eame. Mais petit \u00e0 petit, on a commenc\u00e9 \u00e0 se dire des choses importantes. \u00c0 comprendre nos blessures respectives. Aujourd\u2019hui, on n\u2019est pas devenus les Bisounours, mais on se parle avec respect. On est redevenus une fratrie.\u00a0\u00bb<\/p>\n\n\n\n<hr class=\"wp-block-separator has-alpha-channel-opacity\"\/>\n\n\n\n<h2 class=\"wp-block-heading\" id=\"h-un-outil-de-paix-relationnelle\">Un outil de paix relationnelle<\/h2>\n\n\n\n<p>Dans un monde qui va vite, o\u00f9 l\u2019on court souvent plus qu\u2019on ne s\u2019\u00e9coute, les groupes de soutien familial sont <strong>des oasis de lenteur et de profondeur<\/strong>. Ils ne r\u00e9solvent pas tous les probl\u00e8mes, mais ils <strong>changent la mani\u00e8re dont on les vit, et donc dont on les traverse<\/strong>.<\/p>\n\n\n\n<p>Ils permettent aussi de <strong>changer de posture int\u00e9rieure<\/strong> : passer du reproche \u00e0 la demande, de la fuite \u00e0 l\u2019expression, de la plainte \u00e0 l\u2019\u00e9coute de soi.<\/p>\n\n\n\n<p>Et, cerise sur le g\u00e2teau : en se soutenant mutuellement, on apprend aussi \u00e0 se soutenir soi-m\u00eame. Et \u00e7a, c\u2019est un tr\u00e9sor qui rayonne bien au-del\u00e0 du cercle familial.<\/p>\n\n\n\n<p><strong>En fran\u00e7ais :<\/strong><\/p>\n\n\n\n<ol class=\"wp-block-list\">\n<li><em>Cairn.info<\/em> \u2013 <a href=\"https:\/\/www.cairn.info\/revue-empan-2005-2-page-19.htm\">La famille et la parole : l\u2019espace du groupe<\/a><\/li>\n\n\n\n<li><em>Pers\u00e9e<\/em> \u2013 <a href=\"https:\/\/www.persee.fr\/doc\/cg_0183-0518_2013_num_91_1_3172\">Le soutien familial dans les parcours de soin<\/a><\/li>\n\n\n\n<li><em>ScienceDirect<\/em> \u2013 <a href=\"https:\/\/www.sciencedirect.com\/science\/article\/pii\/S0022395619301926\">Effets des groupes de parole en milieu familial<\/a><\/li>\n\n\n\n<li><em>Revue fran\u00e7aise de service social<\/em> \u2013 <a href=\"https:\/\/www.cairn.info\/revue-francaise-de-service-social-2018-1-page-45.htm\">Accompagnement des familles : le r\u00f4le du collectif<\/a><\/li>\n\n\n\n<li><em>Sant\u00e9 mentale au Qu\u00e9bec<\/em> \u2013 <a href=\"https:\/\/www.erudit.org\/fr\/revues\/smq\/2007-v32-n1-smq1946\/019459ar\/\">L\u2019impact psychologique du soutien entre pairs<\/a><\/li>\n<\/ol>\n\n\n\n<p><\/p>\n","protected":false},"excerpt":{"rendered":"<p>Des bulles d&rsquo;air pour les c\u0153urs serr\u00e9s Imaginez une table ronde, des fauteuils accueillants, des regards bienveillants, et au centre, un espace de parole libre. Pas de jugement, pas de comp\u00e9tition, juste l&rsquo;envie de mieux se comprendre, de mieux s&rsquo;entendre, et surtout, de ne plus se sentir seul\u00b7e face aux remous de la vie familiale. [&hellip;]<\/p>\n","protected":false},"author":19,"featured_media":21500,"comment_status":"closed","ping_status":"closed","sticky":false,"template":"","format":"standard","meta":{"_eb_attr":"","_monsterinsights_skip_tracking":false,"_monsterinsights_sitenote_active":false,"_monsterinsights_sitenote_note":"","_monsterinsights_sitenote_category":0,"footnotes":""},"categories":[518],"tags":[791],"class_list":["post-21499","post","type-post","status-publish","format-standard","has-post-thumbnail","hentry","category-renforcement-des-liens-familiaux","tag-791"],"yoast_head":"<!-- This site is optimized with the Yoast SEO Premium plugin v22.7 (Yoast SEO v27.5) - https:\/\/yoast.com\/product\/yoast-seo-premium-wordpress\/ -->\n<title>Groupes de soutien familial - duoveo<\/title>\n<meta name=\"description\" content=\"Les groupes de soutien familial, de vrais havres de paix pour retisser du lien et d\u00e9poser ses \u00e9motions en toute s\u00e9curit\u00e9.\" \/>\n<meta name=\"robots\" content=\"index, follow, max-snippet:-1, max-image-preview:large, max-video-preview:-1\" \/>\n<link rel=\"canonical\" href=\"https:\/\/duoveo.com\/fr\/bien-etre-relationnel\/renforcement-des-liens-familiaux\/groupes-de-soutien-familial\/\" \/>\n<meta property=\"og:locale\" content=\"fr_FR\" \/>\n<meta property=\"og:type\" content=\"article\" \/>\n<meta property=\"og:title\" content=\"Groupes de soutien familial - duoveo\" \/>\n<meta property=\"og:description\" content=\"Les groupes de soutien familial, de vrais havres de paix pour retisser du lien et d\u00e9poser ses \u00e9motions en toute s\u00e9curit\u00e9.\" \/>\n<meta property=\"og:url\" content=\"https:\/\/duoveo.com\/fr\/bien-etre-relationnel\/renforcement-des-liens-familiaux\/groupes-de-soutien-familial\/\" \/>\n<meta property=\"og:site_name\" content=\"duoveo\" \/>\n<meta property=\"article:publisher\" content=\"https:\/\/facebook.com\/duoveo\" \/>\n<meta property=\"article:published_time\" content=\"2025-07-30T14:02:25+00:00\" \/>\n<meta property=\"article:modified_time\" content=\"2025-09-06T23:53:36+00:00\" \/>\n<meta property=\"og:image\" content=\"https:\/\/duoveo.com\/wp-content\/uploads\/2025\/07\/3.2.4.3_Groupes-de-soutien-familial-16-9.jpg\" \/>\n\t<meta property=\"og:image:width\" content=\"1000\" \/>\n\t<meta property=\"og:image:height\" content=\"562\" \/>\n\t<meta property=\"og:image:type\" content=\"image\/jpeg\" \/>\n<meta name=\"author\" content=\"Olivier Lantier\" \/>\n<meta name=\"twitter:card\" content=\"summary_large_image\" \/>\n<meta name=\"twitter:label1\" content=\"\u00c9crit par\" \/>\n\t<meta name=\"twitter:data1\" content=\"Olivier Lantier\" \/>\n\t<meta name=\"twitter:label2\" content=\"Dur\u00e9e de lecture estim\u00e9e\" \/>\n\t<meta name=\"twitter:data2\" content=\"5 minutes\" \/>\n<script type=\"application\/ld+json\" class=\"yoast-schema-graph\">{\"@context\":\"https:\\\/\\\/schema.org\",\"@graph\":[{\"@type\":\"Article\",\"@id\":\"https:\\\/\\\/duoveo.com\\\/fr\\\/bien-etre-relationnel\\\/renforcement-des-liens-familiaux\\\/groupes-de-soutien-familial\\\/#article\",\"isPartOf\":{\"@id\":\"https:\\\/\\\/duoveo.com\\\/fr\\\/bien-etre-relationnel\\\/renforcement-des-liens-familiaux\\\/groupes-de-soutien-familial\\\/\"},\"author\":{\"name\":\"Olivier Lantier\",\"@id\":\"https:\\\/\\\/duoveo.com\\\/fr\\\/#\\\/schema\\\/person\\\/8cbd14e593f990cca1ec61fbc6677f4a\"},\"headline\":\"Groupes de soutien familial\",\"datePublished\":\"2025-07-30T14:02:25+00:00\",\"dateModified\":\"2025-09-06T23:53:36+00:00\",\"mainEntityOfPage\":{\"@id\":\"https:\\\/\\\/duoveo.com\\\/fr\\\/bien-etre-relationnel\\\/renforcement-des-liens-familiaux\\\/groupes-de-soutien-familial\\\/\"},\"wordCount\":1140,\"publisher\":{\"@id\":\"https:\\\/\\\/duoveo.com\\\/fr\\\/#organization\"},\"image\":{\"@id\":\"https:\\\/\\\/duoveo.com\\\/fr\\\/bien-etre-relationnel\\\/renforcement-des-liens-familiaux\\\/groupes-de-soutien-familial\\\/#primaryimage\"},\"thumbnailUrl\":\"https:\\\/\\\/duoveo.com\\\/wp-content\\\/uploads\\\/2025\\\/07\\\/3.2.4.3_Groupes-de-soutien-familial-16-9.jpg\",\"keywords\":[\"426\"],\"articleSection\":[\"Renforcement des liens familiaux\"],\"inLanguage\":\"fr-FR\"},{\"@type\":\"WebPage\",\"@id\":\"https:\\\/\\\/duoveo.com\\\/fr\\\/bien-etre-relationnel\\\/renforcement-des-liens-familiaux\\\/groupes-de-soutien-familial\\\/\",\"url\":\"https:\\\/\\\/duoveo.com\\\/fr\\\/bien-etre-relationnel\\\/renforcement-des-liens-familiaux\\\/groupes-de-soutien-familial\\\/\",\"name\":\"Groupes de soutien familial - duoveo\",\"isPartOf\":{\"@id\":\"https:\\\/\\\/duoveo.com\\\/fr\\\/#website\"},\"primaryImageOfPage\":{\"@id\":\"https:\\\/\\\/duoveo.com\\\/fr\\\/bien-etre-relationnel\\\/renforcement-des-liens-familiaux\\\/groupes-de-soutien-familial\\\/#primaryimage\"},\"image\":{\"@id\":\"https:\\\/\\\/duoveo.com\\\/fr\\\/bien-etre-relationnel\\\/renforcement-des-liens-familiaux\\\/groupes-de-soutien-familial\\\/#primaryimage\"},\"thumbnailUrl\":\"https:\\\/\\\/duoveo.com\\\/wp-content\\\/uploads\\\/2025\\\/07\\\/3.2.4.3_Groupes-de-soutien-familial-16-9.jpg\",\"datePublished\":\"2025-07-30T14:02:25+00:00\",\"dateModified\":\"2025-09-06T23:53:36+00:00\",\"description\":\"Les groupes de soutien familial, de vrais havres de paix pour retisser du lien et d\u00e9poser ses \u00e9motions en toute s\u00e9curit\u00e9.\",\"inLanguage\":\"fr-FR\",\"potentialAction\":[{\"@type\":\"ReadAction\",\"target\":[\"https:\\\/\\\/duoveo.com\\\/fr\\\/bien-etre-relationnel\\\/renforcement-des-liens-familiaux\\\/groupes-de-soutien-familial\\\/\"]}]},{\"@type\":\"ImageObject\",\"inLanguage\":\"fr-FR\",\"@id\":\"https:\\\/\\\/duoveo.com\\\/fr\\\/bien-etre-relationnel\\\/renforcement-des-liens-familiaux\\\/groupes-de-soutien-familial\\\/#primaryimage\",\"url\":\"https:\\\/\\\/duoveo.com\\\/wp-content\\\/uploads\\\/2025\\\/07\\\/3.2.4.3_Groupes-de-soutien-familial-16-9.jpg\",\"contentUrl\":\"https:\\\/\\\/duoveo.com\\\/wp-content\\\/uploads\\\/2025\\\/07\\\/3.2.4.3_Groupes-de-soutien-familial-16-9.jpg\",\"width\":1000,\"height\":562,\"caption\":\"Close up top view multiracial people seated in circle talking analysing share mental problems during psychological rehab session, anonymous alcoholics association addiction treatment community concept\"},{\"@type\":\"WebSite\",\"@id\":\"https:\\\/\\\/duoveo.com\\\/fr\\\/#website\",\"url\":\"https:\\\/\\\/duoveo.com\\\/fr\\\/\",\"name\":\"duoveo\",\"description\":\"Your story, beautifully told - Created with WordPress managed by IONOS\",\"publisher\":{\"@id\":\"https:\\\/\\\/duoveo.com\\\/fr\\\/#organization\"},\"potentialAction\":[{\"@type\":\"SearchAction\",\"target\":{\"@type\":\"EntryPoint\",\"urlTemplate\":\"https:\\\/\\\/duoveo.com\\\/fr\\\/?s={search_term_string}\"},\"query-input\":{\"@type\":\"PropertyValueSpecification\",\"valueRequired\":true,\"valueName\":\"search_term_string\"}}],\"inLanguage\":\"fr-FR\"},{\"@type\":\"Organization\",\"@id\":\"https:\\\/\\\/duoveo.com\\\/fr\\\/#organization\",\"name\":\"duoveo\",\"url\":\"https:\\\/\\\/duoveo.com\\\/fr\\\/\",\"logo\":{\"@type\":\"ImageObject\",\"inLanguage\":\"fr-FR\",\"@id\":\"https:\\\/\\\/duoveo.com\\\/fr\\\/#\\\/schema\\\/logo\\\/image\\\/\",\"url\":\"https:\\\/\\\/duoveo.com\\\/wp-content\\\/uploads\\\/2022\\\/03\\\/DuoVeo_logo-black_256.png\",\"contentUrl\":\"https:\\\/\\\/duoveo.com\\\/wp-content\\\/uploads\\\/2022\\\/03\\\/DuoVeo_logo-black_256.png\",\"width\":256,\"height\":256,\"caption\":\"duoveo\"},\"image\":{\"@id\":\"https:\\\/\\\/duoveo.com\\\/fr\\\/#\\\/schema\\\/logo\\\/image\\\/\"},\"sameAs\":[\"https:\\\/\\\/facebook.com\\\/duoveo\",\"https:\\\/\\\/www.instagram.com\\\/duo.veo\\\/\"]},{\"@type\":\"Person\",\"@id\":\"https:\\\/\\\/duoveo.com\\\/fr\\\/#\\\/schema\\\/person\\\/8cbd14e593f990cca1ec61fbc6677f4a\",\"name\":\"Olivier Lantier\"}]}<\/script>\n<!-- \/ Yoast SEO Premium plugin. -->","yoast_head_json":{"title":"Groupes de soutien familial - duoveo","description":"Les groupes de soutien familial, de vrais havres de paix pour retisser du lien et d\u00e9poser ses \u00e9motions en toute s\u00e9curit\u00e9.","robots":{"index":"index","follow":"follow","max-snippet":"max-snippet:-1","max-image-preview":"max-image-preview:large","max-video-preview":"max-video-preview:-1"},"canonical":"https:\/\/duoveo.com\/fr\/bien-etre-relationnel\/renforcement-des-liens-familiaux\/groupes-de-soutien-familial\/","og_locale":"fr_FR","og_type":"article","og_title":"Groupes de soutien familial - duoveo","og_description":"Les groupes de soutien familial, de vrais havres de paix pour retisser du lien et d\u00e9poser ses \u00e9motions en toute s\u00e9curit\u00e9.","og_url":"https:\/\/duoveo.com\/fr\/bien-etre-relationnel\/renforcement-des-liens-familiaux\/groupes-de-soutien-familial\/","og_site_name":"duoveo","article_publisher":"https:\/\/facebook.com\/duoveo","article_published_time":"2025-07-30T14:02:25+00:00","article_modified_time":"2025-09-06T23:53:36+00:00","og_image":[{"width":1000,"height":562,"url":"https:\/\/duoveo.com\/wp-content\/uploads\/2025\/07\/3.2.4.3_Groupes-de-soutien-familial-16-9.jpg","type":"image\/jpeg"}],"author":"Olivier Lantier","twitter_card":"summary_large_image","twitter_misc":{"\u00c9crit par":"Olivier Lantier","Dur\u00e9e de lecture estim\u00e9e":"5 minutes"},"schema":{"@context":"https:\/\/schema.org","@graph":[{"@type":"Article","@id":"https:\/\/duoveo.com\/fr\/bien-etre-relationnel\/renforcement-des-liens-familiaux\/groupes-de-soutien-familial\/#article","isPartOf":{"@id":"https:\/\/duoveo.com\/fr\/bien-etre-relationnel\/renforcement-des-liens-familiaux\/groupes-de-soutien-familial\/"},"author":{"name":"Olivier Lantier","@id":"https:\/\/duoveo.com\/fr\/#\/schema\/person\/8cbd14e593f990cca1ec61fbc6677f4a"},"headline":"Groupes de soutien familial","datePublished":"2025-07-30T14:02:25+00:00","dateModified":"2025-09-06T23:53:36+00:00","mainEntityOfPage":{"@id":"https:\/\/duoveo.com\/fr\/bien-etre-relationnel\/renforcement-des-liens-familiaux\/groupes-de-soutien-familial\/"},"wordCount":1140,"publisher":{"@id":"https:\/\/duoveo.com\/fr\/#organization"},"image":{"@id":"https:\/\/duoveo.com\/fr\/bien-etre-relationnel\/renforcement-des-liens-familiaux\/groupes-de-soutien-familial\/#primaryimage"},"thumbnailUrl":"https:\/\/duoveo.com\/wp-content\/uploads\/2025\/07\/3.2.4.3_Groupes-de-soutien-familial-16-9.jpg","keywords":["426"],"articleSection":["Renforcement des liens familiaux"],"inLanguage":"fr-FR"},{"@type":"WebPage","@id":"https:\/\/duoveo.com\/fr\/bien-etre-relationnel\/renforcement-des-liens-familiaux\/groupes-de-soutien-familial\/","url":"https:\/\/duoveo.com\/fr\/bien-etre-relationnel\/renforcement-des-liens-familiaux\/groupes-de-soutien-familial\/","name":"Groupes de soutien familial - duoveo","isPartOf":{"@id":"https:\/\/duoveo.com\/fr\/#website"},"primaryImageOfPage":{"@id":"https:\/\/duoveo.com\/fr\/bien-etre-relationnel\/renforcement-des-liens-familiaux\/groupes-de-soutien-familial\/#primaryimage"},"image":{"@id":"https:\/\/duoveo.com\/fr\/bien-etre-relationnel\/renforcement-des-liens-familiaux\/groupes-de-soutien-familial\/#primaryimage"},"thumbnailUrl":"https:\/\/duoveo.com\/wp-content\/uploads\/2025\/07\/3.2.4.3_Groupes-de-soutien-familial-16-9.jpg","datePublished":"2025-07-30T14:02:25+00:00","dateModified":"2025-09-06T23:53:36+00:00","description":"Les groupes de soutien familial, de vrais havres de paix pour retisser du lien et d\u00e9poser ses \u00e9motions en toute s\u00e9curit\u00e9.","inLanguage":"fr-FR","potentialAction":[{"@type":"ReadAction","target":["https:\/\/duoveo.com\/fr\/bien-etre-relationnel\/renforcement-des-liens-familiaux\/groupes-de-soutien-familial\/"]}]},{"@type":"ImageObject","inLanguage":"fr-FR","@id":"https:\/\/duoveo.com\/fr\/bien-etre-relationnel\/renforcement-des-liens-familiaux\/groupes-de-soutien-familial\/#primaryimage","url":"https:\/\/duoveo.com\/wp-content\/uploads\/2025\/07\/3.2.4.3_Groupes-de-soutien-familial-16-9.jpg","contentUrl":"https:\/\/duoveo.com\/wp-content\/uploads\/2025\/07\/3.2.4.3_Groupes-de-soutien-familial-16-9.jpg","width":1000,"height":562,"caption":"Close up top view multiracial people seated in circle talking analysing share mental problems during psychological rehab session, anonymous alcoholics association addiction treatment community concept"},{"@type":"WebSite","@id":"https:\/\/duoveo.com\/fr\/#website","url":"https:\/\/duoveo.com\/fr\/","name":"duoveo","description":"Your story, beautifully told - Created with WordPress managed by IONOS","publisher":{"@id":"https:\/\/duoveo.com\/fr\/#organization"},"potentialAction":[{"@type":"SearchAction","target":{"@type":"EntryPoint","urlTemplate":"https:\/\/duoveo.com\/fr\/?s={search_term_string}"},"query-input":{"@type":"PropertyValueSpecification","valueRequired":true,"valueName":"search_term_string"}}],"inLanguage":"fr-FR"},{"@type":"Organization","@id":"https:\/\/duoveo.com\/fr\/#organization","name":"duoveo","url":"https:\/\/duoveo.com\/fr\/","logo":{"@type":"ImageObject","inLanguage":"fr-FR","@id":"https:\/\/duoveo.com\/fr\/#\/schema\/logo\/image\/","url":"https:\/\/duoveo.com\/wp-content\/uploads\/2022\/03\/DuoVeo_logo-black_256.png","contentUrl":"https:\/\/duoveo.com\/wp-content\/uploads\/2022\/03\/DuoVeo_logo-black_256.png","width":256,"height":256,"caption":"duoveo"},"image":{"@id":"https:\/\/duoveo.com\/fr\/#\/schema\/logo\/image\/"},"sameAs":["https:\/\/facebook.com\/duoveo","https:\/\/www.instagram.com\/duo.veo\/"]},{"@type":"Person","@id":"https:\/\/duoveo.com\/fr\/#\/schema\/person\/8cbd14e593f990cca1ec61fbc6677f4a","name":"Olivier Lantier"}]}},"_links":{"self":[{"href":"https:\/\/duoveo.com\/fr\/wp-json\/wp\/v2\/posts\/21499","targetHints":{"allow":["GET"]}}],"collection":[{"href":"https:\/\/duoveo.com\/fr\/wp-json\/wp\/v2\/posts"}],"about":[{"href":"https:\/\/duoveo.com\/fr\/wp-json\/wp\/v2\/types\/post"}],"author":[{"embeddable":true,"href":"https:\/\/duoveo.com\/fr\/wp-json\/wp\/v2\/users\/19"}],"replies":[{"embeddable":true,"href":"https:\/\/duoveo.com\/fr\/wp-json\/wp\/v2\/comments?post=21499"}],"version-history":[{"count":1,"href":"https:\/\/duoveo.com\/fr\/wp-json\/wp\/v2\/posts\/21499\/revisions"}],"predecessor-version":[{"id":21502,"href":"https:\/\/duoveo.com\/fr\/wp-json\/wp\/v2\/posts\/21499\/revisions\/21502"}],"wp:featuredmedia":[{"embeddable":true,"href":"https:\/\/duoveo.com\/fr\/wp-json\/wp\/v2\/media\/21500"}],"wp:attachment":[{"href":"https:\/\/duoveo.com\/fr\/wp-json\/wp\/v2\/media?parent=21499"}],"wp:term":[{"taxonomy":"category","embeddable":true,"href":"https:\/\/duoveo.com\/fr\/wp-json\/wp\/v2\/categories?post=21499"},{"taxonomy":"post_tag","embeddable":true,"href":"https:\/\/duoveo.com\/fr\/wp-json\/wp\/v2\/tags?post=21499"}],"curies":[{"name":"wp","href":"https:\/\/api.w.org\/{rel}","templated":true}]}}