{"id":21568,"date":"2025-08-06T14:33:31","date_gmt":"2025-08-06T14:33:31","guid":{"rendered":"https:\/\/duoveo.com\/?p=21568"},"modified":"2025-09-08T19:45:16","modified_gmt":"2025-09-08T19:45:16","slug":"benevolat-et-soutien-communautaire","status":"publish","type":"post","link":"https:\/\/duoveo.com\/fr\/bien-etre-relationnel\/relations-amicales\/benevolat-et-soutien-communautaire\/","title":{"rendered":"B\u00e9n\u00e9volat et soutien communautaire"},"content":{"rendered":"\n<h1 class=\"wp-block-heading\" id=\"h-\"><\/h1>\n\n\n\n<h3 class=\"wp-block-heading\" id=\"h-la-joie-d-agir-ensemble\">La joie d\u2019agir ensemble<\/h3>\n\n\n\n<p>Imaginez une ville o\u00f9 chacun aurait \u00e0 c\u0153ur d\u2019apporter un peu de son temps, de son \u00e9nergie, de ses talents, pour all\u00e9ger les journ\u00e9es d\u2019un voisin isol\u00e9, redonner confiance \u00e0 une adolescente perdue, ou r\u00e9chauffer les c\u0153urs dans un centre d\u2019accueil. Cette ville, ce n\u2019est pas un conte utopique. C\u2019est un miroir tendu vers ce que le <strong>b\u00e9n\u00e9volat et le soutien communautaire<\/strong> peuvent insuffler dans nos vies. Une r\u00e9alit\u00e9 simple, vibrante, contagieuse : celle du lien retrouv\u00e9.<\/p>\n\n\n\n<hr class=\"wp-block-separator has-alpha-channel-opacity\"\/>\n\n\n\n<h2 class=\"wp-block-heading\" id=\"h-le-benevolat-c-est-bon-pour-les-autres-mais-aussi-pour-soi\">Le b\u00e9n\u00e9volat, c\u2019est bon pour les autres\u2026 mais aussi pour soi<\/h2>\n\n\n\n<p>Donner sans attendre en retour ? Oui, mais pas sans b\u00e9n\u00e9fices. Car en s\u2019engageant dans une action b\u00e9n\u00e9vole, <strong>on re\u00e7oit autant qu\u2019on donne<\/strong>, parfois bien plus. Le sourire de gratitude, le sentiment d\u2019\u00eatre utile, la sensation de faire partie d\u2019un tout : autant de r\u00e9compenses invisibles, mais \u00f4 combien puissantes.<\/p>\n\n\n\n<p>D\u2019un point de vue scientifique, les \u00e9tudes sont unanimes : <strong>le b\u00e9n\u00e9volat est bon pour la sant\u00e9 mentale et physique<\/strong>. Moins de stress, une meilleure estime de soi, un sentiment d\u2019appartenance renforc\u00e9, et m\u00eame une esp\u00e9rance de vie prolong\u00e9e ! Rien que \u00e7a. Comme quoi, tendre la main aux autres, c\u2019est aussi prendre soin de soi.<\/p>\n\n\n\n<hr class=\"wp-block-separator has-alpha-channel-opacity\"\/>\n\n\n\n<h2 class=\"wp-block-heading\" id=\"h-communaute-un-mot-qui-rechauffe\">Communaut\u00e9 : un mot qui r\u00e9chauffe<\/h2>\n\n\n\n<p>Dans une soci\u00e9t\u00e9 de plus en plus digitalis\u00e9e, individualis\u00e9e, et parfois cloisonn\u00e9e, le <strong>soutien communautaire<\/strong> appara\u00eet comme une r\u00e9ponse douce et puissante \u00e0 l\u2019\u00e9parpillement des liens humains. Il ne s\u2019agit pas forc\u00e9ment d\u2019actions h\u00e9ro\u00efques ou de grands engagements. Un plat cuisin\u00e9 pour une voisine malade, du temps offert pour aider un enfant \u00e0 faire ses devoirs, un jardin partag\u00e9 \u00e0 entretenir ensemble\u2026<\/p>\n\n\n\n<p>Toutes ces micro-actions tissent une toile pr\u00e9cieuse : <strong>celle du \u201cnous\u201d<\/strong>.<\/p>\n\n\n\n<p>Et ce tissu relationnel, aussi discret qu\u2019essentiel, devient un filet de s\u00e9curit\u00e9 \u00e9motionnel. Il offre un refuge, un rep\u00e8re, une pr\u00e9sence. Dans les moments de temp\u00eate, cette communaut\u00e9 peut \u00eatre le phare qui \u00e9claire et guide. Dans les moments d\u2019accalmie, elle est ce hamac qui soutient et berce.<\/p>\n\n\n\n<hr class=\"wp-block-separator has-alpha-channel-opacity\"\/>\n\n\n\n<h2 class=\"wp-block-heading\" id=\"h-l-amitie-au-coeur-de-l-engagement\">L\u2019amiti\u00e9 au c\u0153ur de l\u2019engagement<\/h2>\n\n\n\n<p>Le b\u00e9n\u00e9volat, ce n\u2019est pas seulement une action sociale, c\u2019est aussi une <strong>aventure humaine<\/strong>. On y fait souvent des rencontres qui comptent, des amiti\u00e9s inattendues, parfois improbables, mais toujours enrichissantes. On y croise des parcours de vie, des accents du monde, des r\u00e9cits qui \u00e9largissent l\u2019horizon.<\/p>\n\n\n\n<p>Ces liens qui naissent dans l\u2019action sont souvent <strong>plus solides que bien des \u00e9changes virtuels<\/strong>. Ils sont enracin\u00e9s dans le v\u00e9cu, dans le \u201cfaire ensemble\u201d, dans les petites victoires comme les gal\u00e8res partag\u00e9es. Dans ces moments o\u00f9 l\u2019on sent, profond\u00e9ment, qu\u2019on est <strong>vivant\u00b7e, ensemble<\/strong>.<\/p>\n\n\n\n<hr class=\"wp-block-separator has-alpha-channel-opacity\"\/>\n\n\n\n<h2 class=\"wp-block-heading\" id=\"h-et-si-on-osait-se-lancer\">Et si on osait se lancer ?<\/h2>\n\n\n\n<p>Pas besoin d\u2019\u00eatre un super-h\u00e9ros pour s\u2019impliquer. Le b\u00e9n\u00e9volat prend mille visages. Voici quelques pistes pour vous inspirer :<\/p>\n\n\n\n<ul class=\"wp-block-list\">\n<li>\ud83e\udd63 <strong>Solidarit\u00e9 alimentaire<\/strong> : cuisiner, distribuer des repas, collecter des denr\u00e9es.<\/li>\n\n\n\n<li>\ud83d\udcda <strong>Accompagnement scolaire<\/strong> : aider des enfants \u00e0 progresser, les encourager.<\/li>\n\n\n\n<li>\ud83c\udf33 <strong>\u00c9cologie de proximit\u00e9<\/strong> : plantations urbaines, nettoyage de parcs, composts collectifs.<\/li>\n\n\n\n<li>\ud83c\udfad <strong>Animation sociale<\/strong> : organiser des ateliers, des \u00e9v\u00e9nements, des f\u00eates de quartier.<\/li>\n\n\n\n<li>\ud83e\uddd3 <strong>Visites de convivialit\u00e9<\/strong> : rompre l\u2019isolement des personnes \u00e2g\u00e9es.<\/li>\n<\/ul>\n\n\n\n<p>Et si vous ne trouvez pas chaussure \u00e0 votre pied, pourquoi ne pas cr\u00e9er votre propre projet ? Une simple id\u00e9e partag\u00e9e autour de vous peut devenir une vague joyeuse de soutien collectif.<\/p>\n\n\n\n<hr class=\"wp-block-separator has-alpha-channel-opacity\"\/>\n\n\n\n<h2 class=\"wp-block-heading\" id=\"h-le-benevolat-comme-antidote-a-la-solitude\">Le b\u00e9n\u00e9volat comme antidote \u00e0 la solitude<\/h2>\n\n\n\n<p>Il n\u2019est pas rare que des personnes engag\u00e9es dans le b\u00e9n\u00e9volat confessent qu\u2019elles s\u2019y sont d\u2019abord tourn\u00e9es\u2026 <strong>parce qu\u2019elles se sentaient seules<\/strong>. Et quelle belle ironie que ce soit justement dans le fait de s\u2019ouvrir aux autres qu\u2019elles aient trouv\u00e9 le rem\u00e8de \u00e0 cette solitude !<\/p>\n\n\n\n<p>Le b\u00e9n\u00e9volat cr\u00e9e des ponts, il donne un sens aux journ\u00e9es, il restaure l\u2019estime de soi. Et puis, il est <strong>une porte d\u2019entr\u00e9e vers de nouvelles amiti\u00e9s<\/strong>, parfois inattendues, souvent pr\u00e9cieuses.<\/p>\n\n\n\n<hr class=\"wp-block-separator has-alpha-channel-opacity\"\/>\n\n\n\n<h2 class=\"wp-block-heading\" id=\"h-s-engager-a-son-rythme-selon-ses-envies\">S\u2019engager \u00e0 son rythme, selon ses envies<\/h2>\n\n\n\n<p>Le mythe du b\u00e9n\u00e9vole d\u00e9bord\u00e9, sacrifiant tout son temps libre, est \u00e0 d\u00e9construire. Le <strong>b\u00e9n\u00e9volat peut \u00eatre souple<\/strong>, ponctuel, cr\u00e9atif, joyeux. Une heure par semaine suffit parfois \u00e0 changer une vie \u2014 la v\u00f4tre ou celle d\u2019un autre.<\/p>\n\n\n\n<p>Et surtout, on a le droit d\u2019essayer, de t\u00e2tonner, de changer d\u2019association ou de mission, de dire non quand ce n\u2019est plus align\u00e9. Le b\u00e9n\u00e9volat, c\u2019est <strong>une danse \u00e0 deux<\/strong>, un mouvement libre et choisi.<\/p>\n\n\n\n<hr class=\"wp-block-separator has-alpha-channel-opacity\"\/>\n\n\n\n<h2 class=\"wp-block-heading\" id=\"h-une-revolution-douce-mais-contagieuse\">Une r\u00e9volution douce\u2026 mais contagieuse<\/h2>\n\n\n\n<p>Ce qu\u2019il y a de magique dans le b\u00e9n\u00e9volat et le soutien communautaire, c\u2019est leur <strong>pouvoir d\u2019inspiration<\/strong>. Une personne qui s\u2019engage peut r\u00e9veiller l\u2019envie chez ses proches, ses coll\u00e8gues, ses enfants. Et petit \u00e0 petit, c\u2019est tout un quartier, tout un village, toute une soci\u00e9t\u00e9 qui peut se transformer.<\/p>\n\n\n\n<p>Alors, pourquoi pas vous ?<\/p>\n\n\n\n<hr class=\"wp-block-separator has-alpha-channel-opacity\"\/>\n\n\n\n<h2 class=\"wp-block-heading\" id=\"h-en-conclusion-et-si-le-secret-du-bonheur-etait-la\">En conclusion : Et si le secret du bonheur \u00e9tait l\u00e0 ?<\/h2>\n\n\n\n<p>Dans un monde qui valorise la performance individuelle, le b\u00e9n\u00e9volat nous rappelle que <strong>le lien vaut souvent plus que le gain<\/strong>. Il murmure \u00e0 l\u2019oreille que la r\u00e9ussite se mesure aussi \u00e0 la capacit\u00e9 d\u2019aimer, de se relier, de partager.<\/p>\n\n\n\n<p>En s\u2019engageant dans sa communaut\u00e9, on devient acteur d\u2019un monde plus doux, plus humain, plus vivant. Et surtout, on (re)d\u00e9couvre une v\u00e9rit\u00e9 simple : <strong>nous sommes faits pour nous entraider<\/strong>.<\/p>\n\n\n\n<p>Alors, pr\u00eat\u00b7e \u00e0 faire le premier pas ? M\u00eame petit ? Il se pourrait bien qu\u2019il ouvre grand la porte \u00e0 une grande aventure humaine.<\/p>\n\n\n\n<p><strong>Sources :<\/strong><\/p>\n\n\n\n<ol class=\"wp-block-list\">\n<li><em>La solidarit\u00e9 : un facteur de bien-\u00eatre ?<\/em> \u2013 <a href=\"https:\/\/www.inrs.ca\/recherche\/publications\/la-solidarite-un-facteur-de-bien-etre.html\">INRS Qu\u00e9bec<\/a><\/li>\n\n\n\n<li><em>B\u00e9n\u00e9volat et sant\u00e9 mentale : des effets b\u00e9n\u00e9fiques<\/em> \u2013 <a href=\"https:\/\/www.psycom.org\/comprendre\/bonheur-sante-mentale\/benevolat-et-sante-mentale\/\">Psycom.org<\/a><\/li>\n\n\n\n<li><em>Les bienfaits du b\u00e9n\u00e9volat sur la sant\u00e9<\/em> \u2013 <a href=\"https:\/\/www.inserm.fr\/actualites-et-evenements\/actualites\/les-bienfaits-du-benevolat-sur-la-sante\/\">Inserm<\/a><\/li>\n\n\n\n<li><em>Soutien social et r\u00e9silience psychologique<\/em> \u2013 <a href=\"https:\/\/corpsesprit.psy.ulaval.ca\/soutien-social-resilience\/\">Universit\u00e9 Laval<\/a><\/li>\n\n\n\n<li><em>Relations sociales et sant\u00e9 mentale<\/em> \u2013 <a href=\"https:\/\/www.santepubliquefrance.fr\/determinants-de-sante\/sante-mentale\/documents\/article\/reseaux-sociaux-et-sante-mentale\">Sant\u00e9 Publique France<\/a><\/li>\n<\/ol>\n","protected":false},"excerpt":{"rendered":"<p>La joie d\u2019agir ensemble Imaginez une ville o\u00f9 chacun aurait \u00e0 c\u0153ur d\u2019apporter un peu de son temps, de son \u00e9nergie, de ses talents, pour all\u00e9ger les journ\u00e9es d\u2019un voisin isol\u00e9, redonner confiance \u00e0 une adolescente perdue, ou r\u00e9chauffer les c\u0153urs dans un centre d\u2019accueil. Cette ville, ce n\u2019est pas un conte utopique. C\u2019est un [&hellip;]<\/p>\n","protected":false},"author":19,"featured_media":21569,"comment_status":"closed","ping_status":"closed","sticky":false,"template":"","format":"standard","meta":{"_eb_attr":"","_monsterinsights_skip_tracking":false,"_monsterinsights_sitenote_active":false,"_monsterinsights_sitenote_note":"","_monsterinsights_sitenote_category":0,"footnotes":""},"categories":[520],"tags":[],"class_list":["post-21568","post","type-post","status-publish","format-standard","has-post-thumbnail","hentry","category-relations-amicales"],"yoast_head":"<!-- This site is optimized with the Yoast SEO Premium plugin v22.7 (Yoast SEO v27.5) - https:\/\/yoast.com\/product\/yoast-seo-premium-wordpress\/ -->\n<title>B\u00e9n\u00e9volat et soutien communautaire - duoveo<\/title>\n<meta name=\"description\" content=\"Le b\u00e9n\u00e9volat et le soutien communautaire tissent des liens puissants et joyeux. Et si le bonheur se partageait ?\" \/>\n<meta name=\"robots\" content=\"index, follow, max-snippet:-1, max-image-preview:large, max-video-preview:-1\" \/>\n<link rel=\"canonical\" href=\"https:\/\/duoveo.com\/fr\/bien-etre-relationnel\/relations-amicales\/benevolat-et-soutien-communautaire\/\" \/>\n<meta property=\"og:locale\" content=\"fr_FR\" \/>\n<meta property=\"og:type\" content=\"article\" \/>\n<meta property=\"og:title\" content=\"B\u00e9n\u00e9volat et soutien communautaire - duoveo\" \/>\n<meta property=\"og:description\" content=\"Le b\u00e9n\u00e9volat et le soutien communautaire tissent des liens puissants et joyeux. Et si le bonheur se partageait ?\" \/>\n<meta property=\"og:url\" content=\"https:\/\/duoveo.com\/fr\/bien-etre-relationnel\/relations-amicales\/benevolat-et-soutien-communautaire\/\" \/>\n<meta property=\"og:site_name\" content=\"duoveo\" \/>\n<meta property=\"article:publisher\" content=\"https:\/\/facebook.com\/duoveo\" \/>\n<meta property=\"article:published_time\" content=\"2025-08-06T14:33:31+00:00\" \/>\n<meta property=\"article:modified_time\" content=\"2025-09-08T19:45:16+00:00\" \/>\n<meta property=\"og:image\" content=\"https:\/\/duoveo.com\/wp-content\/uploads\/2025\/08\/3.3.2.5_Benevolat-et-soutien-communautaire-16-9.jpg\" \/>\n\t<meta property=\"og:image:width\" content=\"1000\" \/>\n\t<meta property=\"og:image:height\" content=\"562\" \/>\n\t<meta property=\"og:image:type\" content=\"image\/jpeg\" \/>\n<meta name=\"author\" content=\"Olivier Lantier\" \/>\n<meta name=\"twitter:card\" content=\"summary_large_image\" \/>\n<meta name=\"twitter:label1\" content=\"\u00c9crit par\" \/>\n\t<meta name=\"twitter:data1\" content=\"Olivier Lantier\" \/>\n\t<meta name=\"twitter:label2\" content=\"Dur\u00e9e de lecture estim\u00e9e\" \/>\n\t<meta name=\"twitter:data2\" content=\"5 minutes\" \/>\n<script type=\"application\/ld+json\" class=\"yoast-schema-graph\">{\"@context\":\"https:\\\/\\\/schema.org\",\"@graph\":[{\"@type\":\"Article\",\"@id\":\"https:\\\/\\\/duoveo.com\\\/fr\\\/bien-etre-relationnel\\\/relations-amicales\\\/benevolat-et-soutien-communautaire\\\/#article\",\"isPartOf\":{\"@id\":\"https:\\\/\\\/duoveo.com\\\/fr\\\/bien-etre-relationnel\\\/relations-amicales\\\/benevolat-et-soutien-communautaire\\\/\"},\"author\":{\"name\":\"Olivier Lantier\",\"@id\":\"https:\\\/\\\/duoveo.com\\\/fr\\\/#\\\/schema\\\/person\\\/8cbd14e593f990cca1ec61fbc6677f4a\"},\"headline\":\"B\u00e9n\u00e9volat et soutien communautaire\",\"datePublished\":\"2025-08-06T14:33:31+00:00\",\"dateModified\":\"2025-09-08T19:45:16+00:00\",\"mainEntityOfPage\":{\"@id\":\"https:\\\/\\\/duoveo.com\\\/fr\\\/bien-etre-relationnel\\\/relations-amicales\\\/benevolat-et-soutien-communautaire\\\/\"},\"wordCount\":1028,\"publisher\":{\"@id\":\"https:\\\/\\\/duoveo.com\\\/fr\\\/#organization\"},\"image\":{\"@id\":\"https:\\\/\\\/duoveo.com\\\/fr\\\/bien-etre-relationnel\\\/relations-amicales\\\/benevolat-et-soutien-communautaire\\\/#primaryimage\"},\"thumbnailUrl\":\"https:\\\/\\\/duoveo.com\\\/wp-content\\\/uploads\\\/2025\\\/08\\\/3.3.2.5_Benevolat-et-soutien-communautaire-16-9.jpg\",\"articleSection\":[\"relations amicales\"],\"inLanguage\":\"fr-FR\"},{\"@type\":\"WebPage\",\"@id\":\"https:\\\/\\\/duoveo.com\\\/fr\\\/bien-etre-relationnel\\\/relations-amicales\\\/benevolat-et-soutien-communautaire\\\/\",\"url\":\"https:\\\/\\\/duoveo.com\\\/fr\\\/bien-etre-relationnel\\\/relations-amicales\\\/benevolat-et-soutien-communautaire\\\/\",\"name\":\"B\u00e9n\u00e9volat et soutien communautaire - duoveo\",\"isPartOf\":{\"@id\":\"https:\\\/\\\/duoveo.com\\\/fr\\\/#website\"},\"primaryImageOfPage\":{\"@id\":\"https:\\\/\\\/duoveo.com\\\/fr\\\/bien-etre-relationnel\\\/relations-amicales\\\/benevolat-et-soutien-communautaire\\\/#primaryimage\"},\"image\":{\"@id\":\"https:\\\/\\\/duoveo.com\\\/fr\\\/bien-etre-relationnel\\\/relations-amicales\\\/benevolat-et-soutien-communautaire\\\/#primaryimage\"},\"thumbnailUrl\":\"https:\\\/\\\/duoveo.com\\\/wp-content\\\/uploads\\\/2025\\\/08\\\/3.3.2.5_Benevolat-et-soutien-communautaire-16-9.jpg\",\"datePublished\":\"2025-08-06T14:33:31+00:00\",\"dateModified\":\"2025-09-08T19:45:16+00:00\",\"description\":\"Le b\u00e9n\u00e9volat et le soutien communautaire tissent des liens puissants et joyeux. Et si le bonheur se partageait ?\",\"inLanguage\":\"fr-FR\",\"potentialAction\":[{\"@type\":\"ReadAction\",\"target\":[\"https:\\\/\\\/duoveo.com\\\/fr\\\/bien-etre-relationnel\\\/relations-amicales\\\/benevolat-et-soutien-communautaire\\\/\"]}]},{\"@type\":\"ImageObject\",\"inLanguage\":\"fr-FR\",\"@id\":\"https:\\\/\\\/duoveo.com\\\/fr\\\/bien-etre-relationnel\\\/relations-amicales\\\/benevolat-et-soutien-communautaire\\\/#primaryimage\",\"url\":\"https:\\\/\\\/duoveo.com\\\/wp-content\\\/uploads\\\/2025\\\/08\\\/3.3.2.5_Benevolat-et-soutien-communautaire-16-9.jpg\",\"contentUrl\":\"https:\\\/\\\/duoveo.com\\\/wp-content\\\/uploads\\\/2025\\\/08\\\/3.3.2.5_Benevolat-et-soutien-communautaire-16-9.jpg\",\"width\":1000,\"height\":562,\"caption\":\"Happy, volunteer and portrait of people in park for charity event, community service and teamwork. Volunteering, happy and men and women with smile for donation, ngo business and outreach outdoors\"},{\"@type\":\"WebSite\",\"@id\":\"https:\\\/\\\/duoveo.com\\\/fr\\\/#website\",\"url\":\"https:\\\/\\\/duoveo.com\\\/fr\\\/\",\"name\":\"duoveo\",\"description\":\"Your story, beautifully told - Created with WordPress managed by IONOS\",\"publisher\":{\"@id\":\"https:\\\/\\\/duoveo.com\\\/fr\\\/#organization\"},\"potentialAction\":[{\"@type\":\"SearchAction\",\"target\":{\"@type\":\"EntryPoint\",\"urlTemplate\":\"https:\\\/\\\/duoveo.com\\\/fr\\\/?s={search_term_string}\"},\"query-input\":{\"@type\":\"PropertyValueSpecification\",\"valueRequired\":true,\"valueName\":\"search_term_string\"}}],\"inLanguage\":\"fr-FR\"},{\"@type\":\"Organization\",\"@id\":\"https:\\\/\\\/duoveo.com\\\/fr\\\/#organization\",\"name\":\"duoveo\",\"url\":\"https:\\\/\\\/duoveo.com\\\/fr\\\/\",\"logo\":{\"@type\":\"ImageObject\",\"inLanguage\":\"fr-FR\",\"@id\":\"https:\\\/\\\/duoveo.com\\\/fr\\\/#\\\/schema\\\/logo\\\/image\\\/\",\"url\":\"https:\\\/\\\/duoveo.com\\\/wp-content\\\/uploads\\\/2022\\\/03\\\/DuoVeo_logo-black_256.png\",\"contentUrl\":\"https:\\\/\\\/duoveo.com\\\/wp-content\\\/uploads\\\/2022\\\/03\\\/DuoVeo_logo-black_256.png\",\"width\":256,\"height\":256,\"caption\":\"duoveo\"},\"image\":{\"@id\":\"https:\\\/\\\/duoveo.com\\\/fr\\\/#\\\/schema\\\/logo\\\/image\\\/\"},\"sameAs\":[\"https:\\\/\\\/facebook.com\\\/duoveo\",\"https:\\\/\\\/www.instagram.com\\\/duo.veo\\\/\"]},{\"@type\":\"Person\",\"@id\":\"https:\\\/\\\/duoveo.com\\\/fr\\\/#\\\/schema\\\/person\\\/8cbd14e593f990cca1ec61fbc6677f4a\",\"name\":\"Olivier Lantier\"}]}<\/script>\n<!-- \/ Yoast SEO Premium plugin. -->","yoast_head_json":{"title":"B\u00e9n\u00e9volat et soutien communautaire - duoveo","description":"Le b\u00e9n\u00e9volat et le soutien communautaire tissent des liens puissants et joyeux. Et si le bonheur se partageait ?","robots":{"index":"index","follow":"follow","max-snippet":"max-snippet:-1","max-image-preview":"max-image-preview:large","max-video-preview":"max-video-preview:-1"},"canonical":"https:\/\/duoveo.com\/fr\/bien-etre-relationnel\/relations-amicales\/benevolat-et-soutien-communautaire\/","og_locale":"fr_FR","og_type":"article","og_title":"B\u00e9n\u00e9volat et soutien communautaire - duoveo","og_description":"Le b\u00e9n\u00e9volat et le soutien communautaire tissent des liens puissants et joyeux. Et si le bonheur se partageait ?","og_url":"https:\/\/duoveo.com\/fr\/bien-etre-relationnel\/relations-amicales\/benevolat-et-soutien-communautaire\/","og_site_name":"duoveo","article_publisher":"https:\/\/facebook.com\/duoveo","article_published_time":"2025-08-06T14:33:31+00:00","article_modified_time":"2025-09-08T19:45:16+00:00","og_image":[{"width":1000,"height":562,"url":"https:\/\/duoveo.com\/wp-content\/uploads\/2025\/08\/3.3.2.5_Benevolat-et-soutien-communautaire-16-9.jpg","type":"image\/jpeg"}],"author":"Olivier Lantier","twitter_card":"summary_large_image","twitter_misc":{"\u00c9crit par":"Olivier Lantier","Dur\u00e9e de lecture estim\u00e9e":"5 minutes"},"schema":{"@context":"https:\/\/schema.org","@graph":[{"@type":"Article","@id":"https:\/\/duoveo.com\/fr\/bien-etre-relationnel\/relations-amicales\/benevolat-et-soutien-communautaire\/#article","isPartOf":{"@id":"https:\/\/duoveo.com\/fr\/bien-etre-relationnel\/relations-amicales\/benevolat-et-soutien-communautaire\/"},"author":{"name":"Olivier Lantier","@id":"https:\/\/duoveo.com\/fr\/#\/schema\/person\/8cbd14e593f990cca1ec61fbc6677f4a"},"headline":"B\u00e9n\u00e9volat et soutien communautaire","datePublished":"2025-08-06T14:33:31+00:00","dateModified":"2025-09-08T19:45:16+00:00","mainEntityOfPage":{"@id":"https:\/\/duoveo.com\/fr\/bien-etre-relationnel\/relations-amicales\/benevolat-et-soutien-communautaire\/"},"wordCount":1028,"publisher":{"@id":"https:\/\/duoveo.com\/fr\/#organization"},"image":{"@id":"https:\/\/duoveo.com\/fr\/bien-etre-relationnel\/relations-amicales\/benevolat-et-soutien-communautaire\/#primaryimage"},"thumbnailUrl":"https:\/\/duoveo.com\/wp-content\/uploads\/2025\/08\/3.3.2.5_Benevolat-et-soutien-communautaire-16-9.jpg","articleSection":["relations amicales"],"inLanguage":"fr-FR"},{"@type":"WebPage","@id":"https:\/\/duoveo.com\/fr\/bien-etre-relationnel\/relations-amicales\/benevolat-et-soutien-communautaire\/","url":"https:\/\/duoveo.com\/fr\/bien-etre-relationnel\/relations-amicales\/benevolat-et-soutien-communautaire\/","name":"B\u00e9n\u00e9volat et soutien communautaire - duoveo","isPartOf":{"@id":"https:\/\/duoveo.com\/fr\/#website"},"primaryImageOfPage":{"@id":"https:\/\/duoveo.com\/fr\/bien-etre-relationnel\/relations-amicales\/benevolat-et-soutien-communautaire\/#primaryimage"},"image":{"@id":"https:\/\/duoveo.com\/fr\/bien-etre-relationnel\/relations-amicales\/benevolat-et-soutien-communautaire\/#primaryimage"},"thumbnailUrl":"https:\/\/duoveo.com\/wp-content\/uploads\/2025\/08\/3.3.2.5_Benevolat-et-soutien-communautaire-16-9.jpg","datePublished":"2025-08-06T14:33:31+00:00","dateModified":"2025-09-08T19:45:16+00:00","description":"Le b\u00e9n\u00e9volat et le soutien communautaire tissent des liens puissants et joyeux. Et si le bonheur se partageait ?","inLanguage":"fr-FR","potentialAction":[{"@type":"ReadAction","target":["https:\/\/duoveo.com\/fr\/bien-etre-relationnel\/relations-amicales\/benevolat-et-soutien-communautaire\/"]}]},{"@type":"ImageObject","inLanguage":"fr-FR","@id":"https:\/\/duoveo.com\/fr\/bien-etre-relationnel\/relations-amicales\/benevolat-et-soutien-communautaire\/#primaryimage","url":"https:\/\/duoveo.com\/wp-content\/uploads\/2025\/08\/3.3.2.5_Benevolat-et-soutien-communautaire-16-9.jpg","contentUrl":"https:\/\/duoveo.com\/wp-content\/uploads\/2025\/08\/3.3.2.5_Benevolat-et-soutien-communautaire-16-9.jpg","width":1000,"height":562,"caption":"Happy, volunteer and portrait of people in park for charity event, community service and teamwork. Volunteering, happy and men and women with smile for donation, ngo business and outreach outdoors"},{"@type":"WebSite","@id":"https:\/\/duoveo.com\/fr\/#website","url":"https:\/\/duoveo.com\/fr\/","name":"duoveo","description":"Your story, beautifully told - Created with WordPress managed by IONOS","publisher":{"@id":"https:\/\/duoveo.com\/fr\/#organization"},"potentialAction":[{"@type":"SearchAction","target":{"@type":"EntryPoint","urlTemplate":"https:\/\/duoveo.com\/fr\/?s={search_term_string}"},"query-input":{"@type":"PropertyValueSpecification","valueRequired":true,"valueName":"search_term_string"}}],"inLanguage":"fr-FR"},{"@type":"Organization","@id":"https:\/\/duoveo.com\/fr\/#organization","name":"duoveo","url":"https:\/\/duoveo.com\/fr\/","logo":{"@type":"ImageObject","inLanguage":"fr-FR","@id":"https:\/\/duoveo.com\/fr\/#\/schema\/logo\/image\/","url":"https:\/\/duoveo.com\/wp-content\/uploads\/2022\/03\/DuoVeo_logo-black_256.png","contentUrl":"https:\/\/duoveo.com\/wp-content\/uploads\/2022\/03\/DuoVeo_logo-black_256.png","width":256,"height":256,"caption":"duoveo"},"image":{"@id":"https:\/\/duoveo.com\/fr\/#\/schema\/logo\/image\/"},"sameAs":["https:\/\/facebook.com\/duoveo","https:\/\/www.instagram.com\/duo.veo\/"]},{"@type":"Person","@id":"https:\/\/duoveo.com\/fr\/#\/schema\/person\/8cbd14e593f990cca1ec61fbc6677f4a","name":"Olivier Lantier"}]}},"_links":{"self":[{"href":"https:\/\/duoveo.com\/fr\/wp-json\/wp\/v2\/posts\/21568","targetHints":{"allow":["GET"]}}],"collection":[{"href":"https:\/\/duoveo.com\/fr\/wp-json\/wp\/v2\/posts"}],"about":[{"href":"https:\/\/duoveo.com\/fr\/wp-json\/wp\/v2\/types\/post"}],"author":[{"embeddable":true,"href":"https:\/\/duoveo.com\/fr\/wp-json\/wp\/v2\/users\/19"}],"replies":[{"embeddable":true,"href":"https:\/\/duoveo.com\/fr\/wp-json\/wp\/v2\/comments?post=21568"}],"version-history":[{"count":1,"href":"https:\/\/duoveo.com\/fr\/wp-json\/wp\/v2\/posts\/21568\/revisions"}],"predecessor-version":[{"id":21571,"href":"https:\/\/duoveo.com\/fr\/wp-json\/wp\/v2\/posts\/21568\/revisions\/21571"}],"wp:featuredmedia":[{"embeddable":true,"href":"https:\/\/duoveo.com\/fr\/wp-json\/wp\/v2\/media\/21569"}],"wp:attachment":[{"href":"https:\/\/duoveo.com\/fr\/wp-json\/wp\/v2\/media?parent=21568"}],"wp:term":[{"taxonomy":"category","embeddable":true,"href":"https:\/\/duoveo.com\/fr\/wp-json\/wp\/v2\/categories?post=21568"},{"taxonomy":"post_tag","embeddable":true,"href":"https:\/\/duoveo.com\/fr\/wp-json\/wp\/v2\/tags?post=21568"}],"curies":[{"name":"wp","href":"https:\/\/api.w.org\/{rel}","templated":true}]}}