{"id":21584,"date":"2025-08-06T15:46:30","date_gmt":"2025-08-06T15:46:30","guid":{"rendered":"https:\/\/duoveo.com\/?p=21584"},"modified":"2025-09-08T20:44:41","modified_gmt":"2025-09-08T20:44:41","slug":"pratiques-de-compassion-en-groupe","status":"publish","type":"post","link":"https:\/\/duoveo.com\/fr\/bien-etre-relationnel\/relations-amicales\/pratiques-de-compassion-en-groupe\/","title":{"rendered":"Pratiques de compassion en groupe"},"content":{"rendered":"\n<h1 class=\"wp-block-heading\" id=\"h-\"><\/h1>\n\n\n\n<h3 class=\"wp-block-heading\" id=\"h-quand-l-empathie-devient-contagieuse\">Quand l\u2019empathie devient contagieuse<\/h3>\n\n\n\n<p>Imaginez un instant une r\u00e9union d\u2019amis o\u00f9, au lieu de parler m\u00e9t\u00e9o ou s\u00e9ries Netflix, chacun prend un moment pour exprimer ce qui l\u2019a touch\u00e9 r\u00e9cemment\u2026 et se sent pleinement \u00e9cout\u00e9, sans interruption ni jugement. Ambiance \u00e9trange\u202f? Peut-\u00eatre. Mais profond\u00e9ment nourrissante, s\u00fbrement\u202f! Car quand la compassion se vit \u00e0 plusieurs, elle devient un catalyseur puissant de lien, de transformation et\u2026 de joie collective.<\/p>\n\n\n\n<p>Bienvenue dans le monde vibrant des <strong>pratiques de compassion en groupe<\/strong>\u202f: ces rituels doux et puissants qui transforment un simple cercle d\u2019amis en cocon r\u00e9g\u00e9n\u00e9rant. Suivez le guide (et votre c\u0153ur).<\/p>\n\n\n\n<hr class=\"wp-block-separator has-alpha-channel-opacity\"\/>\n\n\n\n<h2 class=\"wp-block-heading\" id=\"h-la-compassion-version-collective\">La compassion, version collective<\/h2>\n\n\n\n<p>On associe souvent la compassion \u00e0 un \u00e9lan individuel : je te vois souffrir, et j\u2019ai envie d\u2019agir avec bont\u00e9 pour t\u2019aider. Mais dans un groupe ? Est-ce que ce n\u2019est pas un peu\u2026 le chaos \u00e9motionnel garanti ?<\/p>\n\n\n\n<p>Pas du tout. C\u2019est m\u00eame tout l\u2019inverse. Lorsqu\u2019un groupe cultive intentionnellement la compassion, il cr\u00e9e une <strong>s\u00e9curit\u00e9 affective collective<\/strong>. Une sorte de bulle o\u00f9 chacun peut poser son armure. Et dans cette bulle, l\u2019amiti\u00e9 prend une autre dimension : plus dense, plus tendre, plus vraie.<\/p>\n\n\n\n<p>Et bonne nouvelle : nul besoin d\u2019\u00eatre un moine bouddhiste ou un pro de la CNV (communication non violente). Il suffit d\u2019un peu de cadre, de confiance\u2026 et de curiosit\u00e9.<\/p>\n\n\n\n<hr class=\"wp-block-separator has-alpha-channel-opacity\"\/>\n\n\n\n<h2 class=\"wp-block-heading\" id=\"h-pourquoi-ca-marche-les-vertus-insoupconnees-du-collectif\">Pourquoi \u00e7a marche ? Les vertus insoup\u00e7onn\u00e9es du collectif<\/h2>\n\n\n\n<p>La pratique collective de la compassion fait appel \u00e0 trois leviers magiques :<\/p>\n\n\n\n<ul class=\"wp-block-list\">\n<li><strong>L\u2019effet miroir<\/strong> : En \u00e9coutant l\u2019histoire d\u2019un autre, on touche des r\u00e9sonances personnelles. La douleur devient partag\u00e9e, mais aussi la gu\u00e9rison.<\/li>\n\n\n\n<li><strong>La co-r\u00e9gulation \u00e9motionnelle<\/strong> : En groupe, notre syst\u00e8me nerveux s\u2019apaise plus rapidement. Un regard doux, une main pos\u00e9e, un silence bienveillant\u2026 et le stress fond.<\/li>\n\n\n\n<li><strong>Le sentiment d\u2019appartenance<\/strong> : Pratiquer la compassion ensemble cr\u00e9e une tribu du c\u0153ur. Ce sentiment d\u2019\u00eatre \u201censemble dans la m\u00eame barque\u201d est un antidote puissant \u00e0 l\u2019isolement.<\/li>\n<\/ul>\n\n\n\n<hr class=\"wp-block-separator has-alpha-channel-opacity\"\/>\n\n\n\n<h2 class=\"wp-block-heading\" id=\"h-trois-pratiques-pour-faire-vibrer-la-compassion-en-groupe\">Trois pratiques pour faire vibrer la compassion en groupe<\/h2>\n\n\n\n<p><strong>1. Le cercle d\u2019\u00e9coute empathique<\/strong><\/p>\n\n\n\n<p>C\u2019est le grand classique. Un cercle, une bougie au centre (pour l\u2019ambiance, mais pas que), et une r\u00e8gle d\u2019or : <strong>on \u00e9coute sans interrompre, commenter ou conseiller<\/strong>.<\/p>\n\n\n\n<p>Chaque personne parle \u00e0 son tour (2 \u00e0 5 minutes), partageant ce qu\u2019elle vit, ressent ou traverse. Les autres \u00e9coutent avec le c\u0153ur.<\/p>\n\n\n\n<p>\ud83d\udc49 Variante ludique : le \u201cb\u00e2ton de parole\u201d passe de main en main. On ne parle que lorsqu\u2019on l\u2019a. C\u2019est tout b\u00eate, mais magique.<\/p>\n\n\n\n<p><strong>2. La m\u00e9t\u00e9o int\u00e9rieure collective<\/strong><\/p>\n\n\n\n<p>En d\u00e9but de rencontre, chacun partage sa \u201cm\u00e9t\u00e9o int\u00e9rieure\u201d : \u201cIl pleut un peu aujourd\u2019hui, je suis fatigu\u00e9 et grognon\u201d, \u201cGrand soleil, j\u2019ai eu une belle nouvelle\u201d, etc.<\/p>\n\n\n\n<p>L\u2019objectif ? Cr\u00e9er un climat de v\u00e9rit\u00e9 et d\u2019accueil. Pas besoin d\u2019aller mal pour b\u00e9n\u00e9ficier de la compassion. L\u2019essentiel est d\u2019<strong>\u00eatre vrai<\/strong>, et d\u2019offrir cet espace aux autres.<\/p>\n\n\n\n<p>\ud83d\udc49 Variante cr\u00e9ative : utiliser des cartes \u00e9motions ou des images pour illustrer sa m\u00e9t\u00e9o.<\/p>\n\n\n\n<p><strong>3. Les cercles de gratitude et de reconnaissance<\/strong><\/p>\n\n\n\n<p>\u00c0 la fin d\u2019un repas, d\u2019une rando, ou d\u2019un atelier\u2026 on prend 10 minutes pour dire merci. \u00c0 une personne du groupe, au groupe lui-m\u00eame, ou \u00e0 la vie.<\/p>\n\n\n\n<p>Cela peut \u00eatre simple : \u201cMerci pour ton \u00e9coute tout \u00e0 l\u2019heure\u201d, \u201cMerci \u00e0 nous pour cette soir\u00e9e douce\u201d, \u201cMerci \u00e0 ce moment\u201d.<\/p>\n\n\n\n<p>\ud83d\udc49 Variante espi\u00e8gle : tirer au sort un pr\u00e9nom et dire \u00e0 voix haute ce qu\u2019on appr\u00e9cie chez cette personne. Frissons garantis.<\/p>\n\n\n\n<hr class=\"wp-block-separator has-alpha-channel-opacity\"\/>\n\n\n\n<h2 class=\"wp-block-heading\" id=\"h-oser-la-vulnerabilite-ensemble\">Oser la vuln\u00e9rabilit\u00e9\u2026 ensemble<\/h2>\n\n\n\n<p>C\u2019est le grand d\u00e9fi (et la grande beaut\u00e9) de ces pratiques : elles nous invitent \u00e0 <strong>baisser la garde<\/strong>. Et oui, \u00e7a fait un peu peur. Montrer ses \u00e9motions, ses incertitudes, ses f\u00ealures ? G\u00eanant, non ?<\/p>\n\n\n\n<p>Mais en r\u00e9alit\u00e9, c\u2019est lib\u00e9rateur. Parce que tout le monde est sur le m\u00eame bateau. Parce qu\u2019en voyant quelqu\u2019un oser \u00eatre vrai, on se sent autoris\u00e9 \u00e0 l\u2019\u00eatre aussi. Et parce que la vuln\u00e9rabilit\u00e9\u2026 <strong>c\u2019est contagieux<\/strong> (et bien plus s\u00e9duisant que le perfectionnisme).<\/p>\n\n\n\n<hr class=\"wp-block-separator has-alpha-channel-opacity\"\/>\n\n\n\n<h2 class=\"wp-block-heading\" id=\"h-et-dans-les-amities-du-quotidien\">Et dans les amiti\u00e9s \u201cdu quotidien\u201d ?<\/h2>\n\n\n\n<p>Pas besoin de cr\u00e9er un ashram ou de se lancer dans une retraite pour go\u00fbter \u00e0 la compassion collective. Voici quelques id\u00e9es toutes simples :<\/p>\n\n\n\n<ul class=\"wp-block-list\">\n<li><strong>Au caf\u00e9 avec des ami.e.s<\/strong> : demandez \u00e0 chacun \u201cEt toi, ton c\u0153ur, il en est o\u00f9 ces jours-ci ?\u201d<\/li>\n\n\n\n<li><strong>En groupe WhatsApp<\/strong> : chaque semaine, partager une gratitude ou une attention port\u00e9e \u00e0 quelqu\u2019un du groupe.<\/li>\n\n\n\n<li><strong>En colocation<\/strong> : instaurer une \u201cpause m\u00e9t\u00e9o\u201d le dimanche soir, chacun partageant ce qu\u2019il a aim\u00e9 ou moins aim\u00e9 dans la semaine.<\/li>\n<\/ul>\n\n\n\n<p>Ces mini-rituels, gliss\u00e9s dans la vie quotidienne, ont un <strong>pouvoir d\u2019enchantement<\/strong> insoup\u00e7onn\u00e9.<\/p>\n\n\n\n<hr class=\"wp-block-separator has-alpha-channel-opacity\"\/>\n\n\n\n<h2 class=\"wp-block-heading\" id=\"h-compassion-oui-mais-sans-fusion\">Compassion, oui, mais sans fusion<\/h2>\n\n\n\n<p>Un petit mot d\u2019avertissement cependant : la compassion en groupe, ce n\u2019est pas \u201cporter la mis\u00e8re du monde \u00e0 bout de bras\u201d ou \u201ctout prendre sur ses \u00e9paules\u201d.<\/p>\n\n\n\n<p>C\u2019est <strong>\u00eatre l\u00e0, sans vouloir r\u00e9parer<\/strong>. Offrir une pr\u00e9sence chaleureuse, mais claire. Comme une flamme qui r\u00e9chauffe sans br\u00fbler.<\/p>\n\n\n\n<p>On peut \u00e9couter sans absorber. Soutenir sans se sacrifier. Et poser ses limites avec douceur (et un sourire).<\/p>\n\n\n\n<hr class=\"wp-block-separator has-alpha-channel-opacity\"\/>\n\n\n\n<h2 class=\"wp-block-heading\" id=\"h-et-si-on-creait-une-culture-de-la-compassion\">Et si on cr\u00e9ait une culture de la compassion ?<\/h2>\n\n\n\n<p>Dans un monde o\u00f9 tout va vite, o\u00f9 l\u2019attention se disperse, o\u00f9 la performance est souvent valoris\u00e9e au d\u00e9triment de la tendresse\u2026 cultiver la compassion, ensemble, devient un <strong>acte r\u00e9volutionnaire<\/strong>.<\/p>\n\n\n\n<p>C\u2019est b\u00e2tir une culture du soin, de l\u2019\u00e9coute, du \u201cje suis l\u00e0 pour toi\u201d.<\/p>\n\n\n\n<p>C\u2019est transformer les amiti\u00e9s en oasis de r\u00e9confort.<\/p>\n\n\n\n<p>Et c\u2019est, tout simplement, <strong>remettre le c\u0153ur au centre<\/strong>.<\/p>\n\n\n\n<hr class=\"wp-block-separator has-alpha-channel-opacity\"\/>\n\n\n\n<h2 class=\"wp-block-heading\" id=\"h-pour-aller-plus-loin\">Pour aller plus loin\u2026<\/h2>\n\n\n\n<p>Envie d\u2019explorer, de pratiquer, de semer des graines de compassion autour de vous ? Voici quelques pistes :<\/p>\n\n\n\n<ul class=\"wp-block-list\">\n<li>Organisez un <strong>\u201cCercle de pleine \u00e9coute\u201d<\/strong> mensuel entre ami.e.s<\/li>\n\n\n\n<li>Cr\u00e9ez une tradition de <strong>\u201cmerci collectif\u201d<\/strong> apr\u00e8s chaque moment partag\u00e9<\/li>\n\n\n\n<li>Offrez \u00e0 votre groupe une initiation \u00e0 la <strong>Communication Non Violente<\/strong><\/li>\n\n\n\n<li>Mettez en place une <strong>roue de soutien<\/strong> pour les moments difficiles (chacun peut proposer un soutien : un repas, un coup de fil, une balade\u2026)<\/li>\n<\/ul>\n\n\n\n<p>Et surtout : amusez-vous avec tout \u00e7a. La compassion, ce n\u2019est pas morose ou solennel. C\u2019est vivant, vibrant, p\u00e9tillant. Comme l\u2019amiti\u00e9 quand elle ose aller plus loin que les apparences.<\/p>\n\n\n\n<p><strong>Sources : <\/strong><\/p>\n\n\n\n<ol class=\"wp-block-list\">\n<li><strong>Cerveau &amp; Psycho \u2013 \u201cL\u2019\u00e9coute empathique : une m\u00e9decine du lien\u201d<\/strong><br><a href=\"https:\/\/www.cerveauetpsycho.fr\/sd\/psychologie\/l-ecoute-empathique-une-medecine-du-lien-22871.php\">https:\/\/www.cerveauetpsycho.fr\/sd\/psychologie\/l-ecoute-empathique-une-medecine-du-lien-22871.php<\/a><\/li>\n\n\n\n<li><strong>Futura Sant\u00e9 \u2013 \u201cLa compassion, un outil de soin psychologique\u201d<\/strong><br><a href=\"https:\/\/www.futura-sciences.com\/sante\/questions-reponses\/cerveau-compassion-outil-soin-psychologique-15031\/\">https:\/\/www.futura-sciences.com\/sante\/questions-reponses\/cerveau-compassion-outil-soin-psychologique-15031\/<\/a><\/li>\n\n\n\n<li><strong>Sciences Humaines \u2013 \u201cLes bienfaits de la compassion\u201d<\/strong><br><a href=\"https:\/\/www.scienceshumaines.com\/les-bienfaits-de-la-compassion_fr_36956.html\">https:\/\/www.scienceshumaines.com\/les-bienfaits-de-la-compassion_fr_36956.html<\/a><\/li>\n\n\n\n<li><strong>CNRS \u2013 \u201cL\u2019impact de la compassion sur le cerveau\u201d<\/strong><br><a href=\"https:\/\/lejournal.cnrs.fr\/articles\/la-compassion-active-le-cerveau-de-la-bienveillance\">https:\/\/lejournal.cnrs.fr\/articles\/la-compassion-active-le-cerveau-de-la-bienveillance<\/a><\/li>\n\n\n\n<li><strong>The Conversation \u2013 \u201cLa puissance de la compassion dans les relations humaines\u201d<\/strong><br><a href=\"https:\/\/theconversation.com\/la-puissance-de-la-compassion-dans-les-relations-humaines-169818\">https:\/\/theconversation.com\/la-puissance-de-la-compassion-dans-les-relations-humaines-169818<\/a><\/li>\n<\/ol>\n","protected":false},"excerpt":{"rendered":"<p>Quand l\u2019empathie devient contagieuse Imaginez un instant une r\u00e9union d\u2019amis o\u00f9, au lieu de parler m\u00e9t\u00e9o ou s\u00e9ries Netflix, chacun prend un moment pour exprimer ce qui l\u2019a touch\u00e9 r\u00e9cemment\u2026 et se sent pleinement \u00e9cout\u00e9, sans interruption ni jugement. Ambiance \u00e9trange\u202f? Peut-\u00eatre. Mais profond\u00e9ment nourrissante, s\u00fbrement\u202f! Car quand la compassion se vit \u00e0 plusieurs, elle [&hellip;]<\/p>\n","protected":false},"author":19,"featured_media":21585,"comment_status":"closed","ping_status":"closed","sticky":false,"template":"","format":"standard","meta":{"_eb_attr":"","_monsterinsights_skip_tracking":false,"_monsterinsights_sitenote_active":false,"_monsterinsights_sitenote_note":"","_monsterinsights_sitenote_category":0,"footnotes":""},"categories":[520],"tags":[831],"class_list":["post-21584","post","type-post","status-publish","format-standard","has-post-thumbnail","hentry","category-relations-amicales","tag-831"],"yoast_head":"<!-- This site is optimized with the Yoast SEO Premium plugin v22.7 (Yoast SEO v27.5) - https:\/\/yoast.com\/product\/yoast-seo-premium-wordpress\/ -->\n<title>Pratiques de compassion en groupe - duoveo<\/title>\n<meta name=\"description\" content=\"D\u00e9couvrez comment la compassion en groupe cr\u00e9e des liens profonds, apaise les c\u0153urs et fait vibrer la joie collective !\" \/>\n<meta name=\"robots\" content=\"index, follow, max-snippet:-1, max-image-preview:large, max-video-preview:-1\" \/>\n<link rel=\"canonical\" href=\"https:\/\/duoveo.com\/fr\/bien-etre-relationnel\/relations-amicales\/pratiques-de-compassion-en-groupe\/\" \/>\n<meta property=\"og:locale\" content=\"fr_FR\" \/>\n<meta property=\"og:type\" content=\"article\" \/>\n<meta property=\"og:title\" content=\"Pratiques de compassion en groupe - duoveo\" \/>\n<meta property=\"og:description\" content=\"D\u00e9couvrez comment la compassion en groupe cr\u00e9e des liens profonds, apaise les c\u0153urs et fait vibrer la joie collective !\" \/>\n<meta property=\"og:url\" content=\"https:\/\/duoveo.com\/fr\/bien-etre-relationnel\/relations-amicales\/pratiques-de-compassion-en-groupe\/\" \/>\n<meta property=\"og:site_name\" content=\"duoveo\" \/>\n<meta property=\"article:publisher\" content=\"https:\/\/facebook.com\/duoveo\" \/>\n<meta property=\"article:published_time\" content=\"2025-08-06T15:46:30+00:00\" \/>\n<meta property=\"article:modified_time\" content=\"2025-09-08T20:44:41+00:00\" \/>\n<meta property=\"og:image\" content=\"https:\/\/duoveo.com\/wp-content\/uploads\/2025\/08\/3.3.3.4_Pratiques-de-compassion-en-groupe-16-9.jpg\" \/>\n\t<meta property=\"og:image:width\" content=\"1000\" \/>\n\t<meta property=\"og:image:height\" content=\"637\" \/>\n\t<meta property=\"og:image:type\" content=\"image\/jpeg\" \/>\n<meta name=\"author\" content=\"Olivier Lantier\" \/>\n<meta name=\"twitter:card\" content=\"summary_large_image\" \/>\n<meta name=\"twitter:label1\" content=\"\u00c9crit par\" \/>\n\t<meta name=\"twitter:data1\" content=\"Olivier Lantier\" \/>\n\t<meta name=\"twitter:label2\" content=\"Dur\u00e9e de lecture estim\u00e9e\" \/>\n\t<meta name=\"twitter:data2\" content=\"5 minutes\" \/>\n<script type=\"application\/ld+json\" class=\"yoast-schema-graph\">{\"@context\":\"https:\\\/\\\/schema.org\",\"@graph\":[{\"@type\":\"Article\",\"@id\":\"https:\\\/\\\/duoveo.com\\\/fr\\\/bien-etre-relationnel\\\/relations-amicales\\\/pratiques-de-compassion-en-groupe\\\/#article\",\"isPartOf\":{\"@id\":\"https:\\\/\\\/duoveo.com\\\/fr\\\/bien-etre-relationnel\\\/relations-amicales\\\/pratiques-de-compassion-en-groupe\\\/\"},\"author\":{\"name\":\"Olivier Lantier\",\"@id\":\"https:\\\/\\\/duoveo.com\\\/fr\\\/#\\\/schema\\\/person\\\/8cbd14e593f990cca1ec61fbc6677f4a\"},\"headline\":\"Pratiques de compassion en groupe\",\"datePublished\":\"2025-08-06T15:46:30+00:00\",\"dateModified\":\"2025-09-08T20:44:41+00:00\",\"mainEntityOfPage\":{\"@id\":\"https:\\\/\\\/duoveo.com\\\/fr\\\/bien-etre-relationnel\\\/relations-amicales\\\/pratiques-de-compassion-en-groupe\\\/\"},\"wordCount\":1166,\"publisher\":{\"@id\":\"https:\\\/\\\/duoveo.com\\\/fr\\\/#organization\"},\"image\":{\"@id\":\"https:\\\/\\\/duoveo.com\\\/fr\\\/bien-etre-relationnel\\\/relations-amicales\\\/pratiques-de-compassion-en-groupe\\\/#primaryimage\"},\"thumbnailUrl\":\"https:\\\/\\\/duoveo.com\\\/wp-content\\\/uploads\\\/2025\\\/08\\\/3.3.3.4_Pratiques-de-compassion-en-groupe-16-9.jpg\",\"keywords\":[\"446\"],\"articleSection\":[\"relations amicales\"],\"inLanguage\":\"fr-FR\"},{\"@type\":\"WebPage\",\"@id\":\"https:\\\/\\\/duoveo.com\\\/fr\\\/bien-etre-relationnel\\\/relations-amicales\\\/pratiques-de-compassion-en-groupe\\\/\",\"url\":\"https:\\\/\\\/duoveo.com\\\/fr\\\/bien-etre-relationnel\\\/relations-amicales\\\/pratiques-de-compassion-en-groupe\\\/\",\"name\":\"Pratiques de compassion en groupe - duoveo\",\"isPartOf\":{\"@id\":\"https:\\\/\\\/duoveo.com\\\/fr\\\/#website\"},\"primaryImageOfPage\":{\"@id\":\"https:\\\/\\\/duoveo.com\\\/fr\\\/bien-etre-relationnel\\\/relations-amicales\\\/pratiques-de-compassion-en-groupe\\\/#primaryimage\"},\"image\":{\"@id\":\"https:\\\/\\\/duoveo.com\\\/fr\\\/bien-etre-relationnel\\\/relations-amicales\\\/pratiques-de-compassion-en-groupe\\\/#primaryimage\"},\"thumbnailUrl\":\"https:\\\/\\\/duoveo.com\\\/wp-content\\\/uploads\\\/2025\\\/08\\\/3.3.3.4_Pratiques-de-compassion-en-groupe-16-9.jpg\",\"datePublished\":\"2025-08-06T15:46:30+00:00\",\"dateModified\":\"2025-09-08T20:44:41+00:00\",\"description\":\"D\u00e9couvrez comment la compassion en groupe cr\u00e9e des liens profonds, apaise les c\u0153urs et fait vibrer la joie collective !\",\"inLanguage\":\"fr-FR\",\"potentialAction\":[{\"@type\":\"ReadAction\",\"target\":[\"https:\\\/\\\/duoveo.com\\\/fr\\\/bien-etre-relationnel\\\/relations-amicales\\\/pratiques-de-compassion-en-groupe\\\/\"]}]},{\"@type\":\"ImageObject\",\"inLanguage\":\"fr-FR\",\"@id\":\"https:\\\/\\\/duoveo.com\\\/fr\\\/bien-etre-relationnel\\\/relations-amicales\\\/pratiques-de-compassion-en-groupe\\\/#primaryimage\",\"url\":\"https:\\\/\\\/duoveo.com\\\/wp-content\\\/uploads\\\/2025\\\/08\\\/3.3.3.4_Pratiques-de-compassion-en-groupe-16-9.jpg\",\"contentUrl\":\"https:\\\/\\\/duoveo.com\\\/wp-content\\\/uploads\\\/2025\\\/08\\\/3.3.3.4_Pratiques-de-compassion-en-groupe-16-9.jpg\",\"width\":1000,\"height\":637,\"caption\":\"compassion en groupe\"},{\"@type\":\"WebSite\",\"@id\":\"https:\\\/\\\/duoveo.com\\\/fr\\\/#website\",\"url\":\"https:\\\/\\\/duoveo.com\\\/fr\\\/\",\"name\":\"duoveo\",\"description\":\"Your story, beautifully told - Created with WordPress managed by IONOS\",\"publisher\":{\"@id\":\"https:\\\/\\\/duoveo.com\\\/fr\\\/#organization\"},\"potentialAction\":[{\"@type\":\"SearchAction\",\"target\":{\"@type\":\"EntryPoint\",\"urlTemplate\":\"https:\\\/\\\/duoveo.com\\\/fr\\\/?s={search_term_string}\"},\"query-input\":{\"@type\":\"PropertyValueSpecification\",\"valueRequired\":true,\"valueName\":\"search_term_string\"}}],\"inLanguage\":\"fr-FR\"},{\"@type\":\"Organization\",\"@id\":\"https:\\\/\\\/duoveo.com\\\/fr\\\/#organization\",\"name\":\"duoveo\",\"url\":\"https:\\\/\\\/duoveo.com\\\/fr\\\/\",\"logo\":{\"@type\":\"ImageObject\",\"inLanguage\":\"fr-FR\",\"@id\":\"https:\\\/\\\/duoveo.com\\\/fr\\\/#\\\/schema\\\/logo\\\/image\\\/\",\"url\":\"https:\\\/\\\/duoveo.com\\\/wp-content\\\/uploads\\\/2022\\\/03\\\/DuoVeo_logo-black_256.png\",\"contentUrl\":\"https:\\\/\\\/duoveo.com\\\/wp-content\\\/uploads\\\/2022\\\/03\\\/DuoVeo_logo-black_256.png\",\"width\":256,\"height\":256,\"caption\":\"duoveo\"},\"image\":{\"@id\":\"https:\\\/\\\/duoveo.com\\\/fr\\\/#\\\/schema\\\/logo\\\/image\\\/\"},\"sameAs\":[\"https:\\\/\\\/facebook.com\\\/duoveo\",\"https:\\\/\\\/www.instagram.com\\\/duo.veo\\\/\"]},{\"@type\":\"Person\",\"@id\":\"https:\\\/\\\/duoveo.com\\\/fr\\\/#\\\/schema\\\/person\\\/8cbd14e593f990cca1ec61fbc6677f4a\",\"name\":\"Olivier Lantier\"}]}<\/script>\n<!-- \/ Yoast SEO Premium plugin. -->","yoast_head_json":{"title":"Pratiques de compassion en groupe - duoveo","description":"D\u00e9couvrez comment la compassion en groupe cr\u00e9e des liens profonds, apaise les c\u0153urs et fait vibrer la joie collective !","robots":{"index":"index","follow":"follow","max-snippet":"max-snippet:-1","max-image-preview":"max-image-preview:large","max-video-preview":"max-video-preview:-1"},"canonical":"https:\/\/duoveo.com\/fr\/bien-etre-relationnel\/relations-amicales\/pratiques-de-compassion-en-groupe\/","og_locale":"fr_FR","og_type":"article","og_title":"Pratiques de compassion en groupe - duoveo","og_description":"D\u00e9couvrez comment la compassion en groupe cr\u00e9e des liens profonds, apaise les c\u0153urs et fait vibrer la joie collective !","og_url":"https:\/\/duoveo.com\/fr\/bien-etre-relationnel\/relations-amicales\/pratiques-de-compassion-en-groupe\/","og_site_name":"duoveo","article_publisher":"https:\/\/facebook.com\/duoveo","article_published_time":"2025-08-06T15:46:30+00:00","article_modified_time":"2025-09-08T20:44:41+00:00","og_image":[{"width":1000,"height":637,"url":"https:\/\/duoveo.com\/wp-content\/uploads\/2025\/08\/3.3.3.4_Pratiques-de-compassion-en-groupe-16-9.jpg","type":"image\/jpeg"}],"author":"Olivier Lantier","twitter_card":"summary_large_image","twitter_misc":{"\u00c9crit par":"Olivier Lantier","Dur\u00e9e de lecture estim\u00e9e":"5 minutes"},"schema":{"@context":"https:\/\/schema.org","@graph":[{"@type":"Article","@id":"https:\/\/duoveo.com\/fr\/bien-etre-relationnel\/relations-amicales\/pratiques-de-compassion-en-groupe\/#article","isPartOf":{"@id":"https:\/\/duoveo.com\/fr\/bien-etre-relationnel\/relations-amicales\/pratiques-de-compassion-en-groupe\/"},"author":{"name":"Olivier Lantier","@id":"https:\/\/duoveo.com\/fr\/#\/schema\/person\/8cbd14e593f990cca1ec61fbc6677f4a"},"headline":"Pratiques de compassion en groupe","datePublished":"2025-08-06T15:46:30+00:00","dateModified":"2025-09-08T20:44:41+00:00","mainEntityOfPage":{"@id":"https:\/\/duoveo.com\/fr\/bien-etre-relationnel\/relations-amicales\/pratiques-de-compassion-en-groupe\/"},"wordCount":1166,"publisher":{"@id":"https:\/\/duoveo.com\/fr\/#organization"},"image":{"@id":"https:\/\/duoveo.com\/fr\/bien-etre-relationnel\/relations-amicales\/pratiques-de-compassion-en-groupe\/#primaryimage"},"thumbnailUrl":"https:\/\/duoveo.com\/wp-content\/uploads\/2025\/08\/3.3.3.4_Pratiques-de-compassion-en-groupe-16-9.jpg","keywords":["446"],"articleSection":["relations amicales"],"inLanguage":"fr-FR"},{"@type":"WebPage","@id":"https:\/\/duoveo.com\/fr\/bien-etre-relationnel\/relations-amicales\/pratiques-de-compassion-en-groupe\/","url":"https:\/\/duoveo.com\/fr\/bien-etre-relationnel\/relations-amicales\/pratiques-de-compassion-en-groupe\/","name":"Pratiques de compassion en groupe - duoveo","isPartOf":{"@id":"https:\/\/duoveo.com\/fr\/#website"},"primaryImageOfPage":{"@id":"https:\/\/duoveo.com\/fr\/bien-etre-relationnel\/relations-amicales\/pratiques-de-compassion-en-groupe\/#primaryimage"},"image":{"@id":"https:\/\/duoveo.com\/fr\/bien-etre-relationnel\/relations-amicales\/pratiques-de-compassion-en-groupe\/#primaryimage"},"thumbnailUrl":"https:\/\/duoveo.com\/wp-content\/uploads\/2025\/08\/3.3.3.4_Pratiques-de-compassion-en-groupe-16-9.jpg","datePublished":"2025-08-06T15:46:30+00:00","dateModified":"2025-09-08T20:44:41+00:00","description":"D\u00e9couvrez comment la compassion en groupe cr\u00e9e des liens profonds, apaise les c\u0153urs et fait vibrer la joie collective !","inLanguage":"fr-FR","potentialAction":[{"@type":"ReadAction","target":["https:\/\/duoveo.com\/fr\/bien-etre-relationnel\/relations-amicales\/pratiques-de-compassion-en-groupe\/"]}]},{"@type":"ImageObject","inLanguage":"fr-FR","@id":"https:\/\/duoveo.com\/fr\/bien-etre-relationnel\/relations-amicales\/pratiques-de-compassion-en-groupe\/#primaryimage","url":"https:\/\/duoveo.com\/wp-content\/uploads\/2025\/08\/3.3.3.4_Pratiques-de-compassion-en-groupe-16-9.jpg","contentUrl":"https:\/\/duoveo.com\/wp-content\/uploads\/2025\/08\/3.3.3.4_Pratiques-de-compassion-en-groupe-16-9.jpg","width":1000,"height":637,"caption":"compassion en groupe"},{"@type":"WebSite","@id":"https:\/\/duoveo.com\/fr\/#website","url":"https:\/\/duoveo.com\/fr\/","name":"duoveo","description":"Your story, beautifully told - Created with WordPress managed by IONOS","publisher":{"@id":"https:\/\/duoveo.com\/fr\/#organization"},"potentialAction":[{"@type":"SearchAction","target":{"@type":"EntryPoint","urlTemplate":"https:\/\/duoveo.com\/fr\/?s={search_term_string}"},"query-input":{"@type":"PropertyValueSpecification","valueRequired":true,"valueName":"search_term_string"}}],"inLanguage":"fr-FR"},{"@type":"Organization","@id":"https:\/\/duoveo.com\/fr\/#organization","name":"duoveo","url":"https:\/\/duoveo.com\/fr\/","logo":{"@type":"ImageObject","inLanguage":"fr-FR","@id":"https:\/\/duoveo.com\/fr\/#\/schema\/logo\/image\/","url":"https:\/\/duoveo.com\/wp-content\/uploads\/2022\/03\/DuoVeo_logo-black_256.png","contentUrl":"https:\/\/duoveo.com\/wp-content\/uploads\/2022\/03\/DuoVeo_logo-black_256.png","width":256,"height":256,"caption":"duoveo"},"image":{"@id":"https:\/\/duoveo.com\/fr\/#\/schema\/logo\/image\/"},"sameAs":["https:\/\/facebook.com\/duoveo","https:\/\/www.instagram.com\/duo.veo\/"]},{"@type":"Person","@id":"https:\/\/duoveo.com\/fr\/#\/schema\/person\/8cbd14e593f990cca1ec61fbc6677f4a","name":"Olivier Lantier"}]}},"_links":{"self":[{"href":"https:\/\/duoveo.com\/fr\/wp-json\/wp\/v2\/posts\/21584","targetHints":{"allow":["GET"]}}],"collection":[{"href":"https:\/\/duoveo.com\/fr\/wp-json\/wp\/v2\/posts"}],"about":[{"href":"https:\/\/duoveo.com\/fr\/wp-json\/wp\/v2\/types\/post"}],"author":[{"embeddable":true,"href":"https:\/\/duoveo.com\/fr\/wp-json\/wp\/v2\/users\/19"}],"replies":[{"embeddable":true,"href":"https:\/\/duoveo.com\/fr\/wp-json\/wp\/v2\/comments?post=21584"}],"version-history":[{"count":1,"href":"https:\/\/duoveo.com\/fr\/wp-json\/wp\/v2\/posts\/21584\/revisions"}],"predecessor-version":[{"id":21587,"href":"https:\/\/duoveo.com\/fr\/wp-json\/wp\/v2\/posts\/21584\/revisions\/21587"}],"wp:featuredmedia":[{"embeddable":true,"href":"https:\/\/duoveo.com\/fr\/wp-json\/wp\/v2\/media\/21585"}],"wp:attachment":[{"href":"https:\/\/duoveo.com\/fr\/wp-json\/wp\/v2\/media?parent=21584"}],"wp:term":[{"taxonomy":"category","embeddable":true,"href":"https:\/\/duoveo.com\/fr\/wp-json\/wp\/v2\/categories?post=21584"},{"taxonomy":"post_tag","embeddable":true,"href":"https:\/\/duoveo.com\/fr\/wp-json\/wp\/v2\/tags?post=21584"}],"curies":[{"name":"wp","href":"https:\/\/api.w.org\/{rel}","templated":true}]}}