{"id":21754,"date":"2025-08-21T14:16:27","date_gmt":"2025-08-21T14:16:27","guid":{"rendered":"https:\/\/duoveo.com\/?p=21754"},"modified":"2025-09-11T22:38:57","modified_gmt":"2025-09-11T22:38:57","slug":"communication-efficace-dans-un-environnement-professionnel","status":"publish","type":"post","link":"https:\/\/duoveo.com\/fr\/bien-etre-relationnel\/relations-professionnelles\/communication-efficace-dans-un-environnement-professionnel\/","title":{"rendered":"Communication efficace dans un environnement professionnel"},"content":{"rendered":"\n<h1 class=\"wp-block-heading\" id=\"h-\"><\/h1>\n\n\n\n<h3 class=\"wp-block-heading\" id=\"h-l-art-de-faire-passer-les-bons-messages-au-bon-moment\">L\u2019art de faire passer les bons messages au bon moment<\/h3>\n\n\n\n<hr class=\"wp-block-separator has-alpha-channel-opacity\"\/>\n\n\n\n<p>La <em>communication efficace au travail<\/em> n\u2019est pas un luxe r\u00e9serv\u00e9 aux managers ou aux grands orateurs. C\u2019est un v\u00e9ritable levier de performance collective, de bien-\u00eatre individuel et de coh\u00e9sion d\u2019\u00e9quipe. Elle s\u2019infiltre dans chaque couloir, chaque e-mail, chaque silence en r\u00e9union. Et elle peut tout changer. En mieux, \u00e9videmment. Alors, comment apprivoiser cette pr\u00e9cieuse comp\u00e9tence dans la jungle des open spaces, des visioconf\u00e9rences et des agendas satur\u00e9s ? Spoiler : c\u2019est autant une affaire de c\u0153ur que de t\u00eate.<\/p>\n\n\n\n<hr class=\"wp-block-separator has-alpha-channel-opacity\"\/>\n\n\n\n<h2 class=\"wp-block-heading\" id=\"h-1-d-abord-c-est-quoi-une-communication-efficace\">1. D\u2019abord, c\u2019est quoi une communication efficace ?<\/h2>\n\n\n\n<p>Ce n\u2019est pas juste \u00ab bien parler \u00bb. C\u2019est surtout \u00ab bien se faire comprendre \u00bb. Cela suppose une intention claire, un message adapt\u00e9, un canal pertinent, un timing judicieux\u2026 et une \u00e9coute active de l\u2019autre. Une communication est efficace quand elle atteint son but sans g\u00e9n\u00e9rer de tension inutile, de malentendu ou de surcharge cognitive.<\/p>\n\n\n\n<p>Imaginez une r\u00e9union o\u00f9 chacun repart avec une vision limpide de ce qu\u2019il a \u00e0 faire (et pourquoi), ou un feedback donn\u00e9 avec tact et re\u00e7u avec ouverture. L\u00e0, on parle d\u2019efficacit\u00e9.<\/p>\n\n\n\n<hr class=\"wp-block-separator has-alpha-channel-opacity\"\/>\n\n\n\n<h2 class=\"wp-block-heading\" id=\"h-2-les-3-piliers-d-une-communication-pro-qui-pulse\">2. Les 3 piliers d\u2019une communication pro qui pulse<\/h2>\n\n\n\n<p><strong>a. La clart\u00e9<\/strong><\/p>\n\n\n\n<p>Dans le flou, tout se dilue. Des instructions vagues, un jargon \u00e0 rallonge ou des messages ambigus sapent la motivation autant que la productivit\u00e9. \u00catre clair, c\u2019est aller droit au but sans brutalit\u00e9. C\u2019est choisir des mots simples pour dire des choses parfois complexes. C\u2019est formuler des demandes pr\u00e9cises et contextualis\u00e9es.<\/p>\n\n\n\n<p>\ud83d\udca1 <em>Exercice flash : Avant d\u2019envoyer un mail, posez-vous la question \u00ab Qu\u2019est-ce que je veux que mon destinataire comprenne, ressente et fasse ? \u00bb.<\/em><\/p>\n\n\n\n<p><strong>b. L\u2019\u00e9coute active<\/strong><\/p>\n\n\n\n<p>Paradoxalement, la meilleure communication commence souvent\u2026 par se taire. L\u2019\u00e9coute active, c\u2019est accueillir pleinement l\u2019autre, sans interrompre, sans juger, sans pr\u00e9parer sa r\u00e9ponse pendant qu\u2019il parle. C\u2019est aussi reformuler pour valider qu\u2019on a bien compris. Dans un monde satur\u00e9 d\u2019informations, l\u2019\u00e9coute devient un superpouvoir relationnel.<\/p>\n\n\n\n<p><strong>c. L\u2019alignement verbal\/non-verbal<\/strong><\/p>\n\n\n\n<p>Notre corps parle autant (voire plus) que nos mots. Une posture ouverte, un regard franc, une voix pos\u00e9e : tout cela renforce la cr\u00e9dibilit\u00e9 du message. \u00c0 l\u2019inverse, un discours positif prononc\u00e9 avec les bras crois\u00e9s et les sourcils fronc\u00e9s peut semer le doute. L\u2019efficacit\u00e9, c\u2019est quand le fond et la forme dansent en duo.<\/p>\n\n\n\n<hr class=\"wp-block-separator has-alpha-channel-opacity\"\/>\n\n\n\n<h2 class=\"wp-block-heading\" id=\"h-3-les-pieges-classiques-a-eviter\">3. Les pi\u00e8ges classiques \u00e0 \u00e9viter<\/h2>\n\n\n\n<p><strong>a. L\u2019infob\u00e9sit\u00e9<\/strong><\/p>\n\n\n\n<p>Un PowerPoint de 87 slides. Une newsletter hebdo de 3 pages. Un Slack qui sonne toutes les 6 minutes. Trop d\u2019infos tue l\u2019info. Une communication efficace, c\u2019est aussi savoir filtrer, prioriser, synth\u00e9tiser.<\/p>\n\n\n\n<p><strong>b. La passivit\u00e9 communicative<\/strong><\/p>\n\n\n\n<p>Combien de non-dits, de frustrations larv\u00e9es ou de tensions \u00e9vitables naissent parce qu\u2019on n\u2019a pas os\u00e9 dire ce qu\u2019on pensait ? Ou qu\u2019on l\u2019a fait trop tard ? Une communication saine, c\u2019est proactive. Elle anticipe les malentendus, elle cherche l\u2019\u00e9change, elle assume ses intentions.<\/p>\n\n\n\n<p><strong>c. Le syndrome du message universel<\/strong><\/p>\n\n\n\n<p>Ce qui fonctionne avec Julie du marketing ne marchera peut-\u00eatre pas avec Karim de la compta. Adapter sa communication \u00e0 l\u2019interlocuteur, c\u2019est une marque d\u2019intelligence relationnelle. Il ne s\u2019agit pas de se travestir, mais de parler le langage de l\u2019autre.<\/p>\n\n\n\n<hr class=\"wp-block-separator has-alpha-channel-opacity\"\/>\n\n\n\n<h2 class=\"wp-block-heading\" id=\"h-4-la-communication-au-coeur-des-dynamiques-d-equipe\">4. La communication au c\u0153ur des dynamiques d\u2019\u00e9quipe<\/h2>\n\n\n\n<p>Quand la communication est fluide, l\u2019\u00e9quipe respire. Les objectifs sont clairs, les conflits sont g\u00e9r\u00e9s, la confiance circule. \u00c0 l\u2019inverse, quand elle dysfonctionne, tout se grippe : les malentendus s\u2019accumulent, les responsabilit\u00e9s se diluent, l\u2019ambiance se tend.<\/p>\n\n\n\n<p>\ud83d\udee0\ufe0f <em>Outil simple mais magique : le tour de parole structur\u00e9 en r\u00e9union (par exemple \u00ab chacun partage son point de vue en 2 minutes sans \u00eatre interrompu \u00bb) \u00e9vite les monologues et stimule l\u2019intelligence collective.<\/em><\/p>\n\n\n\n<hr class=\"wp-block-separator has-alpha-channel-opacity\"\/>\n\n\n\n<h2 class=\"wp-block-heading\" id=\"h-5-le-feedback-carburant-de-croissance-ou-bombe-a-retardement\">5. Le feedback : carburant de croissance ou bombe \u00e0 retardement ?<\/h2>\n\n\n\n<p>Bien donn\u00e9, un feedback peut booster l\u2019estime de soi, clarifier les attentes, renforcer la relation. Mal dos\u00e9 ou mal formul\u00e9, il peut au contraire blesser, braquer, d\u00e9motiver.<\/p>\n\n\n\n<p>R\u00e8gle d\u2019or : un bon feedback est <strong>factuel, sp\u00e9cifique, orient\u00e9 vers l\u2019action, et donn\u00e9 dans un esprit de soutien<\/strong>. Et non, cela ne veut pas dire \u00ab dire une chose sympa, une critique, puis une autre chose sympa \u00bb comme dans le tristement c\u00e9l\u00e8bre sandwich.<\/p>\n\n\n\n<hr class=\"wp-block-separator has-alpha-channel-opacity\"\/>\n\n\n\n<h2 class=\"wp-block-heading\" id=\"h-6-et-dans-le-numerique-on-fait-comment\">6. Et dans le num\u00e9rique, on fait comment ?<\/h2>\n\n\n\n<p>Avec la g\u00e9n\u00e9ralisation du t\u00e9l\u00e9travail, la communication est devenue encore plus exigeante. L\u2019absence de signaux non-verbaux rend les malentendus plus fr\u00e9quents, les silences plus ambigus, les \u00e9motions plus volatiles.<\/p>\n\n\n\n<p>Quelques astuces :<\/p>\n\n\n\n<ul class=\"wp-block-list\">\n<li>Utiliser la visio pour les sujets sensibles.<\/li>\n\n\n\n<li>Ne pas interpr\u00e9ter trop vite un message sec : la personne \u00e9tait peut-\u00eatre juste press\u00e9e.<\/li>\n\n\n\n<li>Relire ses e-mails \u00e0 haute voix avant envoi (\u00e7a \u00e9vite de para\u00eetre abrupt sans le vouloir).<\/li>\n\n\n\n<li>Poser une question quand on ne comprend pas (plut\u00f4t que supposer).<\/li>\n<\/ul>\n\n\n\n<hr class=\"wp-block-separator has-alpha-channel-opacity\"\/>\n\n\n\n<h2 class=\"wp-block-heading\" id=\"h-7-le-role-des-leaders-dans-la-qualite-des-echanges\">7. Le r\u00f4le des leaders dans la qualit\u00e9 des \u00e9changes<\/h2>\n\n\n\n<p>Les managers, chefs de projets et autres figures de leadership relationnel sont les architectes invisibles de la communication dans leurs \u00e9quipes. Leur posture influence toute la culture du dialogue : transparence ou opacit\u00e9, confiance ou d\u00e9fiance, droit \u00e0 l\u2019erreur ou peur du jugement.<\/p>\n\n\n\n<p>Un bon leader ne parle pas plus : il parle mieux. Et surtout, il cr\u00e9e l\u2019espace pour que les autres s\u2019expriment.<\/p>\n\n\n\n<hr class=\"wp-block-separator has-alpha-channel-opacity\"\/>\n\n\n\n<h2 class=\"wp-block-heading\" id=\"h-8-et-si-on-s-amusait-un-peu\">8. Et si on s\u2019amusait un peu ?<\/h2>\n\n\n\n<p>La communication, m\u00eame au travail, peut aussi \u00eatre joyeuse, spontan\u00e9e, humaine. Un gif bien choisi, un clin d\u2019\u0153il humoristique, un mot doux gliss\u00e9 dans un brief : tout cela humanise les \u00e9changes sans les d\u00e9cr\u00e9dibiliser. L\u2019efficacit\u00e9 na\u00eet aussi de la l\u00e9g\u00e8ret\u00e9.<\/p>\n\n\n\n<hr class=\"wp-block-separator has-alpha-channel-opacity\"\/>\n\n\n\n<h2 class=\"wp-block-heading\" id=\"h-conclusion\">Conclusion :<\/h2>\n\n\n\n<p>La communication efficace au travail est une comp\u00e9tence vivante, \u00e9volutive, r\u00e9jouissante. Elle ne demande pas d\u2019\u00eatre parfait, mais d\u2019\u00eatre pr\u00e9sent \u00e0 soi et \u00e0 l\u2019autre. De s\u2019exprimer avec intention, d\u2019\u00e9couter avec attention, de se relier avec authenticit\u00e9. Et si c\u2019\u00e9tait \u00e7a, au fond, le secret des organisations qui avancent ensemble et avec \u00e9lan ?<\/p>\n\n\n\n<p><strong>Sources :<\/strong><\/p>\n\n\n\n<ol class=\"wp-block-list\">\n<li><strong>Cerveau &amp; Psycho \u2013 \u201cLes cl\u00e9s d&rsquo;une bonne communication\u201d<\/strong><br><a href=\"https:\/\/www.cerveauetpsycho.fr\/sd\/psychologie\/les-cles-dune-bonne-communication-10387.php\">https:\/\/www.cerveauetpsycho.fr\/sd\/psychologie\/les-cles-dune-bonne-communication-10387.php<\/a><\/li>\n\n\n\n<li><strong>CNRS Le journal \u2013 \u201cLes malentendus dans la communication\u201d<\/strong><br><a href=\"https:\/\/lejournal.cnrs.fr\/articles\/les-malentendus-dans-la-communication\">https:\/\/lejournal.cnrs.fr\/articles\/les-malentendus-dans-la-communication<\/a><\/li>\n\n\n\n<li><strong>Harvard Business Review France \u2013 \u201cLe feedback : art ou technique ?\u201d<\/strong><br><a href=\"https:\/\/www.hbrfrance.fr\/chroniques-experts\/2020\/02\/28910-le-feedback-art-ou-technique\/\">https:\/\/www.hbrfrance.fr\/chroniques-experts\/2020\/02\/28910-le-feedback-art-ou-technique\/<\/a><\/li>\n\n\n\n<li><strong>Psychologies.com \u2013 \u201cApprendre \u00e0 bien communiquer\u201d<\/strong><br><a href=\"https:\/\/www.psychologies.com\/Moi\/Moi-et-les-autres\/Communication\/Articles-et-Dossiers\/Apprendre-a-bien-communiquer\">https:\/\/www.psychologies.com\/Moi\/Moi-et-les-autres\/Communication\/Articles-et-Dossiers\/Apprendre-a-bien-communiquer<\/a><\/li>\n\n\n\n<li><strong>Institut Fran\u00e7ais de l\u2019Education \u2013 \u201cComp\u00e9tences de communication en entreprise\u201d<\/strong><\/li>\n\n\n\n<li><a href=\"https:\/\/ife.ens-lyon.fr\/ife\/recherche\/formation-des-adultes\/communication-entreprise\">https:\/\/ife.ens-lyon.fr\/ife\/recherche\/formation-des-adultes\/communication-entreprise<\/a><\/li>\n<\/ol>\n","protected":false},"excerpt":{"rendered":"<p>L\u2019art de faire passer les bons messages au bon moment La communication efficace au travail n\u2019est pas un luxe r\u00e9serv\u00e9 aux managers ou aux grands orateurs. C\u2019est un v\u00e9ritable levier de performance collective, de bien-\u00eatre individuel et de coh\u00e9sion d\u2019\u00e9quipe. Elle s\u2019infiltre dans chaque couloir, chaque e-mail, chaque silence en r\u00e9union. Et elle peut tout [&hellip;]<\/p>\n","protected":false},"author":19,"featured_media":21755,"comment_status":"closed","ping_status":"closed","sticky":false,"template":"","format":"standard","meta":{"_eb_attr":"","_monsterinsights_skip_tracking":false,"_monsterinsights_sitenote_active":false,"_monsterinsights_sitenote_note":"","_monsterinsights_sitenote_category":0,"footnotes":""},"categories":[519],"tags":[877],"class_list":["post-21754","post","type-post","status-publish","format-standard","has-post-thumbnail","hentry","category-relations-professionnelles","tag-877"],"yoast_head":"<!-- This site is optimized with the Yoast SEO Premium plugin v22.7 (Yoast SEO v27.5) - https:\/\/yoast.com\/product\/yoast-seo-premium-wordpress\/ -->\n<title>Communication efficace dans un environnement professionnel - duoveo<\/title>\n<meta name=\"description\" content=\"Boostez votre \u00e9quipe gr\u00e2ce \u00e0 la communication efficace au travail : clart\u00e9, \u00e9coute et authenticit\u00e9 au service de la performance\" \/>\n<meta name=\"robots\" content=\"index, follow, max-snippet:-1, max-image-preview:large, max-video-preview:-1\" \/>\n<link rel=\"canonical\" href=\"https:\/\/duoveo.com\/fr\/bien-etre-relationnel\/relations-professionnelles\/communication-efficace-dans-un-environnement-professionnel\/\" \/>\n<meta property=\"og:locale\" content=\"fr_FR\" \/>\n<meta property=\"og:type\" content=\"article\" \/>\n<meta property=\"og:title\" content=\"Communication efficace dans un environnement professionnel - duoveo\" \/>\n<meta property=\"og:description\" content=\"Boostez votre \u00e9quipe gr\u00e2ce \u00e0 la communication efficace au travail : clart\u00e9, \u00e9coute et authenticit\u00e9 au service de la performance\" \/>\n<meta property=\"og:url\" content=\"https:\/\/duoveo.com\/fr\/bien-etre-relationnel\/relations-professionnelles\/communication-efficace-dans-un-environnement-professionnel\/\" \/>\n<meta property=\"og:site_name\" content=\"duoveo\" \/>\n<meta property=\"article:publisher\" content=\"https:\/\/facebook.com\/duoveo\" \/>\n<meta property=\"article:published_time\" content=\"2025-08-21T14:16:27+00:00\" \/>\n<meta property=\"article:modified_time\" content=\"2025-09-11T22:38:57+00:00\" \/>\n<meta property=\"og:image\" content=\"https:\/\/duoveo.com\/wp-content\/uploads\/2025\/08\/3.4.3.1_Communication-efficace-dans-un-environnement-professionnel-16-9.jpg\" \/>\n\t<meta property=\"og:image:width\" content=\"1000\" \/>\n\t<meta property=\"og:image:height\" content=\"562\" \/>\n\t<meta property=\"og:image:type\" content=\"image\/jpeg\" \/>\n<meta name=\"author\" content=\"Olivier Lantier\" \/>\n<meta name=\"twitter:card\" content=\"summary_large_image\" \/>\n<meta name=\"twitter:label1\" content=\"\u00c9crit par\" \/>\n\t<meta name=\"twitter:data1\" content=\"Olivier Lantier\" \/>\n\t<meta name=\"twitter:label2\" content=\"Dur\u00e9e de lecture estim\u00e9e\" \/>\n\t<meta name=\"twitter:data2\" content=\"5 minutes\" \/>\n<script type=\"application\/ld+json\" class=\"yoast-schema-graph\">{\"@context\":\"https:\\\/\\\/schema.org\",\"@graph\":[{\"@type\":\"Article\",\"@id\":\"https:\\\/\\\/duoveo.com\\\/fr\\\/bien-etre-relationnel\\\/relations-professionnelles\\\/communication-efficace-dans-un-environnement-professionnel\\\/#article\",\"isPartOf\":{\"@id\":\"https:\\\/\\\/duoveo.com\\\/fr\\\/bien-etre-relationnel\\\/relations-professionnelles\\\/communication-efficace-dans-un-environnement-professionnel\\\/\"},\"author\":{\"name\":\"Olivier Lantier\",\"@id\":\"https:\\\/\\\/duoveo.com\\\/fr\\\/#\\\/schema\\\/person\\\/8cbd14e593f990cca1ec61fbc6677f4a\"},\"headline\":\"Communication efficace dans un environnement professionnel\",\"datePublished\":\"2025-08-21T14:16:27+00:00\",\"dateModified\":\"2025-09-11T22:38:57+00:00\",\"mainEntityOfPage\":{\"@id\":\"https:\\\/\\\/duoveo.com\\\/fr\\\/bien-etre-relationnel\\\/relations-professionnelles\\\/communication-efficace-dans-un-environnement-professionnel\\\/\"},\"wordCount\":1110,\"publisher\":{\"@id\":\"https:\\\/\\\/duoveo.com\\\/fr\\\/#organization\"},\"image\":{\"@id\":\"https:\\\/\\\/duoveo.com\\\/fr\\\/bien-etre-relationnel\\\/relations-professionnelles\\\/communication-efficace-dans-un-environnement-professionnel\\\/#primaryimage\"},\"thumbnailUrl\":\"https:\\\/\\\/duoveo.com\\\/wp-content\\\/uploads\\\/2025\\\/08\\\/3.4.3.1_Communication-efficace-dans-un-environnement-professionnel-16-9.jpg\",\"keywords\":[\"469\"],\"articleSection\":[\"relations professionnelles\"],\"inLanguage\":\"fr-FR\"},{\"@type\":\"WebPage\",\"@id\":\"https:\\\/\\\/duoveo.com\\\/fr\\\/bien-etre-relationnel\\\/relations-professionnelles\\\/communication-efficace-dans-un-environnement-professionnel\\\/\",\"url\":\"https:\\\/\\\/duoveo.com\\\/fr\\\/bien-etre-relationnel\\\/relations-professionnelles\\\/communication-efficace-dans-un-environnement-professionnel\\\/\",\"name\":\"Communication efficace dans un environnement professionnel - duoveo\",\"isPartOf\":{\"@id\":\"https:\\\/\\\/duoveo.com\\\/fr\\\/#website\"},\"primaryImageOfPage\":{\"@id\":\"https:\\\/\\\/duoveo.com\\\/fr\\\/bien-etre-relationnel\\\/relations-professionnelles\\\/communication-efficace-dans-un-environnement-professionnel\\\/#primaryimage\"},\"image\":{\"@id\":\"https:\\\/\\\/duoveo.com\\\/fr\\\/bien-etre-relationnel\\\/relations-professionnelles\\\/communication-efficace-dans-un-environnement-professionnel\\\/#primaryimage\"},\"thumbnailUrl\":\"https:\\\/\\\/duoveo.com\\\/wp-content\\\/uploads\\\/2025\\\/08\\\/3.4.3.1_Communication-efficace-dans-un-environnement-professionnel-16-9.jpg\",\"datePublished\":\"2025-08-21T14:16:27+00:00\",\"dateModified\":\"2025-09-11T22:38:57+00:00\",\"description\":\"Boostez votre \u00e9quipe gr\u00e2ce \u00e0 la communication efficace au travail : clart\u00e9, \u00e9coute et authenticit\u00e9 au service de la performance\",\"inLanguage\":\"fr-FR\",\"potentialAction\":[{\"@type\":\"ReadAction\",\"target\":[\"https:\\\/\\\/duoveo.com\\\/fr\\\/bien-etre-relationnel\\\/relations-professionnelles\\\/communication-efficace-dans-un-environnement-professionnel\\\/\"]}]},{\"@type\":\"ImageObject\",\"inLanguage\":\"fr-FR\",\"@id\":\"https:\\\/\\\/duoveo.com\\\/fr\\\/bien-etre-relationnel\\\/relations-professionnelles\\\/communication-efficace-dans-un-environnement-professionnel\\\/#primaryimage\",\"url\":\"https:\\\/\\\/duoveo.com\\\/wp-content\\\/uploads\\\/2025\\\/08\\\/3.4.3.1_Communication-efficace-dans-un-environnement-professionnel-16-9.jpg\",\"contentUrl\":\"https:\\\/\\\/duoveo.com\\\/wp-content\\\/uploads\\\/2025\\\/08\\\/3.4.3.1_Communication-efficace-dans-un-environnement-professionnel-16-9.jpg\",\"width\":1000,\"height\":562,\"caption\":\"A diverse team of colleagues enthusiastically engages with content on a laptop, capturing a collaborative work culture and an effective brainstorming session in a contemporary office\"},{\"@type\":\"WebSite\",\"@id\":\"https:\\\/\\\/duoveo.com\\\/fr\\\/#website\",\"url\":\"https:\\\/\\\/duoveo.com\\\/fr\\\/\",\"name\":\"duoveo\",\"description\":\"Your story, beautifully told - Created with WordPress managed by IONOS\",\"publisher\":{\"@id\":\"https:\\\/\\\/duoveo.com\\\/fr\\\/#organization\"},\"potentialAction\":[{\"@type\":\"SearchAction\",\"target\":{\"@type\":\"EntryPoint\",\"urlTemplate\":\"https:\\\/\\\/duoveo.com\\\/fr\\\/?s={search_term_string}\"},\"query-input\":{\"@type\":\"PropertyValueSpecification\",\"valueRequired\":true,\"valueName\":\"search_term_string\"}}],\"inLanguage\":\"fr-FR\"},{\"@type\":\"Organization\",\"@id\":\"https:\\\/\\\/duoveo.com\\\/fr\\\/#organization\",\"name\":\"duoveo\",\"url\":\"https:\\\/\\\/duoveo.com\\\/fr\\\/\",\"logo\":{\"@type\":\"ImageObject\",\"inLanguage\":\"fr-FR\",\"@id\":\"https:\\\/\\\/duoveo.com\\\/fr\\\/#\\\/schema\\\/logo\\\/image\\\/\",\"url\":\"https:\\\/\\\/duoveo.com\\\/wp-content\\\/uploads\\\/2022\\\/03\\\/DuoVeo_logo-black_256.png\",\"contentUrl\":\"https:\\\/\\\/duoveo.com\\\/wp-content\\\/uploads\\\/2022\\\/03\\\/DuoVeo_logo-black_256.png\",\"width\":256,\"height\":256,\"caption\":\"duoveo\"},\"image\":{\"@id\":\"https:\\\/\\\/duoveo.com\\\/fr\\\/#\\\/schema\\\/logo\\\/image\\\/\"},\"sameAs\":[\"https:\\\/\\\/facebook.com\\\/duoveo\",\"https:\\\/\\\/www.instagram.com\\\/duo.veo\\\/\"]},{\"@type\":\"Person\",\"@id\":\"https:\\\/\\\/duoveo.com\\\/fr\\\/#\\\/schema\\\/person\\\/8cbd14e593f990cca1ec61fbc6677f4a\",\"name\":\"Olivier Lantier\"}]}<\/script>\n<!-- \/ Yoast SEO Premium plugin. -->","yoast_head_json":{"title":"Communication efficace dans un environnement professionnel - duoveo","description":"Boostez votre \u00e9quipe gr\u00e2ce \u00e0 la communication efficace au travail : clart\u00e9, \u00e9coute et authenticit\u00e9 au service de la performance","robots":{"index":"index","follow":"follow","max-snippet":"max-snippet:-1","max-image-preview":"max-image-preview:large","max-video-preview":"max-video-preview:-1"},"canonical":"https:\/\/duoveo.com\/fr\/bien-etre-relationnel\/relations-professionnelles\/communication-efficace-dans-un-environnement-professionnel\/","og_locale":"fr_FR","og_type":"article","og_title":"Communication efficace dans un environnement professionnel - duoveo","og_description":"Boostez votre \u00e9quipe gr\u00e2ce \u00e0 la communication efficace au travail : clart\u00e9, \u00e9coute et authenticit\u00e9 au service de la performance","og_url":"https:\/\/duoveo.com\/fr\/bien-etre-relationnel\/relations-professionnelles\/communication-efficace-dans-un-environnement-professionnel\/","og_site_name":"duoveo","article_publisher":"https:\/\/facebook.com\/duoveo","article_published_time":"2025-08-21T14:16:27+00:00","article_modified_time":"2025-09-11T22:38:57+00:00","og_image":[{"width":1000,"height":562,"url":"https:\/\/duoveo.com\/wp-content\/uploads\/2025\/08\/3.4.3.1_Communication-efficace-dans-un-environnement-professionnel-16-9.jpg","type":"image\/jpeg"}],"author":"Olivier Lantier","twitter_card":"summary_large_image","twitter_misc":{"\u00c9crit par":"Olivier Lantier","Dur\u00e9e de lecture estim\u00e9e":"5 minutes"},"schema":{"@context":"https:\/\/schema.org","@graph":[{"@type":"Article","@id":"https:\/\/duoveo.com\/fr\/bien-etre-relationnel\/relations-professionnelles\/communication-efficace-dans-un-environnement-professionnel\/#article","isPartOf":{"@id":"https:\/\/duoveo.com\/fr\/bien-etre-relationnel\/relations-professionnelles\/communication-efficace-dans-un-environnement-professionnel\/"},"author":{"name":"Olivier Lantier","@id":"https:\/\/duoveo.com\/fr\/#\/schema\/person\/8cbd14e593f990cca1ec61fbc6677f4a"},"headline":"Communication efficace dans un environnement professionnel","datePublished":"2025-08-21T14:16:27+00:00","dateModified":"2025-09-11T22:38:57+00:00","mainEntityOfPage":{"@id":"https:\/\/duoveo.com\/fr\/bien-etre-relationnel\/relations-professionnelles\/communication-efficace-dans-un-environnement-professionnel\/"},"wordCount":1110,"publisher":{"@id":"https:\/\/duoveo.com\/fr\/#organization"},"image":{"@id":"https:\/\/duoveo.com\/fr\/bien-etre-relationnel\/relations-professionnelles\/communication-efficace-dans-un-environnement-professionnel\/#primaryimage"},"thumbnailUrl":"https:\/\/duoveo.com\/wp-content\/uploads\/2025\/08\/3.4.3.1_Communication-efficace-dans-un-environnement-professionnel-16-9.jpg","keywords":["469"],"articleSection":["relations professionnelles"],"inLanguage":"fr-FR"},{"@type":"WebPage","@id":"https:\/\/duoveo.com\/fr\/bien-etre-relationnel\/relations-professionnelles\/communication-efficace-dans-un-environnement-professionnel\/","url":"https:\/\/duoveo.com\/fr\/bien-etre-relationnel\/relations-professionnelles\/communication-efficace-dans-un-environnement-professionnel\/","name":"Communication efficace dans un environnement professionnel - duoveo","isPartOf":{"@id":"https:\/\/duoveo.com\/fr\/#website"},"primaryImageOfPage":{"@id":"https:\/\/duoveo.com\/fr\/bien-etre-relationnel\/relations-professionnelles\/communication-efficace-dans-un-environnement-professionnel\/#primaryimage"},"image":{"@id":"https:\/\/duoveo.com\/fr\/bien-etre-relationnel\/relations-professionnelles\/communication-efficace-dans-un-environnement-professionnel\/#primaryimage"},"thumbnailUrl":"https:\/\/duoveo.com\/wp-content\/uploads\/2025\/08\/3.4.3.1_Communication-efficace-dans-un-environnement-professionnel-16-9.jpg","datePublished":"2025-08-21T14:16:27+00:00","dateModified":"2025-09-11T22:38:57+00:00","description":"Boostez votre \u00e9quipe gr\u00e2ce \u00e0 la communication efficace au travail : clart\u00e9, \u00e9coute et authenticit\u00e9 au service de la performance","inLanguage":"fr-FR","potentialAction":[{"@type":"ReadAction","target":["https:\/\/duoveo.com\/fr\/bien-etre-relationnel\/relations-professionnelles\/communication-efficace-dans-un-environnement-professionnel\/"]}]},{"@type":"ImageObject","inLanguage":"fr-FR","@id":"https:\/\/duoveo.com\/fr\/bien-etre-relationnel\/relations-professionnelles\/communication-efficace-dans-un-environnement-professionnel\/#primaryimage","url":"https:\/\/duoveo.com\/wp-content\/uploads\/2025\/08\/3.4.3.1_Communication-efficace-dans-un-environnement-professionnel-16-9.jpg","contentUrl":"https:\/\/duoveo.com\/wp-content\/uploads\/2025\/08\/3.4.3.1_Communication-efficace-dans-un-environnement-professionnel-16-9.jpg","width":1000,"height":562,"caption":"A diverse team of colleagues enthusiastically engages with content on a laptop, capturing a collaborative work culture and an effective brainstorming session in a contemporary office"},{"@type":"WebSite","@id":"https:\/\/duoveo.com\/fr\/#website","url":"https:\/\/duoveo.com\/fr\/","name":"duoveo","description":"Your story, beautifully told - Created with WordPress managed by IONOS","publisher":{"@id":"https:\/\/duoveo.com\/fr\/#organization"},"potentialAction":[{"@type":"SearchAction","target":{"@type":"EntryPoint","urlTemplate":"https:\/\/duoveo.com\/fr\/?s={search_term_string}"},"query-input":{"@type":"PropertyValueSpecification","valueRequired":true,"valueName":"search_term_string"}}],"inLanguage":"fr-FR"},{"@type":"Organization","@id":"https:\/\/duoveo.com\/fr\/#organization","name":"duoveo","url":"https:\/\/duoveo.com\/fr\/","logo":{"@type":"ImageObject","inLanguage":"fr-FR","@id":"https:\/\/duoveo.com\/fr\/#\/schema\/logo\/image\/","url":"https:\/\/duoveo.com\/wp-content\/uploads\/2022\/03\/DuoVeo_logo-black_256.png","contentUrl":"https:\/\/duoveo.com\/wp-content\/uploads\/2022\/03\/DuoVeo_logo-black_256.png","width":256,"height":256,"caption":"duoveo"},"image":{"@id":"https:\/\/duoveo.com\/fr\/#\/schema\/logo\/image\/"},"sameAs":["https:\/\/facebook.com\/duoveo","https:\/\/www.instagram.com\/duo.veo\/"]},{"@type":"Person","@id":"https:\/\/duoveo.com\/fr\/#\/schema\/person\/8cbd14e593f990cca1ec61fbc6677f4a","name":"Olivier Lantier"}]}},"_links":{"self":[{"href":"https:\/\/duoveo.com\/fr\/wp-json\/wp\/v2\/posts\/21754","targetHints":{"allow":["GET"]}}],"collection":[{"href":"https:\/\/duoveo.com\/fr\/wp-json\/wp\/v2\/posts"}],"about":[{"href":"https:\/\/duoveo.com\/fr\/wp-json\/wp\/v2\/types\/post"}],"author":[{"embeddable":true,"href":"https:\/\/duoveo.com\/fr\/wp-json\/wp\/v2\/users\/19"}],"replies":[{"embeddable":true,"href":"https:\/\/duoveo.com\/fr\/wp-json\/wp\/v2\/comments?post=21754"}],"version-history":[{"count":2,"href":"https:\/\/duoveo.com\/fr\/wp-json\/wp\/v2\/posts\/21754\/revisions"}],"predecessor-version":[{"id":22720,"href":"https:\/\/duoveo.com\/fr\/wp-json\/wp\/v2\/posts\/21754\/revisions\/22720"}],"wp:featuredmedia":[{"embeddable":true,"href":"https:\/\/duoveo.com\/fr\/wp-json\/wp\/v2\/media\/21755"}],"wp:attachment":[{"href":"https:\/\/duoveo.com\/fr\/wp-json\/wp\/v2\/media?parent=21754"}],"wp:term":[{"taxonomy":"category","embeddable":true,"href":"https:\/\/duoveo.com\/fr\/wp-json\/wp\/v2\/categories?post=21754"},{"taxonomy":"post_tag","embeddable":true,"href":"https:\/\/duoveo.com\/fr\/wp-json\/wp\/v2\/tags?post=21754"}],"curies":[{"name":"wp","href":"https:\/\/api.w.org\/{rel}","templated":true}]}}