{"id":21758,"date":"2025-08-21T14:25:20","date_gmt":"2025-08-21T14:25:20","guid":{"rendered":"https:\/\/duoveo.com\/?p=21758"},"modified":"2025-09-11T22:50:56","modified_gmt":"2025-09-11T22:50:56","slug":"gestion-des-reunions-productives","status":"publish","type":"post","link":"https:\/\/duoveo.com\/fr\/bien-etre-relationnel\/relations-professionnelles\/gestion-des-reunions-productives\/","title":{"rendered":"Gestion des r\u00e9unions productives"},"content":{"rendered":"\n<h1 class=\"wp-block-heading\" id=\"h-\"><\/h1>\n\n\n\n<h3 class=\"wp-block-heading\" id=\"h-l-art-subtil-de-faire-court-clair-et-collectif\">L&rsquo;art subtil de faire court, clair et collectif<\/h3>\n\n\n\n<p>Les r\u00e9unions\u2026 ce grand classique du monde professionnel ! Certaines nourrissent l\u2019intelligence collective, d\u2019autres vampirisent l\u2019\u00e9nergie et le temps de chacun. Pourtant, <strong>la gestion des r\u00e9unions productives<\/strong> n\u2019est ni un mythe ni un privil\u00e8ge r\u00e9serv\u00e9 aux entreprises ultra-organis\u00e9es. C\u2019est un art, certes, mais un art qui s\u2019apprend, se peaufine, et surtout, s\u2019insuffle avec enthousiasme et intention. Et si on transformait ensemble ces rassemblements parfois soporifiques en moteurs d\u2019efficacit\u00e9 et de collaboration ?<\/p>\n\n\n\n<hr class=\"wp-block-separator has-alpha-channel-opacity\"\/>\n\n\n\n<h2 class=\"wp-block-heading\" id=\"h-pourquoi-les-reunions-deraillent-souvent\">Pourquoi les r\u00e9unions d\u00e9raillent (souvent) ?<\/h2>\n\n\n\n<p>Avant de chercher la recette miracle, commen\u00e7ons par une petite introspection. Pourquoi tant de r\u00e9unions ratent-elles leur cible ? En t\u00eate de liste : un manque de clart\u00e9 sur l\u2019objectif, une dur\u00e9e disproportionn\u00e9e, une absence de cadre ou encore une mauvaise r\u00e9partition de la parole. On y vient sans pr\u00e9paration, on en ressort plus confus qu&rsquo;en y entrant, et l\u2019on se demande : \u00ab\u00a0Qu\u2019avons-nous vraiment d\u00e9cid\u00e9 ?\u00a0\u00bb<\/p>\n\n\n\n<p>Un constat partag\u00e9 : selon une \u00e9tude de l\u2019IFOP, <strong>plus de 60 % des salari\u00e9s consid\u00e8rent qu\u2019ils assistent \u00e0 trop de r\u00e9unions<\/strong>, et pr\u00e8s de la moiti\u00e9 les jugent inutiles. Pourtant, bien men\u00e9es, elles peuvent devenir des leviers puissants d\u2019alignement, de cr\u00e9ativit\u00e9 et de motivation.<\/p>\n\n\n\n<hr class=\"wp-block-separator has-alpha-channel-opacity\"\/>\n\n\n\n<h3 class=\"wp-block-heading\" id=\"h-1-objectif-clair-reunion-eclair\">1. Objectif clair = r\u00e9union \u00e9clair<\/h3>\n\n\n\n<p>La premi\u00e8re cl\u00e9 d\u2019une r\u00e9union efficace ? <strong>Un objectif limpide comme de l\u2019eau de roche<\/strong>. \u00ab\u00a0Nous faisons cette r\u00e9union pour d\u00e9cider de X\u00a0\u00bb, \u00ab\u00a0pour partager les avanc\u00e9es de Y\u00a0\u00bb, \u00ab\u00a0pour r\u00e9soudre le probl\u00e8me Z\u00a0\u00bb. C\u2019est ce qui permet de calibrer le format, le temps, les participants, et surtout\u2026 de ne pas partir dans tous les sens.<\/p>\n\n\n\n<p>\ud83d\udca1 <em>Astuce espi\u00e8gle : notez l\u2019objectif de la r\u00e9union dans l\u2019invitation et commencez la r\u00e9union en le reformulant \u00e0 voix haute. Cela agit comme une boussole collective.<\/em><\/p>\n\n\n\n<hr class=\"wp-block-separator has-alpha-channel-opacity\"\/>\n\n\n\n<h3 class=\"wp-block-heading\" id=\"h-2-la-regle-d-or-des-3p-preparer-participer-piloter\">2. La r\u00e8gle d\u2019or des 3P : Pr\u00e9parer, Participer, Piloter<\/h3>\n\n\n\n<p>Une r\u00e9union productive repose sur trois piliers :<\/p>\n\n\n\n<ul class=\"wp-block-list\">\n<li><strong>Pr\u00e9parer<\/strong> : l\u2019animateur, mais aussi chaque participant, doit arriver avec les id\u00e9es claires. Documents \u00e0 lire en amont, donn\u00e9es \u00e0 rassembler, questions \u00e0 anticiper. Le temps de r\u00e9union n\u2019est pas celui de la r\u00e9flexion profonde, mais de la mise en commun.<\/li>\n\n\n\n<li><strong>Participer<\/strong> : on n\u2019est pas l\u00e0 pour chauffer un si\u00e8ge. Une r\u00e9union r\u00e9ussie, c\u2019est celle o\u00f9 chacun contribue, \u00e9coute, r\u00e9agit, propose. L\u2019animateur doit veiller \u00e0 \u00e9quilibrer les temps de parole, en osant faire taire les moulinettes verbales et encourager les silencieux.<\/li>\n\n\n\n<li><strong>Piloter<\/strong> : mod\u00e9rer, relancer, canaliser, synth\u00e9tiser\u2026 le r\u00f4le de l\u2019animateur est crucial pour garder le cap. Il est le chef d\u2019orchestre de cette symphonie collaborative.<\/li>\n<\/ul>\n\n\n\n<hr class=\"wp-block-separator has-alpha-channel-opacity\"\/>\n\n\n\n<h3 class=\"wp-block-heading\" id=\"h-3-moins-de-monde-plus-d-impact\">3. Moins de monde, plus d\u2019impact<\/h3>\n\n\n\n<p>\u00ab\u00a0La r\u00e9union est d\u2019autant plus intelligente que les participants sont bien choisis.\u00a0\u00bb R\u00e9unir tout un service par automatisme est une perte de ressources. Privil\u00e9giez un petit comit\u00e9 engag\u00e9, concern\u00e9, et capable de prendre des d\u00e9cisions. Les autres pourront recevoir un compte rendu bien ficel\u00e9.<\/p>\n\n\n\n<p>\ud83d\udca1 <em>Le saviez-vous ? Jeff Bezos applique la \u00ab\u00a0r\u00e8gle des deux pizzas\u00a0\u00bb : une r\u00e9union ne devrait jamais r\u00e9unir plus de personnes que deux pizzas ne pourraient nourrir. App\u00e9tissant, non ?<\/em><\/p>\n\n\n\n<hr class=\"wp-block-separator has-alpha-channel-opacity\"\/>\n\n\n\n<h3 class=\"wp-block-heading\" id=\"h-4-le-timing-un-allie-sous-estime\">4. Le timing : un alli\u00e9 sous-estim\u00e9<\/h3>\n\n\n\n<p>Une r\u00e9union n\u2019a pas \u00e0 durer une heure parce que l\u2019agenda Outlook le propose par d\u00e9faut. Et si on optait pour <strong>des formats courts et dynamiques<\/strong> ? 15 minutes pour un brief, 30 pour un point strat\u00e9gique, 45 pour un \u00e9change d\u00e9cisionnel. L\u2019heure compl\u00e8te (voire plus) se justifie pour les ateliers ou les r\u00e9trospectives, mais avec un vrai rythme.<\/p>\n\n\n\n<p>\ud83d\udca1 <em>Testez la r\u00e9union debout : plus courte, plus vive, plus efficace !<\/em><\/p>\n\n\n\n<hr class=\"wp-block-separator has-alpha-channel-opacity\"\/>\n\n\n\n<h3 class=\"wp-block-heading\" id=\"h-5-le-pouvoir-du-rituel\">5. Le pouvoir du rituel<\/h3>\n\n\n\n<p>Introduire <strong>des rituels simples<\/strong> au d\u00e9but et \u00e0 la fin des r\u00e9unions donne un cadre rassurant et structurant. Un tour de table rapide pour capter l\u2019humeur du jour, un check sur les objectifs en cl\u00f4ture, une synth\u00e8se des d\u00e9cisions prises : autant de balises qui \u00e9vitent le flou artistique.<\/p>\n\n\n\n<hr class=\"wp-block-separator has-alpha-channel-opacity\"\/>\n\n\n\n<h3 class=\"wp-block-heading\" id=\"h-6-les-outils-au-service-de-l-intelligence-collective\">6. Les outils au service de l\u2019intelligence collective<\/h3>\n\n\n\n<p>Aujourd\u2019hui, les outils collaboratifs (Miro, Notion, Klaxoon, Google Docs\u2026) permettent d\u2019enrichir les \u00e9changes, d\u2019\u00e9viter les digressions et de <strong>co-cr\u00e9er en temps r\u00e9el<\/strong>. Utiliser un support visuel, un tableau partag\u00e9 ou un timer renforce l\u2019attention et stimule la cr\u00e9ativit\u00e9.<\/p>\n\n\n\n<p>Mais attention : trop d\u2019outils tuent l\u2019outil. Choisissez celui qui sert le mieux votre intention, et assurez-vous que tout le monde sache l\u2019utiliser.<\/p>\n\n\n\n<hr class=\"wp-block-separator has-alpha-channel-opacity\"\/>\n\n\n\n<h3 class=\"wp-block-heading\" id=\"h-7-des-decisions-pas-des-discussions-sans-fin\">7. Des d\u00e9cisions, pas des discussions sans fin<\/h3>\n\n\n\n<p>La finalit\u00e9 d\u2019une r\u00e9union n\u2019est pas de briller par son \u00e9loquence mais de faire avancer le collectif. Veillez \u00e0 ce que <strong>chaque r\u00e9union d\u00e9bouche sur des d\u00e9cisions concr\u00e8tes<\/strong>, des plans d\u2019action, des r\u00f4les d\u00e9finis, des d\u00e9lais.<\/p>\n\n\n\n<p>\ud83d\udca1 <em>Un bon r\u00e9flexe ? Finir la r\u00e9union par un rapide \u00ab\u00a0Qui fait quoi pour quand ?\u00a0\u00bb<\/em><\/p>\n\n\n\n<hr class=\"wp-block-separator has-alpha-channel-opacity\"\/>\n\n\n\n<h3 class=\"wp-block-heading\" id=\"h-8-un-suivi-qui-donne-du-sens\">8. Un suivi qui donne du sens<\/h3>\n\n\n\n<p>Une r\u00e9union sans suivi, c\u2019est comme un souffl\u00e9 qui retombe : prometteur \u00e0 la sortie du four, mais sans consistance. <strong>Le compte rendu doit \u00eatre clair, concis, orient\u00e9 action.<\/strong> Il n\u2019est pas n\u00e9cessairement long, mais il doit contenir l\u2019essentiel : d\u00e9cisions, actions, responsables, \u00e9ch\u00e9ances.<\/p>\n\n\n\n<p>Envoy\u00e9 rapidement, il renforce la m\u00e9moire collective et nourrit la dynamique.<\/p>\n\n\n\n<hr class=\"wp-block-separator has-alpha-channel-opacity\"\/>\n\n\n\n<h3 class=\"wp-block-heading\" id=\"h-9-evaluer-pour-mieux-evoluer\">9. \u00c9valuer pour mieux \u00e9voluer<\/h3>\n\n\n\n<p>Et si l\u2019on terminait chaque r\u00e9union par <strong>une mini-\u00e9valuation \u00e0 chaud<\/strong> ? \u201cSur une \u00e9chelle de 1 \u00e0 5, \u00e0 quel point cette r\u00e9union vous a-t-elle \u00e9t\u00e9 utile ?\u201d En quelques secondes, vous r\u00e9coltez des signaux pr\u00e9cieux. L\u2019\u00e9quipe peut alors ajuster le format, la fr\u00e9quence ou les modalit\u00e9s pour la prochaine fois.<\/p>\n\n\n\n<hr class=\"wp-block-separator has-alpha-channel-opacity\"\/>\n\n\n\n<h3 class=\"wp-block-heading\" id=\"h-10-l-esprit-avant-la-methode\">10. L\u2019esprit avant la m\u00e9thode<\/h3>\n\n\n\n<p>Enfin, rappelons-le : <strong>une r\u00e9union productive, c\u2019est surtout un \u00e9tat d\u2019esprit.<\/strong> Un moment collectif au service d\u2019un objectif partag\u00e9, port\u00e9 par une envie sinc\u00e8re d\u2019\u00e9couter, construire, d\u00e9cider ensemble. Derri\u00e8re les outils, les checklists et les agendas, il y a une posture d\u2019ouverture, de bienveillance et de responsabilit\u00e9.<\/p>\n\n\n\n<p>C\u2019est cette \u00e9nergie-l\u00e0, presque palpable, qui fait qu\u2019une r\u00e9union devient un moment d\u2019intelligence vivante.<\/p>\n\n\n\n<hr class=\"wp-block-separator has-alpha-channel-opacity\"\/>\n\n\n\n<h3 class=\"wp-block-heading\" id=\"h-conclusion\">Conclusion<\/h3>\n\n\n\n<p>En somme, <strong>la gestion des r\u00e9unions productives<\/strong> n\u2019est pas une lubie de managers en qu\u00eate d\u2019efficacit\u00e9 \u00e0 tout prix. C\u2019est une culture \u00e0 semer, une mani\u00e8re de redonner du sens au temps pass\u00e9 ensemble, une hygi\u00e8ne relationnelle qui irrigue toute l\u2019organisation. Alors la prochaine fois qu\u2019un cr\u00e9neau se glisse dans votre agenda, posez-vous une question simple : \u201cEt si cette r\u00e9union devenait notre prochaine r\u00e9ussite collective ?\u201d<\/p>\n\n\n\n<hr class=\"wp-block-separator has-alpha-channel-opacity\"\/>\n\n\n\n<p><strong>Sources :<\/strong><\/p>\n\n\n\n<ol class=\"wp-block-list\">\n<li><em>IFOP \u2013 La perception des r\u00e9unions chez les salari\u00e9s fran\u00e7ais<\/em> \u2013 <a href=\"https:\/\/www.ifop.com\/\">www.ifop.com<\/a><\/li>\n\n\n\n<li><em>Harvard Business Review France \u2013 R\u00e9duire le nombre de r\u00e9unions, un vrai levier de performance<\/em> \u2013 <a href=\"https:\/\/www.hbrfrance.fr\/\">www.hbrfrance.fr<\/a><\/li>\n\n\n\n<li><em>Le Monde \u2013 Trop de r\u00e9unions tuent les r\u00e9unions<\/em> \u2013 <a href=\"https:\/\/www.lemonde.fr\/\">www.lemonde.fr<\/a><\/li>\n\n\n\n<li><em>Cadremploi \u2013 Comment animer une r\u00e9union efficace ?<\/em> \u2013 <a href=\"https:\/\/www.cadremploi.fr\/\">www.cadremploi.fr<\/a><\/li>\n\n\n\n<li><em>APM \u2013 L&rsquo;art de la r\u00e9union utile<\/em> \u2013 <a href=\"https:\/\/www.apm.fr\/\">www.apm.fr<\/a><\/li>\n<\/ol>\n\n\n\n<p><\/p>\n","protected":false},"excerpt":{"rendered":"<p>L&rsquo;art subtil de faire court, clair et collectif Les r\u00e9unions\u2026 ce grand classique du monde professionnel ! Certaines nourrissent l\u2019intelligence collective, d\u2019autres vampirisent l\u2019\u00e9nergie et le temps de chacun. Pourtant, la gestion des r\u00e9unions productives n\u2019est ni un mythe ni un privil\u00e8ge r\u00e9serv\u00e9 aux entreprises ultra-organis\u00e9es. C\u2019est un art, certes, mais un art qui s\u2019apprend, [&hellip;]<\/p>\n","protected":false},"author":19,"featured_media":21759,"comment_status":"closed","ping_status":"closed","sticky":false,"template":"","format":"standard","meta":{"_eb_attr":"","_monsterinsights_skip_tracking":false,"_monsterinsights_sitenote_active":false,"_monsterinsights_sitenote_note":"","_monsterinsights_sitenote_category":0,"footnotes":""},"categories":[519],"tags":[879],"class_list":["post-21758","post","type-post","status-publish","format-standard","has-post-thumbnail","hentry","category-relations-professionnelles","tag-879"],"yoast_head":"<!-- This site is optimized with the Yoast SEO Premium plugin v22.7 (Yoast SEO v27.5) - https:\/\/yoast.com\/product\/yoast-seo-premium-wordpress\/ -->\n<title>Gestion des r\u00e9unions productives - duoveo<\/title>\n<meta name=\"description\" content=\"Transformez vos r\u00e9unions en moteurs d\u2019efficacit\u00e9 et d\u2019intelligence collective gr\u00e2ce \u00e0 la gestion des r\u00e9unions productives.\" \/>\n<meta name=\"robots\" content=\"index, follow, max-snippet:-1, max-image-preview:large, max-video-preview:-1\" \/>\n<link rel=\"canonical\" href=\"https:\/\/duoveo.com\/fr\/bien-etre-relationnel\/relations-professionnelles\/gestion-des-reunions-productives\/\" \/>\n<meta property=\"og:locale\" content=\"fr_FR\" \/>\n<meta property=\"og:type\" content=\"article\" \/>\n<meta property=\"og:title\" content=\"Gestion des r\u00e9unions productives - duoveo\" \/>\n<meta property=\"og:description\" content=\"Transformez vos r\u00e9unions en moteurs d\u2019efficacit\u00e9 et d\u2019intelligence collective gr\u00e2ce \u00e0 la gestion des r\u00e9unions productives.\" \/>\n<meta property=\"og:url\" content=\"https:\/\/duoveo.com\/fr\/bien-etre-relationnel\/relations-professionnelles\/gestion-des-reunions-productives\/\" \/>\n<meta property=\"og:site_name\" content=\"duoveo\" \/>\n<meta property=\"article:publisher\" content=\"https:\/\/facebook.com\/duoveo\" \/>\n<meta property=\"article:published_time\" content=\"2025-08-21T14:25:20+00:00\" \/>\n<meta property=\"article:modified_time\" content=\"2025-09-11T22:50:56+00:00\" \/>\n<meta property=\"og:image\" content=\"https:\/\/duoveo.com\/wp-content\/uploads\/2025\/08\/3.4.3.2_Gestion-des-reunions-productives-16-9.jpg\" \/>\n\t<meta property=\"og:image:width\" content=\"1000\" \/>\n\t<meta property=\"og:image:height\" content=\"562\" \/>\n\t<meta property=\"og:image:type\" content=\"image\/jpeg\" \/>\n<meta name=\"author\" content=\"Olivier Lantier\" \/>\n<meta name=\"twitter:card\" content=\"summary_large_image\" \/>\n<meta name=\"twitter:label1\" content=\"\u00c9crit par\" \/>\n\t<meta name=\"twitter:data1\" content=\"Olivier Lantier\" \/>\n\t<meta name=\"twitter:label2\" content=\"Dur\u00e9e de lecture estim\u00e9e\" \/>\n\t<meta name=\"twitter:data2\" content=\"5 minutes\" \/>\n<script type=\"application\/ld+json\" class=\"yoast-schema-graph\">{\"@context\":\"https:\\\/\\\/schema.org\",\"@graph\":[{\"@type\":\"Article\",\"@id\":\"https:\\\/\\\/duoveo.com\\\/fr\\\/bien-etre-relationnel\\\/relations-professionnelles\\\/gestion-des-reunions-productives\\\/#article\",\"isPartOf\":{\"@id\":\"https:\\\/\\\/duoveo.com\\\/fr\\\/bien-etre-relationnel\\\/relations-professionnelles\\\/gestion-des-reunions-productives\\\/\"},\"author\":{\"name\":\"Olivier Lantier\",\"@id\":\"https:\\\/\\\/duoveo.com\\\/fr\\\/#\\\/schema\\\/person\\\/8cbd14e593f990cca1ec61fbc6677f4a\"},\"headline\":\"Gestion des r\u00e9unions productives\",\"datePublished\":\"2025-08-21T14:25:20+00:00\",\"dateModified\":\"2025-09-11T22:50:56+00:00\",\"mainEntityOfPage\":{\"@id\":\"https:\\\/\\\/duoveo.com\\\/fr\\\/bien-etre-relationnel\\\/relations-professionnelles\\\/gestion-des-reunions-productives\\\/\"},\"wordCount\":1184,\"publisher\":{\"@id\":\"https:\\\/\\\/duoveo.com\\\/fr\\\/#organization\"},\"image\":{\"@id\":\"https:\\\/\\\/duoveo.com\\\/fr\\\/bien-etre-relationnel\\\/relations-professionnelles\\\/gestion-des-reunions-productives\\\/#primaryimage\"},\"thumbnailUrl\":\"https:\\\/\\\/duoveo.com\\\/wp-content\\\/uploads\\\/2025\\\/08\\\/3.4.3.2_Gestion-des-reunions-productives-16-9.jpg\",\"keywords\":[\"470\"],\"articleSection\":[\"relations professionnelles\"],\"inLanguage\":\"fr-FR\"},{\"@type\":\"WebPage\",\"@id\":\"https:\\\/\\\/duoveo.com\\\/fr\\\/bien-etre-relationnel\\\/relations-professionnelles\\\/gestion-des-reunions-productives\\\/\",\"url\":\"https:\\\/\\\/duoveo.com\\\/fr\\\/bien-etre-relationnel\\\/relations-professionnelles\\\/gestion-des-reunions-productives\\\/\",\"name\":\"Gestion des r\u00e9unions productives - duoveo\",\"isPartOf\":{\"@id\":\"https:\\\/\\\/duoveo.com\\\/fr\\\/#website\"},\"primaryImageOfPage\":{\"@id\":\"https:\\\/\\\/duoveo.com\\\/fr\\\/bien-etre-relationnel\\\/relations-professionnelles\\\/gestion-des-reunions-productives\\\/#primaryimage\"},\"image\":{\"@id\":\"https:\\\/\\\/duoveo.com\\\/fr\\\/bien-etre-relationnel\\\/relations-professionnelles\\\/gestion-des-reunions-productives\\\/#primaryimage\"},\"thumbnailUrl\":\"https:\\\/\\\/duoveo.com\\\/wp-content\\\/uploads\\\/2025\\\/08\\\/3.4.3.2_Gestion-des-reunions-productives-16-9.jpg\",\"datePublished\":\"2025-08-21T14:25:20+00:00\",\"dateModified\":\"2025-09-11T22:50:56+00:00\",\"description\":\"Transformez vos r\u00e9unions en moteurs d\u2019efficacit\u00e9 et d\u2019intelligence collective gr\u00e2ce \u00e0 la gestion des r\u00e9unions productives.\",\"inLanguage\":\"fr-FR\",\"potentialAction\":[{\"@type\":\"ReadAction\",\"target\":[\"https:\\\/\\\/duoveo.com\\\/fr\\\/bien-etre-relationnel\\\/relations-professionnelles\\\/gestion-des-reunions-productives\\\/\"]}]},{\"@type\":\"ImageObject\",\"inLanguage\":\"fr-FR\",\"@id\":\"https:\\\/\\\/duoveo.com\\\/fr\\\/bien-etre-relationnel\\\/relations-professionnelles\\\/gestion-des-reunions-productives\\\/#primaryimage\",\"url\":\"https:\\\/\\\/duoveo.com\\\/wp-content\\\/uploads\\\/2025\\\/08\\\/3.4.3.2_Gestion-des-reunions-productives-16-9.jpg\",\"contentUrl\":\"https:\\\/\\\/duoveo.com\\\/wp-content\\\/uploads\\\/2025\\\/08\\\/3.4.3.2_Gestion-des-reunions-productives-16-9.jpg\",\"width\":1000,\"height\":562,\"caption\":\"Serious senior mentor, corporate teacher training interns. Business coach, leader, boss teaching employees to analyze project documents, reviewing reports, using scrum method with sticky notes\"},{\"@type\":\"WebSite\",\"@id\":\"https:\\\/\\\/duoveo.com\\\/fr\\\/#website\",\"url\":\"https:\\\/\\\/duoveo.com\\\/fr\\\/\",\"name\":\"duoveo\",\"description\":\"Your story, beautifully told - Created with WordPress managed by IONOS\",\"publisher\":{\"@id\":\"https:\\\/\\\/duoveo.com\\\/fr\\\/#organization\"},\"potentialAction\":[{\"@type\":\"SearchAction\",\"target\":{\"@type\":\"EntryPoint\",\"urlTemplate\":\"https:\\\/\\\/duoveo.com\\\/fr\\\/?s={search_term_string}\"},\"query-input\":{\"@type\":\"PropertyValueSpecification\",\"valueRequired\":true,\"valueName\":\"search_term_string\"}}],\"inLanguage\":\"fr-FR\"},{\"@type\":\"Organization\",\"@id\":\"https:\\\/\\\/duoveo.com\\\/fr\\\/#organization\",\"name\":\"duoveo\",\"url\":\"https:\\\/\\\/duoveo.com\\\/fr\\\/\",\"logo\":{\"@type\":\"ImageObject\",\"inLanguage\":\"fr-FR\",\"@id\":\"https:\\\/\\\/duoveo.com\\\/fr\\\/#\\\/schema\\\/logo\\\/image\\\/\",\"url\":\"https:\\\/\\\/duoveo.com\\\/wp-content\\\/uploads\\\/2022\\\/03\\\/DuoVeo_logo-black_256.png\",\"contentUrl\":\"https:\\\/\\\/duoveo.com\\\/wp-content\\\/uploads\\\/2022\\\/03\\\/DuoVeo_logo-black_256.png\",\"width\":256,\"height\":256,\"caption\":\"duoveo\"},\"image\":{\"@id\":\"https:\\\/\\\/duoveo.com\\\/fr\\\/#\\\/schema\\\/logo\\\/image\\\/\"},\"sameAs\":[\"https:\\\/\\\/facebook.com\\\/duoveo\",\"https:\\\/\\\/www.instagram.com\\\/duo.veo\\\/\"]},{\"@type\":\"Person\",\"@id\":\"https:\\\/\\\/duoveo.com\\\/fr\\\/#\\\/schema\\\/person\\\/8cbd14e593f990cca1ec61fbc6677f4a\",\"name\":\"Olivier Lantier\"}]}<\/script>\n<!-- \/ Yoast SEO Premium plugin. -->","yoast_head_json":{"title":"Gestion des r\u00e9unions productives - duoveo","description":"Transformez vos r\u00e9unions en moteurs d\u2019efficacit\u00e9 et d\u2019intelligence collective gr\u00e2ce \u00e0 la gestion des r\u00e9unions productives.","robots":{"index":"index","follow":"follow","max-snippet":"max-snippet:-1","max-image-preview":"max-image-preview:large","max-video-preview":"max-video-preview:-1"},"canonical":"https:\/\/duoveo.com\/fr\/bien-etre-relationnel\/relations-professionnelles\/gestion-des-reunions-productives\/","og_locale":"fr_FR","og_type":"article","og_title":"Gestion des r\u00e9unions productives - duoveo","og_description":"Transformez vos r\u00e9unions en moteurs d\u2019efficacit\u00e9 et d\u2019intelligence collective gr\u00e2ce \u00e0 la gestion des r\u00e9unions productives.","og_url":"https:\/\/duoveo.com\/fr\/bien-etre-relationnel\/relations-professionnelles\/gestion-des-reunions-productives\/","og_site_name":"duoveo","article_publisher":"https:\/\/facebook.com\/duoveo","article_published_time":"2025-08-21T14:25:20+00:00","article_modified_time":"2025-09-11T22:50:56+00:00","og_image":[{"width":1000,"height":562,"url":"https:\/\/duoveo.com\/wp-content\/uploads\/2025\/08\/3.4.3.2_Gestion-des-reunions-productives-16-9.jpg","type":"image\/jpeg"}],"author":"Olivier Lantier","twitter_card":"summary_large_image","twitter_misc":{"\u00c9crit par":"Olivier Lantier","Dur\u00e9e de lecture estim\u00e9e":"5 minutes"},"schema":{"@context":"https:\/\/schema.org","@graph":[{"@type":"Article","@id":"https:\/\/duoveo.com\/fr\/bien-etre-relationnel\/relations-professionnelles\/gestion-des-reunions-productives\/#article","isPartOf":{"@id":"https:\/\/duoveo.com\/fr\/bien-etre-relationnel\/relations-professionnelles\/gestion-des-reunions-productives\/"},"author":{"name":"Olivier Lantier","@id":"https:\/\/duoveo.com\/fr\/#\/schema\/person\/8cbd14e593f990cca1ec61fbc6677f4a"},"headline":"Gestion des r\u00e9unions productives","datePublished":"2025-08-21T14:25:20+00:00","dateModified":"2025-09-11T22:50:56+00:00","mainEntityOfPage":{"@id":"https:\/\/duoveo.com\/fr\/bien-etre-relationnel\/relations-professionnelles\/gestion-des-reunions-productives\/"},"wordCount":1184,"publisher":{"@id":"https:\/\/duoveo.com\/fr\/#organization"},"image":{"@id":"https:\/\/duoveo.com\/fr\/bien-etre-relationnel\/relations-professionnelles\/gestion-des-reunions-productives\/#primaryimage"},"thumbnailUrl":"https:\/\/duoveo.com\/wp-content\/uploads\/2025\/08\/3.4.3.2_Gestion-des-reunions-productives-16-9.jpg","keywords":["470"],"articleSection":["relations professionnelles"],"inLanguage":"fr-FR"},{"@type":"WebPage","@id":"https:\/\/duoveo.com\/fr\/bien-etre-relationnel\/relations-professionnelles\/gestion-des-reunions-productives\/","url":"https:\/\/duoveo.com\/fr\/bien-etre-relationnel\/relations-professionnelles\/gestion-des-reunions-productives\/","name":"Gestion des r\u00e9unions productives - duoveo","isPartOf":{"@id":"https:\/\/duoveo.com\/fr\/#website"},"primaryImageOfPage":{"@id":"https:\/\/duoveo.com\/fr\/bien-etre-relationnel\/relations-professionnelles\/gestion-des-reunions-productives\/#primaryimage"},"image":{"@id":"https:\/\/duoveo.com\/fr\/bien-etre-relationnel\/relations-professionnelles\/gestion-des-reunions-productives\/#primaryimage"},"thumbnailUrl":"https:\/\/duoveo.com\/wp-content\/uploads\/2025\/08\/3.4.3.2_Gestion-des-reunions-productives-16-9.jpg","datePublished":"2025-08-21T14:25:20+00:00","dateModified":"2025-09-11T22:50:56+00:00","description":"Transformez vos r\u00e9unions en moteurs d\u2019efficacit\u00e9 et d\u2019intelligence collective gr\u00e2ce \u00e0 la gestion des r\u00e9unions productives.","inLanguage":"fr-FR","potentialAction":[{"@type":"ReadAction","target":["https:\/\/duoveo.com\/fr\/bien-etre-relationnel\/relations-professionnelles\/gestion-des-reunions-productives\/"]}]},{"@type":"ImageObject","inLanguage":"fr-FR","@id":"https:\/\/duoveo.com\/fr\/bien-etre-relationnel\/relations-professionnelles\/gestion-des-reunions-productives\/#primaryimage","url":"https:\/\/duoveo.com\/wp-content\/uploads\/2025\/08\/3.4.3.2_Gestion-des-reunions-productives-16-9.jpg","contentUrl":"https:\/\/duoveo.com\/wp-content\/uploads\/2025\/08\/3.4.3.2_Gestion-des-reunions-productives-16-9.jpg","width":1000,"height":562,"caption":"Serious senior mentor, corporate teacher training interns. Business coach, leader, boss teaching employees to analyze project documents, reviewing reports, using scrum method with sticky notes"},{"@type":"WebSite","@id":"https:\/\/duoveo.com\/fr\/#website","url":"https:\/\/duoveo.com\/fr\/","name":"duoveo","description":"Your story, beautifully told - Created with WordPress managed by IONOS","publisher":{"@id":"https:\/\/duoveo.com\/fr\/#organization"},"potentialAction":[{"@type":"SearchAction","target":{"@type":"EntryPoint","urlTemplate":"https:\/\/duoveo.com\/fr\/?s={search_term_string}"},"query-input":{"@type":"PropertyValueSpecification","valueRequired":true,"valueName":"search_term_string"}}],"inLanguage":"fr-FR"},{"@type":"Organization","@id":"https:\/\/duoveo.com\/fr\/#organization","name":"duoveo","url":"https:\/\/duoveo.com\/fr\/","logo":{"@type":"ImageObject","inLanguage":"fr-FR","@id":"https:\/\/duoveo.com\/fr\/#\/schema\/logo\/image\/","url":"https:\/\/duoveo.com\/wp-content\/uploads\/2022\/03\/DuoVeo_logo-black_256.png","contentUrl":"https:\/\/duoveo.com\/wp-content\/uploads\/2022\/03\/DuoVeo_logo-black_256.png","width":256,"height":256,"caption":"duoveo"},"image":{"@id":"https:\/\/duoveo.com\/fr\/#\/schema\/logo\/image\/"},"sameAs":["https:\/\/facebook.com\/duoveo","https:\/\/www.instagram.com\/duo.veo\/"]},{"@type":"Person","@id":"https:\/\/duoveo.com\/fr\/#\/schema\/person\/8cbd14e593f990cca1ec61fbc6677f4a","name":"Olivier Lantier"}]}},"_links":{"self":[{"href":"https:\/\/duoveo.com\/fr\/wp-json\/wp\/v2\/posts\/21758","targetHints":{"allow":["GET"]}}],"collection":[{"href":"https:\/\/duoveo.com\/fr\/wp-json\/wp\/v2\/posts"}],"about":[{"href":"https:\/\/duoveo.com\/fr\/wp-json\/wp\/v2\/types\/post"}],"author":[{"embeddable":true,"href":"https:\/\/duoveo.com\/fr\/wp-json\/wp\/v2\/users\/19"}],"replies":[{"embeddable":true,"href":"https:\/\/duoveo.com\/fr\/wp-json\/wp\/v2\/comments?post=21758"}],"version-history":[{"count":1,"href":"https:\/\/duoveo.com\/fr\/wp-json\/wp\/v2\/posts\/21758\/revisions"}],"predecessor-version":[{"id":21761,"href":"https:\/\/duoveo.com\/fr\/wp-json\/wp\/v2\/posts\/21758\/revisions\/21761"}],"wp:featuredmedia":[{"embeddable":true,"href":"https:\/\/duoveo.com\/fr\/wp-json\/wp\/v2\/media\/21759"}],"wp:attachment":[{"href":"https:\/\/duoveo.com\/fr\/wp-json\/wp\/v2\/media?parent=21758"}],"wp:term":[{"taxonomy":"category","embeddable":true,"href":"https:\/\/duoveo.com\/fr\/wp-json\/wp\/v2\/categories?post=21758"},{"taxonomy":"post_tag","embeddable":true,"href":"https:\/\/duoveo.com\/fr\/wp-json\/wp\/v2\/tags?post=21758"}],"curies":[{"name":"wp","href":"https:\/\/api.w.org\/{rel}","templated":true}]}}