{"id":21783,"date":"2025-08-21T16:40:28","date_gmt":"2025-08-21T16:40:28","guid":{"rendered":"https:\/\/duoveo.com\/?p=21783"},"modified":"2025-09-12T23:11:30","modified_gmt":"2025-09-12T23:11:30","slug":"limportance-de-la-deconnexion-numerique-pour-un-vrai-equilibre-travail-vie-personnelle","status":"publish","type":"post","link":"https:\/\/duoveo.com\/fr\/bien-etre-relationnel\/relations-professionnelles\/limportance-de-la-deconnexion-numerique-pour-un-vrai-equilibre-travail-vie-personnelle\/","title":{"rendered":"L\u2019importance de la d\u00e9connexion num\u00e9rique pour un vrai \u00e9quilibre travail &#8211; vie personnelle"},"content":{"rendered":"\n<h1 class=\"wp-block-heading\" id=\"h-\"><\/h1>\n\n\n\n<hr class=\"wp-block-separator has-alpha-channel-opacity\"\/>\n\n\n\n<p>La <em>d\u00e9connexion num\u00e9rique<\/em> est aujourd\u2019hui un luxe que beaucoup n\u2019osent plus s\u2019offrir. Et pourtant, dans un monde o\u00f9 les notifications vibrent plus fort que notre intuition, o\u00f9 le t\u00e9l\u00e9travail brouille les fronti\u00e8res entre le pro et le perso, couper le cordon digital devient une urgence\u2026 joyeusement salutaire ! S\u2019\u00e9loigner (un peu) de ses \u00e9crans, ce n\u2019est pas fuir la r\u00e9alit\u00e9, c\u2019est revenir \u00e0 soi, aux autres, \u00e0 l\u2019essentiel. Vous doutez encore ? Suivez le guide.<\/p>\n\n\n\n<hr class=\"wp-block-separator has-alpha-channel-opacity\"\/>\n\n\n\n<h2 class=\"wp-block-heading\" id=\"h-1-le-grand-flou-entre-vie-pro-et-vie-perso\">1. Le grand flou entre vie pro et vie perso<\/h2>\n\n\n\n<p>Avant l\u2019\u00e8re du smartphone, on quittait le bureau \u00e0 18h, on fermait la porte et basta. Aujourd\u2019hui ? Votre bo\u00eete mail vous suit jusque sous la couette. Un coll\u00e8gue vous \u00ab slackerise \u00bb \u00e0 21h ? Normal. Votre patron commente votre pr\u00e9sentation pendant votre d\u00eener du dimanche ? Classique. Cette fusion des sph\u00e8res pro et perso alimente une fatigue insidieuse : celle de ne <em>jamais<\/em> vraiment d\u00e9crocher.<\/p>\n\n\n\n<p>Et cette perm\u00e9abilit\u00e9 a un co\u00fbt. Selon une \u00e9tude men\u00e9e par la Fondation Jean Jaur\u00e8s, 62 % des actifs d\u00e9clarent avoir du mal \u00e0 \u00ab poser les limites \u00bb entre travail et vie priv\u00e9e. Le droit \u00e0 la d\u00e9connexion, inscrit dans le Code du travail en France depuis 2017, semble bien th\u00e9orique quand les outils num\u00e9riques prolongent l\u2019ombre du bureau dans le salon.<\/p>\n\n\n\n<hr class=\"wp-block-separator has-alpha-channel-opacity\"\/>\n\n\n\n<h2 class=\"wp-block-heading\" id=\"h-2-le-cerveau-en-surcharge-attention-ca-fume\">2. Le cerveau en surcharge : attention, \u00e7a fume !<\/h2>\n\n\n\n<p>Notre cerveau adore les pauses. C\u2019est dans ces moments de vide apparent que naissent les id\u00e9es brillantes, que se tisse la cr\u00e9ativit\u00e9, que la m\u00e9moire consolide ses acquis. Or, en consultant nos mails ou WhatsApp toutes les trois minutes, nous emp\u00eachons ces respirations mentales.<\/p>\n\n\n\n<p>Le <em>switch cost<\/em>, ce co\u00fbt cognitif du passage incessant d\u2019une t\u00e2che \u00e0 une autre, r\u00e9duit notre efficacit\u00e9 tout en augmentant notre fatigue. Ajoutez \u00e0 cela la lumi\u00e8re bleue, les notifications sonores, les stimuli permanents\u2026 et vous obtenez un cocktail anxiog\u00e8ne qui \u00e9puise, irrite et isole.<\/p>\n\n\n\n<p>D\u00e9connecter, c\u2019est donc aussi reconnecter\u2026 \u00e0 ses propres ressources internes.<\/p>\n\n\n\n<hr class=\"wp-block-separator has-alpha-channel-opacity\"\/>\n\n\n\n<h2 class=\"wp-block-heading\" id=\"h-3-deconnexion-numerique-un-acte-militant-et-joyeux\">3. D\u00e9connexion num\u00e9rique : un acte militant et joyeux<\/h2>\n\n\n\n<p>D\u00e9crocher de ses \u00e9crans n\u2019est pas seulement un geste sant\u00e9 : c\u2019est une posture de r\u00e9sistance joyeuse face \u00e0 l\u2019invasion de l\u2019imm\u00e9diatet\u00e9. Refuser de r\u00e9pondre \u00e0 un mail \u00e0 23h, c\u2019est dire : <em>ma vie ne se limite pas \u00e0 ma productivit\u00e9<\/em>. \u00c9teindre son t\u00e9l\u00e9phone pendant le d\u00eener, c\u2019est dire : <em>tu es important pour moi<\/em>. Choisir de ne rien faire pendant 10 minutes, c\u2019est dire : <em>je me respecte<\/em>.<\/p>\n\n\n\n<p>Ce n\u2019est pas un rejet de la technologie \u2013 au contraire, c\u2019est une mani\u00e8re plus saine, plus consciente de l\u2019habiter.<\/p>\n\n\n\n<hr class=\"wp-block-separator has-alpha-channel-opacity\"\/>\n\n\n\n<h2 class=\"wp-block-heading\" id=\"h-4-mais-alors-on-fait-comment-concretement\">4. Mais alors\u2026 on fait comment, concr\u00e8tement ?<\/h2>\n\n\n\n<p>Voici quelques rituels malins et faciles \u00e0 mettre en place, \u00e0 picorer selon votre rythme :<\/p>\n\n\n\n<ul class=\"wp-block-list\">\n<li><strong>Le couvre-feu digital<\/strong> : \u00c9teignez tous vos \u00e9crans au moins une heure avant de dormir. Votre sommeil vous dira merci.<\/li>\n\n\n\n<li><strong>La zone blanche \u00e0 la maison<\/strong> : Un espace sans Wi-Fi, ni t\u00e9l\u00e9phone. Une oasis de calme, id\u00e9ale pour lire, m\u00e9diter ou r\u00eavasser.<\/li>\n\n\n\n<li><strong>La journ\u00e9e off par semaine<\/strong> : Un dimanche sans r\u00e9seaux sociaux ? Essayez, vous verrez comme la vie ralentit (et c\u2019est d\u00e9licieux).<\/li>\n\n\n\n<li><strong>La r\u00e8gle du 20\/20\/20<\/strong> : Toutes les 20 minutes, regardez ailleurs pendant 20 secondes, \u00e0 20 m\u00e8tres. Vos yeux (et votre cerveau) adorent cette pause.<\/li>\n\n\n\n<li><strong>Le mail \u00e9co-responsable<\/strong> : Pas de mail apr\u00e8s 19h ? Proposez-le \u00e0 votre \u00e9quipe. C\u2019est bon pour la sant\u00e9 mentale\u2026 et pour la coh\u00e9sion.<\/li>\n<\/ul>\n\n\n\n<hr class=\"wp-block-separator has-alpha-channel-opacity\"\/>\n\n\n\n<h2 class=\"wp-block-heading\" id=\"h-5-des-entreprises-qui-osent-la-deconnexion\">5. Des entreprises qui osent la d\u00e9connexion<\/h2>\n\n\n\n<p>Certaines entreprises prennent le taureau num\u00e9rique par les cornes. Volkswagen a limit\u00e9 l\u2019envoi de mails professionnels en dehors des heures de bureau. Michelin a instaur\u00e9 un \u00ab digital detox day \u00bb. Quant \u00e0 la MAIF, elle promeut activement le droit \u00e0 la d\u00e9connexion au sein de ses \u00e9quipes.<\/p>\n\n\n\n<p>Ces initiatives montrent que la d\u00e9connexion n\u2019est pas une menace pour la performance. C\u2019est m\u00eame un levier pour l&rsquo;engagement, la fid\u00e9lit\u00e9 et la cr\u00e9ativit\u00e9 des collaborateurs. Le message envoy\u00e9 est fort : <em>on vous fait confiance pour \u00eatre performants\u2026 mais aussi pour vous pr\u00e9server<\/em>.<\/p>\n\n\n\n<hr class=\"wp-block-separator has-alpha-channel-opacity\"\/>\n\n\n\n<h2 class=\"wp-block-heading\" id=\"h-6-et-le-teletravail-dans-tout-ca\">6. Et le t\u00e9l\u00e9travail, dans tout \u00e7a ?<\/h2>\n\n\n\n<p>C\u2019est un peu le c\u0153ur du probl\u00e8me. Le t\u00e9l\u00e9travail, s\u2019il offre une flexibilit\u00e9 pr\u00e9cieuse, peut vite devenir une cage dor\u00e9e o\u00f9 le travail s\u2019insinue partout : sur le canap\u00e9, dans la cuisine, et m\u00eame en pyjama sous la couette.<\/p>\n\n\n\n<p>La cl\u00e9 ? Ritualiser les moments de travail <em>et<\/em> de non-travail. Se fixer des horaires, am\u00e9nager un espace d\u00e9di\u00e9, fermer l\u2019ordinateur le soir\u2026 et pourquoi pas marcher 10 minutes \u00ab pour rentrer chez soi \u00bb en fin de journ\u00e9e. On simule la fronti\u00e8re pour mieux la faire exister.<\/p>\n\n\n\n<hr class=\"wp-block-separator has-alpha-channel-opacity\"\/>\n\n\n\n<h2 class=\"wp-block-heading\" id=\"h-7-la-deconnexion-une-reconnexion-a-l-essentiel\">7. La d\u00e9connexion, une reconnexion \u00e0 l\u2019essentiel<\/h2>\n\n\n\n<p>Moins de mails, plus de liens. Moins d\u2019\u00e9crans, plus de regards. Et moins de scrolls, plus de silences partag\u00e9s. La d\u00e9connexion num\u00e9rique, loin d\u2019\u00eatre un renoncement, est une reconnexion : \u00e0 son corps, \u00e0 son souffle, \u00e0 ses proches, \u00e0 la lenteur. Bref, \u00e0 la vraie vie.<\/p>\n\n\n\n<p>Car ce que nous cherchons dans nos vies pro et perso, c\u2019est souvent la m\u00eame chose : du sens, de la reconnaissance, et du temps de qualit\u00e9. Et ce temps-l\u00e0 ne se trouve pas dans une notification. Il se vit, ici et maintenant.<\/p>\n\n\n\n<hr class=\"wp-block-separator has-alpha-channel-opacity\"\/>\n\n\n\n<h2 class=\"wp-block-heading\" id=\"h-conclusion-debrancher-pour-mieux-vibrer\">Conclusion : D\u00e9brancher pour mieux vibrer<\/h2>\n\n\n\n<p>La d\u00e9connexion num\u00e9rique n\u2019est pas une utopie de moines zen ou de survivalistes technophobes. C\u2019est une comp\u00e9tence essentielle pour naviguer dans notre \u00e8re ultra-connect\u00e9e sans y perdre notre boussole int\u00e9rieure. En r\u00e9instaurant des moments sans \u00e9crans, nous ouvrons des espaces fertiles : pour penser, cr\u00e9er, aimer et vivre pleinement.<\/p>\n\n\n\n<p>Alors ce soir, si vous laissiez votre t\u00e9l\u00e9phone dans une autre pi\u00e8ce, juste pour voir ? On parie que vous dormirez mieux\u2026 et que vous r\u00eaverez plus grand.<\/p>\n\n\n\n<hr class=\"wp-block-separator has-alpha-channel-opacity\"\/>\n\n\n\n<p><strong>Sources :<\/strong><\/p>\n\n\n\n<ol class=\"wp-block-list\">\n<li><a href=\"https:\/\/www.inrs.fr\/media.html?refINRS=ED%206433\">INRS \u2013 Risques li\u00e9s \u00e0 l\u2019hyperconnexion professionnelle<\/a><\/li>\n\n\n\n<li><a href=\"https:\/\/www.santepubliquefrance.fr\/dossiers\/h\/hyperconnexion-et-sante-mentale\">Sant\u00e9 Publique France \u2013 Hyperconnexion et sant\u00e9 mentale<\/a><\/li>\n\n\n\n<li><a href=\"https:\/\/jean-jaures.org\/publication\/le-droit-a-la-deconnexion\/\">Fondation Jean Jaur\u00e8s \u2013 Droit \u00e0 la d\u00e9connexion : un enjeu contemporain<\/a><\/li>\n\n\n\n<li><a href=\"https:\/\/nouvelles.umontreal.ca\/article\/2021\/03\/15\/deconnexion-numerique\/\">Universit\u00e9 de Montr\u00e9al \u2013 D\u00e9connexion num\u00e9rique et \u00e9quilibre de vie<\/a><\/li>\n\n\n\n<li><a href=\"https:\/\/fabriquespinoza.fr\/2022\/10\/01\/bien-etre-et-numerique\/\">La Fabrique Spinoza \u2013 Le bien-\u00eatre au travail \u00e0 l\u2019heure du num\u00e9rique<\/a><\/li>\n<\/ol>\n\n\n\n<p><\/p>\n","protected":false},"excerpt":{"rendered":"<p>La d\u00e9connexion num\u00e9rique est aujourd\u2019hui un luxe que beaucoup n\u2019osent plus s\u2019offrir. Et pourtant, dans un monde o\u00f9 les notifications vibrent plus fort que notre intuition, o\u00f9 le t\u00e9l\u00e9travail brouille les fronti\u00e8res entre le pro et le perso, couper le cordon digital devient une urgence\u2026 joyeusement salutaire ! S\u2019\u00e9loigner (un peu) de ses \u00e9crans, ce [&hellip;]<\/p>\n","protected":false},"author":19,"featured_media":21784,"comment_status":"closed","ping_status":"closed","sticky":false,"template":"","format":"standard","meta":{"_eb_attr":"","_monsterinsights_skip_tracking":false,"_monsterinsights_sitenote_active":false,"_monsterinsights_sitenote_note":"","_monsterinsights_sitenote_category":0,"footnotes":""},"categories":[519],"tags":[894],"class_list":["post-21783","post","type-post","status-publish","format-standard","has-post-thumbnail","hentry","category-relations-professionnelles","tag-894"],"yoast_head":"<!-- This site is optimized with the Yoast SEO Premium plugin v22.7 (Yoast SEO v27.5) - https:\/\/yoast.com\/product\/yoast-seo-premium-wordpress\/ -->\n<title>L\u2019importance de la d\u00e9connexion num\u00e9rique pour un vrai \u00e9quilibre travail - vie personnelle - duoveo<\/title>\n<meta name=\"description\" content=\"Red\u00e9couvrez l\u2019art de la d\u00e9connexion num\u00e9rique pour un vrai \u00e9quilibre travail-vie personnelle : moins d\u2019\u00e9crans, plus de vie !\" \/>\n<meta name=\"robots\" content=\"index, follow, max-snippet:-1, max-image-preview:large, max-video-preview:-1\" \/>\n<link rel=\"canonical\" href=\"https:\/\/duoveo.com\/fr\/bien-etre-relationnel\/relations-professionnelles\/limportance-de-la-deconnexion-numerique-pour-un-vrai-equilibre-travail-vie-personnelle\/\" \/>\n<meta property=\"og:locale\" content=\"fr_FR\" \/>\n<meta property=\"og:type\" content=\"article\" \/>\n<meta property=\"og:title\" content=\"L\u2019importance de la d\u00e9connexion num\u00e9rique pour un vrai \u00e9quilibre travail - vie personnelle - duoveo\" \/>\n<meta property=\"og:description\" content=\"Red\u00e9couvrez l\u2019art de la d\u00e9connexion num\u00e9rique pour un vrai \u00e9quilibre travail-vie personnelle : moins d\u2019\u00e9crans, plus de vie !\" \/>\n<meta property=\"og:url\" content=\"https:\/\/duoveo.com\/fr\/bien-etre-relationnel\/relations-professionnelles\/limportance-de-la-deconnexion-numerique-pour-un-vrai-equilibre-travail-vie-personnelle\/\" \/>\n<meta property=\"og:site_name\" content=\"duoveo\" \/>\n<meta property=\"article:publisher\" content=\"https:\/\/facebook.com\/duoveo\" \/>\n<meta property=\"article:published_time\" content=\"2025-08-21T16:40:28+00:00\" \/>\n<meta property=\"article:modified_time\" content=\"2025-09-12T23:11:30+00:00\" \/>\n<meta property=\"og:image\" content=\"https:\/\/duoveo.com\/wp-content\/uploads\/2025\/08\/3.4.4.3_Limportance-de-la-deconnexion-numerique-pour-un-vrai-equilibre-travail-vie-personnelle-16-9.jpg\" \/>\n\t<meta property=\"og:image:width\" content=\"1000\" \/>\n\t<meta property=\"og:image:height\" content=\"562\" \/>\n\t<meta property=\"og:image:type\" content=\"image\/jpeg\" \/>\n<meta name=\"author\" content=\"Olivier Lantier\" \/>\n<meta name=\"twitter:card\" content=\"summary_large_image\" \/>\n<meta name=\"twitter:label1\" content=\"\u00c9crit par\" \/>\n\t<meta name=\"twitter:data1\" content=\"Olivier Lantier\" \/>\n\t<meta name=\"twitter:label2\" content=\"Dur\u00e9e de lecture estim\u00e9e\" \/>\n\t<meta name=\"twitter:data2\" content=\"5 minutes\" \/>\n<script type=\"application\/ld+json\" class=\"yoast-schema-graph\">{\"@context\":\"https:\\\/\\\/schema.org\",\"@graph\":[{\"@type\":\"Article\",\"@id\":\"https:\\\/\\\/duoveo.com\\\/fr\\\/bien-etre-relationnel\\\/relations-professionnelles\\\/limportance-de-la-deconnexion-numerique-pour-un-vrai-equilibre-travail-vie-personnelle\\\/#article\",\"isPartOf\":{\"@id\":\"https:\\\/\\\/duoveo.com\\\/fr\\\/bien-etre-relationnel\\\/relations-professionnelles\\\/limportance-de-la-deconnexion-numerique-pour-un-vrai-equilibre-travail-vie-personnelle\\\/\"},\"author\":{\"name\":\"Olivier Lantier\",\"@id\":\"https:\\\/\\\/duoveo.com\\\/fr\\\/#\\\/schema\\\/person\\\/8cbd14e593f990cca1ec61fbc6677f4a\"},\"headline\":\"L\u2019importance de la d\u00e9connexion num\u00e9rique pour un vrai \u00e9quilibre travail &#8211; vie personnelle\",\"datePublished\":\"2025-08-21T16:40:28+00:00\",\"dateModified\":\"2025-09-12T23:11:30+00:00\",\"mainEntityOfPage\":{\"@id\":\"https:\\\/\\\/duoveo.com\\\/fr\\\/bien-etre-relationnel\\\/relations-professionnelles\\\/limportance-de-la-deconnexion-numerique-pour-un-vrai-equilibre-travail-vie-personnelle\\\/\"},\"wordCount\":1051,\"publisher\":{\"@id\":\"https:\\\/\\\/duoveo.com\\\/fr\\\/#organization\"},\"image\":{\"@id\":\"https:\\\/\\\/duoveo.com\\\/fr\\\/bien-etre-relationnel\\\/relations-professionnelles\\\/limportance-de-la-deconnexion-numerique-pour-un-vrai-equilibre-travail-vie-personnelle\\\/#primaryimage\"},\"thumbnailUrl\":\"https:\\\/\\\/duoveo.com\\\/wp-content\\\/uploads\\\/2025\\\/08\\\/3.4.4.3_Limportance-de-la-deconnexion-numerique-pour-un-vrai-equilibre-travail-vie-personnelle-16-9.jpg\",\"keywords\":[\"477\"],\"articleSection\":[\"relations professionnelles\"],\"inLanguage\":\"fr-FR\"},{\"@type\":\"WebPage\",\"@id\":\"https:\\\/\\\/duoveo.com\\\/fr\\\/bien-etre-relationnel\\\/relations-professionnelles\\\/limportance-de-la-deconnexion-numerique-pour-un-vrai-equilibre-travail-vie-personnelle\\\/\",\"url\":\"https:\\\/\\\/duoveo.com\\\/fr\\\/bien-etre-relationnel\\\/relations-professionnelles\\\/limportance-de-la-deconnexion-numerique-pour-un-vrai-equilibre-travail-vie-personnelle\\\/\",\"name\":\"L\u2019importance de la d\u00e9connexion num\u00e9rique pour un vrai \u00e9quilibre travail - vie personnelle - duoveo\",\"isPartOf\":{\"@id\":\"https:\\\/\\\/duoveo.com\\\/fr\\\/#website\"},\"primaryImageOfPage\":{\"@id\":\"https:\\\/\\\/duoveo.com\\\/fr\\\/bien-etre-relationnel\\\/relations-professionnelles\\\/limportance-de-la-deconnexion-numerique-pour-un-vrai-equilibre-travail-vie-personnelle\\\/#primaryimage\"},\"image\":{\"@id\":\"https:\\\/\\\/duoveo.com\\\/fr\\\/bien-etre-relationnel\\\/relations-professionnelles\\\/limportance-de-la-deconnexion-numerique-pour-un-vrai-equilibre-travail-vie-personnelle\\\/#primaryimage\"},\"thumbnailUrl\":\"https:\\\/\\\/duoveo.com\\\/wp-content\\\/uploads\\\/2025\\\/08\\\/3.4.4.3_Limportance-de-la-deconnexion-numerique-pour-un-vrai-equilibre-travail-vie-personnelle-16-9.jpg\",\"datePublished\":\"2025-08-21T16:40:28+00:00\",\"dateModified\":\"2025-09-12T23:11:30+00:00\",\"description\":\"Red\u00e9couvrez l\u2019art de la d\u00e9connexion num\u00e9rique pour un vrai \u00e9quilibre travail-vie personnelle : moins d\u2019\u00e9crans, plus de vie !\",\"inLanguage\":\"fr-FR\",\"potentialAction\":[{\"@type\":\"ReadAction\",\"target\":[\"https:\\\/\\\/duoveo.com\\\/fr\\\/bien-etre-relationnel\\\/relations-professionnelles\\\/limportance-de-la-deconnexion-numerique-pour-un-vrai-equilibre-travail-vie-personnelle\\\/\"]}]},{\"@type\":\"ImageObject\",\"inLanguage\":\"fr-FR\",\"@id\":\"https:\\\/\\\/duoveo.com\\\/fr\\\/bien-etre-relationnel\\\/relations-professionnelles\\\/limportance-de-la-deconnexion-numerique-pour-un-vrai-equilibre-travail-vie-personnelle\\\/#primaryimage\",\"url\":\"https:\\\/\\\/duoveo.com\\\/wp-content\\\/uploads\\\/2025\\\/08\\\/3.4.4.3_Limportance-de-la-deconnexion-numerique-pour-un-vrai-equilibre-travail-vie-personnelle-16-9.jpg\",\"contentUrl\":\"https:\\\/\\\/duoveo.com\\\/wp-content\\\/uploads\\\/2025\\\/08\\\/3.4.4.3_Limportance-de-la-deconnexion-numerique-pour-un-vrai-equilibre-travail-vie-personnelle-16-9.jpg\",\"width\":1000,\"height\":562,\"caption\":\"Digital detox for woman meditating near switched off mobile phone to restore psychological health. Importance of digital detox to avoid unnecessary stress caused by bad news and online bullying\"},{\"@type\":\"WebSite\",\"@id\":\"https:\\\/\\\/duoveo.com\\\/fr\\\/#website\",\"url\":\"https:\\\/\\\/duoveo.com\\\/fr\\\/\",\"name\":\"duoveo\",\"description\":\"Your story, beautifully told - Created with WordPress managed by IONOS\",\"publisher\":{\"@id\":\"https:\\\/\\\/duoveo.com\\\/fr\\\/#organization\"},\"potentialAction\":[{\"@type\":\"SearchAction\",\"target\":{\"@type\":\"EntryPoint\",\"urlTemplate\":\"https:\\\/\\\/duoveo.com\\\/fr\\\/?s={search_term_string}\"},\"query-input\":{\"@type\":\"PropertyValueSpecification\",\"valueRequired\":true,\"valueName\":\"search_term_string\"}}],\"inLanguage\":\"fr-FR\"},{\"@type\":\"Organization\",\"@id\":\"https:\\\/\\\/duoveo.com\\\/fr\\\/#organization\",\"name\":\"duoveo\",\"url\":\"https:\\\/\\\/duoveo.com\\\/fr\\\/\",\"logo\":{\"@type\":\"ImageObject\",\"inLanguage\":\"fr-FR\",\"@id\":\"https:\\\/\\\/duoveo.com\\\/fr\\\/#\\\/schema\\\/logo\\\/image\\\/\",\"url\":\"https:\\\/\\\/duoveo.com\\\/wp-content\\\/uploads\\\/2022\\\/03\\\/DuoVeo_logo-black_256.png\",\"contentUrl\":\"https:\\\/\\\/duoveo.com\\\/wp-content\\\/uploads\\\/2022\\\/03\\\/DuoVeo_logo-black_256.png\",\"width\":256,\"height\":256,\"caption\":\"duoveo\"},\"image\":{\"@id\":\"https:\\\/\\\/duoveo.com\\\/fr\\\/#\\\/schema\\\/logo\\\/image\\\/\"},\"sameAs\":[\"https:\\\/\\\/facebook.com\\\/duoveo\",\"https:\\\/\\\/www.instagram.com\\\/duo.veo\\\/\"]},{\"@type\":\"Person\",\"@id\":\"https:\\\/\\\/duoveo.com\\\/fr\\\/#\\\/schema\\\/person\\\/8cbd14e593f990cca1ec61fbc6677f4a\",\"name\":\"Olivier Lantier\"}]}<\/script>\n<!-- \/ Yoast SEO Premium plugin. -->","yoast_head_json":{"title":"L\u2019importance de la d\u00e9connexion num\u00e9rique pour un vrai \u00e9quilibre travail - vie personnelle - duoveo","description":"Red\u00e9couvrez l\u2019art de la d\u00e9connexion num\u00e9rique pour un vrai \u00e9quilibre travail-vie personnelle : moins d\u2019\u00e9crans, plus de vie !","robots":{"index":"index","follow":"follow","max-snippet":"max-snippet:-1","max-image-preview":"max-image-preview:large","max-video-preview":"max-video-preview:-1"},"canonical":"https:\/\/duoveo.com\/fr\/bien-etre-relationnel\/relations-professionnelles\/limportance-de-la-deconnexion-numerique-pour-un-vrai-equilibre-travail-vie-personnelle\/","og_locale":"fr_FR","og_type":"article","og_title":"L\u2019importance de la d\u00e9connexion num\u00e9rique pour un vrai \u00e9quilibre travail - vie personnelle - duoveo","og_description":"Red\u00e9couvrez l\u2019art de la d\u00e9connexion num\u00e9rique pour un vrai \u00e9quilibre travail-vie personnelle : moins d\u2019\u00e9crans, plus de vie !","og_url":"https:\/\/duoveo.com\/fr\/bien-etre-relationnel\/relations-professionnelles\/limportance-de-la-deconnexion-numerique-pour-un-vrai-equilibre-travail-vie-personnelle\/","og_site_name":"duoveo","article_publisher":"https:\/\/facebook.com\/duoveo","article_published_time":"2025-08-21T16:40:28+00:00","article_modified_time":"2025-09-12T23:11:30+00:00","og_image":[{"width":1000,"height":562,"url":"https:\/\/duoveo.com\/wp-content\/uploads\/2025\/08\/3.4.4.3_Limportance-de-la-deconnexion-numerique-pour-un-vrai-equilibre-travail-vie-personnelle-16-9.jpg","type":"image\/jpeg"}],"author":"Olivier Lantier","twitter_card":"summary_large_image","twitter_misc":{"\u00c9crit par":"Olivier Lantier","Dur\u00e9e de lecture estim\u00e9e":"5 minutes"},"schema":{"@context":"https:\/\/schema.org","@graph":[{"@type":"Article","@id":"https:\/\/duoveo.com\/fr\/bien-etre-relationnel\/relations-professionnelles\/limportance-de-la-deconnexion-numerique-pour-un-vrai-equilibre-travail-vie-personnelle\/#article","isPartOf":{"@id":"https:\/\/duoveo.com\/fr\/bien-etre-relationnel\/relations-professionnelles\/limportance-de-la-deconnexion-numerique-pour-un-vrai-equilibre-travail-vie-personnelle\/"},"author":{"name":"Olivier Lantier","@id":"https:\/\/duoveo.com\/fr\/#\/schema\/person\/8cbd14e593f990cca1ec61fbc6677f4a"},"headline":"L\u2019importance de la d\u00e9connexion num\u00e9rique pour un vrai \u00e9quilibre travail &#8211; vie personnelle","datePublished":"2025-08-21T16:40:28+00:00","dateModified":"2025-09-12T23:11:30+00:00","mainEntityOfPage":{"@id":"https:\/\/duoveo.com\/fr\/bien-etre-relationnel\/relations-professionnelles\/limportance-de-la-deconnexion-numerique-pour-un-vrai-equilibre-travail-vie-personnelle\/"},"wordCount":1051,"publisher":{"@id":"https:\/\/duoveo.com\/fr\/#organization"},"image":{"@id":"https:\/\/duoveo.com\/fr\/bien-etre-relationnel\/relations-professionnelles\/limportance-de-la-deconnexion-numerique-pour-un-vrai-equilibre-travail-vie-personnelle\/#primaryimage"},"thumbnailUrl":"https:\/\/duoveo.com\/wp-content\/uploads\/2025\/08\/3.4.4.3_Limportance-de-la-deconnexion-numerique-pour-un-vrai-equilibre-travail-vie-personnelle-16-9.jpg","keywords":["477"],"articleSection":["relations professionnelles"],"inLanguage":"fr-FR"},{"@type":"WebPage","@id":"https:\/\/duoveo.com\/fr\/bien-etre-relationnel\/relations-professionnelles\/limportance-de-la-deconnexion-numerique-pour-un-vrai-equilibre-travail-vie-personnelle\/","url":"https:\/\/duoveo.com\/fr\/bien-etre-relationnel\/relations-professionnelles\/limportance-de-la-deconnexion-numerique-pour-un-vrai-equilibre-travail-vie-personnelle\/","name":"L\u2019importance de la d\u00e9connexion num\u00e9rique pour un vrai \u00e9quilibre travail - vie personnelle - duoveo","isPartOf":{"@id":"https:\/\/duoveo.com\/fr\/#website"},"primaryImageOfPage":{"@id":"https:\/\/duoveo.com\/fr\/bien-etre-relationnel\/relations-professionnelles\/limportance-de-la-deconnexion-numerique-pour-un-vrai-equilibre-travail-vie-personnelle\/#primaryimage"},"image":{"@id":"https:\/\/duoveo.com\/fr\/bien-etre-relationnel\/relations-professionnelles\/limportance-de-la-deconnexion-numerique-pour-un-vrai-equilibre-travail-vie-personnelle\/#primaryimage"},"thumbnailUrl":"https:\/\/duoveo.com\/wp-content\/uploads\/2025\/08\/3.4.4.3_Limportance-de-la-deconnexion-numerique-pour-un-vrai-equilibre-travail-vie-personnelle-16-9.jpg","datePublished":"2025-08-21T16:40:28+00:00","dateModified":"2025-09-12T23:11:30+00:00","description":"Red\u00e9couvrez l\u2019art de la d\u00e9connexion num\u00e9rique pour un vrai \u00e9quilibre travail-vie personnelle : moins d\u2019\u00e9crans, plus de vie !","inLanguage":"fr-FR","potentialAction":[{"@type":"ReadAction","target":["https:\/\/duoveo.com\/fr\/bien-etre-relationnel\/relations-professionnelles\/limportance-de-la-deconnexion-numerique-pour-un-vrai-equilibre-travail-vie-personnelle\/"]}]},{"@type":"ImageObject","inLanguage":"fr-FR","@id":"https:\/\/duoveo.com\/fr\/bien-etre-relationnel\/relations-professionnelles\/limportance-de-la-deconnexion-numerique-pour-un-vrai-equilibre-travail-vie-personnelle\/#primaryimage","url":"https:\/\/duoveo.com\/wp-content\/uploads\/2025\/08\/3.4.4.3_Limportance-de-la-deconnexion-numerique-pour-un-vrai-equilibre-travail-vie-personnelle-16-9.jpg","contentUrl":"https:\/\/duoveo.com\/wp-content\/uploads\/2025\/08\/3.4.4.3_Limportance-de-la-deconnexion-numerique-pour-un-vrai-equilibre-travail-vie-personnelle-16-9.jpg","width":1000,"height":562,"caption":"Digital detox for woman meditating near switched off mobile phone to restore psychological health. Importance of digital detox to avoid unnecessary stress caused by bad news and online bullying"},{"@type":"WebSite","@id":"https:\/\/duoveo.com\/fr\/#website","url":"https:\/\/duoveo.com\/fr\/","name":"duoveo","description":"Your story, beautifully told - Created with WordPress managed by IONOS","publisher":{"@id":"https:\/\/duoveo.com\/fr\/#organization"},"potentialAction":[{"@type":"SearchAction","target":{"@type":"EntryPoint","urlTemplate":"https:\/\/duoveo.com\/fr\/?s={search_term_string}"},"query-input":{"@type":"PropertyValueSpecification","valueRequired":true,"valueName":"search_term_string"}}],"inLanguage":"fr-FR"},{"@type":"Organization","@id":"https:\/\/duoveo.com\/fr\/#organization","name":"duoveo","url":"https:\/\/duoveo.com\/fr\/","logo":{"@type":"ImageObject","inLanguage":"fr-FR","@id":"https:\/\/duoveo.com\/fr\/#\/schema\/logo\/image\/","url":"https:\/\/duoveo.com\/wp-content\/uploads\/2022\/03\/DuoVeo_logo-black_256.png","contentUrl":"https:\/\/duoveo.com\/wp-content\/uploads\/2022\/03\/DuoVeo_logo-black_256.png","width":256,"height":256,"caption":"duoveo"},"image":{"@id":"https:\/\/duoveo.com\/fr\/#\/schema\/logo\/image\/"},"sameAs":["https:\/\/facebook.com\/duoveo","https:\/\/www.instagram.com\/duo.veo\/"]},{"@type":"Person","@id":"https:\/\/duoveo.com\/fr\/#\/schema\/person\/8cbd14e593f990cca1ec61fbc6677f4a","name":"Olivier Lantier"}]}},"_links":{"self":[{"href":"https:\/\/duoveo.com\/fr\/wp-json\/wp\/v2\/posts\/21783","targetHints":{"allow":["GET"]}}],"collection":[{"href":"https:\/\/duoveo.com\/fr\/wp-json\/wp\/v2\/posts"}],"about":[{"href":"https:\/\/duoveo.com\/fr\/wp-json\/wp\/v2\/types\/post"}],"author":[{"embeddable":true,"href":"https:\/\/duoveo.com\/fr\/wp-json\/wp\/v2\/users\/19"}],"replies":[{"embeddable":true,"href":"https:\/\/duoveo.com\/fr\/wp-json\/wp\/v2\/comments?post=21783"}],"version-history":[{"count":2,"href":"https:\/\/duoveo.com\/fr\/wp-json\/wp\/v2\/posts\/21783\/revisions"}],"predecessor-version":[{"id":22753,"href":"https:\/\/duoveo.com\/fr\/wp-json\/wp\/v2\/posts\/21783\/revisions\/22753"}],"wp:featuredmedia":[{"embeddable":true,"href":"https:\/\/duoveo.com\/fr\/wp-json\/wp\/v2\/media\/21784"}],"wp:attachment":[{"href":"https:\/\/duoveo.com\/fr\/wp-json\/wp\/v2\/media?parent=21783"}],"wp:term":[{"taxonomy":"category","embeddable":true,"href":"https:\/\/duoveo.com\/fr\/wp-json\/wp\/v2\/categories?post=21783"},{"taxonomy":"post_tag","embeddable":true,"href":"https:\/\/duoveo.com\/fr\/wp-json\/wp\/v2\/tags?post=21783"}],"curies":[{"name":"wp","href":"https:\/\/api.w.org\/{rel}","templated":true}]}}