{"id":21787,"date":"2025-08-21T16:42:53","date_gmt":"2025-08-21T16:42:53","guid":{"rendered":"https:\/\/duoveo.com\/?p=21787"},"modified":"2025-09-12T23:22:46","modified_gmt":"2025-09-12T23:22:46","slug":"programmes-de-bien-etre-au-travail","status":"publish","type":"post","link":"https:\/\/duoveo.com\/fr\/bien-etre-relationnel\/relations-professionnelles\/programmes-de-bien-etre-au-travail\/","title":{"rendered":"Programmes de bien-\u00eatre au travail"},"content":{"rendered":"\n<h1 class=\"wp-block-heading\" id=\"h-\"><\/h1>\n\n\n\n<h3 class=\"wp-block-heading\" id=\"h-un-levier-pour-reconcilier-performance-et-serenite\">Un levier pour r\u00e9concilier performance et s\u00e9r\u00e9nit\u00e9<\/h3>\n\n\n\n<hr class=\"wp-block-separator has-alpha-channel-opacity\"\/>\n\n\n\n<p><strong>Les programmes de bien-\u00eatre au travail<\/strong> sont bien plus qu\u2019une mode manag\u00e9riale : ce sont de v\u00e9ritables tremplins vers une meilleure qualit\u00e9 de vie professionnelle\u2026 et personnelle ! Entre salles de sieste, coachs en m\u00e9ditation et journ\u00e9es sans r\u00e9union, ces dispositifs aussi s\u00e9rieux qu\u2019espi\u00e8gles r\u00e9enchantent nos bureaux. Mais que se cache-t-il vraiment derri\u00e8re cette qu\u00eate de l\u2019\u00e9quilibre ?<\/p>\n\n\n\n<hr class=\"wp-block-separator has-alpha-channel-opacity\"\/>\n\n\n\n<h2 class=\"wp-block-heading\" id=\"h-le-bien-etre-au-travail-du-gadget-a-l-exigence\">Le bien-\u00eatre au travail : du gadget \u00e0 l\u2019exigence<\/h2>\n\n\n\n<p>Il fut un temps (pas si lointain) o\u00f9 \u00ab\u00a0bien-\u00eatre au travail\u00a0\u00bb rimait avec baby-foot et corbeille de fruits bio. Un clin d\u2019\u0153il sympathique, mais largement insuffisant face \u00e0 l\u2019intensit\u00e9 des rythmes professionnels contemporains. L\u2019hyperconnexion, la pression des r\u00e9sultats, l\u2019isolement dans le t\u00e9l\u00e9travail ou encore la porosit\u00e9 entre sph\u00e8res priv\u00e9e et professionnelle ont g\u00e9n\u00e9r\u00e9 un besoin criant de r\u00e9gulation.<\/p>\n\n\n\n<p>Les entreprises l\u2019ont bien compris : un salari\u00e9 \u00e9panoui est aussi un collaborateur plus engag\u00e9, plus cr\u00e9atif et moins souvent en arr\u00eat maladie. L\u2019absent\u00e9isme, le burn-out et les tensions internes co\u00fbtent cher \u2014 humainement et \u00e9conomiquement. D&rsquo;o\u00f9 l&rsquo;essor des <strong>programmes de bien-\u00eatre au travail<\/strong>, structur\u00e9s, int\u00e9gr\u00e9s et souvent co-construits avec les \u00e9quipes.<\/p>\n\n\n\n<hr class=\"wp-block-separator has-alpha-channel-opacity\"\/>\n\n\n\n<h2 class=\"wp-block-heading\" id=\"h-un-eventail-d-initiatives-qui-fait-du-bien-et-du-lien\">Un \u00e9ventail d&rsquo;initiatives qui fait du bien (et du lien)<\/h2>\n\n\n\n<p>Il n\u2019existe pas un mais <strong>des<\/strong> programmes de bien-\u00eatre, aussi vari\u00e9s que les cultures d\u2019entreprise :<\/p>\n\n\n\n<ul class=\"wp-block-list\">\n<li><strong>Ateliers de gestion du stress<\/strong> : sophrologie, m\u00e9ditation, respiration, yoga sur chaise\u2026 Le corps et l\u2019esprit sont convoqu\u00e9s pour sortir de l\u2019hypermental.<\/li>\n\n\n\n<li><strong>Soutien psychologique<\/strong> : via des plateformes anonymes, des psychologues d\u00e9di\u00e9s ou des cercles de parole, la sant\u00e9 mentale sort peu \u00e0 peu de l\u2019ombre.<\/li>\n\n\n\n<li><strong>Flexibilit\u00e9 des horaires<\/strong> : t\u00e9l\u00e9travail, horaires \u00e0 la carte ou semaine de quatre jours permettent de mieux concilier les multiples r\u00f4les des salari\u00e9s.<\/li>\n\n\n\n<li><strong>Coaching et d\u00e9veloppement personnel<\/strong> : valoriser les talents, accompagner les reconversions internes, encourager les envies d\u2019apprendre, voil\u00e0 de quoi muscler la motivation intrins\u00e8que.<\/li>\n\n\n\n<li><strong>Mouvement et sant\u00e9 physique<\/strong> : cours de sport sur place ou en visio, challenges collectifs, bilans de sant\u00e9 r\u00e9guliers, ergonomie des postes\u2026 tout est bon pour \u00e9viter la s\u00e9dentarit\u00e9 chronique.<\/li>\n\n\n\n<li><strong>Moments de reconnexion humaine<\/strong> : petits-d\u00e9jeuners d\u2019\u00e9quipe, d\u00e9jeuners tournants, programmes de mentorat, clubs affinitaires\u2026 Parce qu\u2019on travaille mieux avec des gens qu\u2019on conna\u00eet (et qu\u2019on appr\u00e9cie).<\/li>\n<\/ul>\n\n\n\n<hr class=\"wp-block-separator has-alpha-channel-opacity\"\/>\n\n\n\n<h2 class=\"wp-block-heading\" id=\"h-l-equilibre-travail-vie-personnelle-la-boussole-secrete\">L\u2019\u00e9quilibre travail-vie personnelle : la boussole secr\u00e8te<\/h2>\n\n\n\n<p>Dans ces programmes, <strong>l\u2019\u00e9quilibre entre vie professionnelle et vie personnelle<\/strong> n\u2019est pas une cons\u00e9quence heureuse : c\u2019est un <strong>objectif strat\u00e9gique<\/strong>. Fini le dogme du \u00ab\u00a0pr\u00e9sent\u00e9isme h\u00e9ro\u00efque\u00a0\u00bb, o\u00f9 partir \u00e0 19h \u00e9tait un gage d\u2019implication. Aujourd\u2019hui, les entreprises pionni\u00e8res encouragent les pauses, respectent les temps de d\u00e9connexion et offrent une v\u00e9ritable autonomie dans l\u2019organisation du travail.<\/p>\n\n\n\n<p>Certaines vont m\u00eame jusqu\u2019\u00e0 proposer des <strong>services \u00e0 la carte<\/strong> : conciergerie, garde d\u2019enfants, soutien scolaire, aide aux aidants familiaux\u2026 Un luxe ? Peut-\u00eatre. Mais surtout une marque de reconnaissance des r\u00e9alit\u00e9s humaines derri\u00e8re chaque fiche de poste.<\/p>\n\n\n\n<hr class=\"wp-block-separator has-alpha-channel-opacity\"\/>\n\n\n\n<h2 class=\"wp-block-heading\" id=\"h-mais-attention-le-bien-etre-ne-se-decrete-pas\">Mais attention : le bien-\u00eatre ne se d\u00e9cr\u00e8te pas<\/h2>\n\n\n\n<p>Derri\u00e8re l\u2019enthousiasme, quelques \u00e9cueils guettent. Un programme de bien-\u00eatre mal con\u00e7u peut se transformer en gadget culpabilisant (\u00ab\u00a0Tu stresses ? Va faire du yoga au lieu de r\u00e2ler !\u00a0\u00bb), ou en cosm\u00e9tique manag\u00e9riale (\u00ab\u00a0On vous offre un coach&#8230; mais vous gardez vos objectifs intenables\u00a0\u00bb).<\/p>\n\n\n\n<p>Pour que le bien-\u00eatre soit un levier sinc\u00e8re et durable, plusieurs conditions doivent \u00eatre r\u00e9unies :<\/p>\n\n\n\n<ul class=\"wp-block-list\">\n<li><strong>Une \u00e9coute r\u00e9elle<\/strong> des besoins des collaborateurs, via des enqu\u00eates, des \u00e9changes ou des barom\u00e8tres r\u00e9guliers.<\/li>\n\n\n\n<li><strong>Une coh\u00e9rence manag\u00e9riale<\/strong>, o\u00f9 les valeurs affich\u00e9es sont incarn\u00e9es par la hi\u00e9rarchie (non, on ne fait pas une r\u00e9union Teams \u00e0 20h juste apr\u00e8s une formation sur la charge mentale).<\/li>\n\n\n\n<li><strong>Une approche sur mesure<\/strong>, adapt\u00e9e aux sp\u00e9cificit\u00e9s de chaque m\u00e9tier, g\u00e9n\u00e9ration, site ou mode de travail.<\/li>\n\n\n\n<li><strong>Une implication collective<\/strong>, car le bien-\u00eatre se co-construit : il est affaire de culture partag\u00e9e, pas de prestations impos\u00e9es.<\/li>\n<\/ul>\n\n\n\n<hr class=\"wp-block-separator has-alpha-channel-opacity\"\/>\n\n\n\n<h2 class=\"wp-block-heading\" id=\"h-quand-le-bien-etre-devient-un-facteur-d-attractivite\">Quand le bien-\u00eatre devient un facteur d\u2019attractivit\u00e9<\/h2>\n\n\n\n<p>Les jeunes g\u00e9n\u00e9rations, en particulier, ne transigent plus : <strong>elles veulent du sens, de la libert\u00e9, et du respect pour leur \u00e9quilibre de vie<\/strong>. Un programme de bien-\u00eatre pertinent devient alors un argument de recrutement aussi d\u00e9cisif qu\u2019un bon salaire. Il fid\u00e9lise, suscite l\u2019envie de s\u2019investir, et participe m\u00eame \u00e0 construire une marque employeur rayonnante.<\/p>\n\n\n\n<p>Certaines entreprises innovent \u00e0 l\u2019extr\u00eame : chez <strong>Dropbox<\/strong>, on instaure des semaines \u00ab\u00a0Deep Work\u00a0\u00bb sans r\u00e9union. Chez <strong>D\u00e9cathlon<\/strong>, les collaborateurs co-cr\u00e9ent leur planning. Chez <strong>Blablacar<\/strong>, on parle librement d\u2019\u00e9motions en r\u00e9union. Et vous, quel sera votre prochain pas vers une culture plus vivante ?<\/p>\n\n\n\n<hr class=\"wp-block-separator has-alpha-channel-opacity\"\/>\n\n\n\n<h2 class=\"wp-block-heading\" id=\"h-bien-etre-au-travail-un-enjeu-collectif-joyeusement-serieux\">Bien-\u00eatre au travail : un enjeu collectif, joyeusement s\u00e9rieux<\/h2>\n\n\n\n<p>Au fond, ces programmes ne visent pas seulement \u00e0 apaiser les tensions ou \u00e0 optimiser les performances. <strong>Ils nous invitent \u00e0 repenser notre rapport au travail<\/strong>, \u00e0 sortir du pilotage automatique, et \u00e0 renouer avec la joie d\u2019agir ensemble. Une entreprise qui prend soin de ses \u00e9quipes, c\u2019est une entreprise qui ose mettre l\u2019humain au centre de sa strat\u00e9gie. Et si le bonheur ne se d\u00e9cr\u00e8te pas, il peut bel et bien se cultiver\u2026 m\u00eame entre deux r\u00e9unions.<\/p>\n\n\n\n<p>Alors, pr\u00eats \u00e0 r\u00e9veiller le bureau qui dort ? \u00c0 \u00e9couter les signaux faibles du corps et de l\u2019esprit ? \u00c0 mettre un grain de folie douce dans vos journ\u00e9es trop cadr\u00e9es ? Les <strong>programmes de bien-\u00eatre au travail<\/strong> sont peut-\u00eatre la meilleure excuse pour r\u00e9inventer, avec espi\u00e8glerie et s\u00e9rieux, un monde du travail plus respectueux, plus joyeux et plus durable.<\/p>\n\n\n\n<hr class=\"wp-block-separator has-alpha-channel-opacity\"\/>\n\n\n\n<p><\/p>\n\n\n\n<p><strong>Sources :<\/strong><\/p>\n\n\n\n<ol class=\"wp-block-list\">\n<li><em>Bien-\u00eatre au travail : une approche multidimensionnelle<\/em> &#8211; Cairn.info<br><a href=\"https:\/\/www.cairn.info\/revue-francaise-de-gestion-2014-6-page-83.htm\">https:\/\/www.cairn.info\/revue-francaise-de-gestion-2014-6-page-83.htm<\/a><\/li>\n\n\n\n<li><em>Sant\u00e9 mentale et travail : \u00e9tat des lieux<\/em> &#8211; Inserm<br><a href=\"https:\/\/www.inserm.fr\/dossier\/sante-mentale-travail\/\">https:\/\/www.inserm.fr\/dossier\/sante-mentale-travail\/<\/a><\/li>\n\n\n\n<li><em>Le bien-\u00eatre au travail, une responsabilit\u00e9 collective<\/em> &#8211; Anact<br><a href=\"https:\/\/www.anact.fr\/le-bien-etre-au-travail-une-responsabilite-collective\">https:\/\/www.anact.fr\/le-bien-etre-au-travail-une-responsabilite-collective<\/a><\/li>\n\n\n\n<li><em>Pr\u00e9venir les RPS par le bien-\u00eatre<\/em> &#8211; Sant\u00e9 Publique France<br><a href=\"https:\/\/www.santepubliquefrance.fr\/\">https:\/\/www.santepubliquefrance.fr<\/a><\/li>\n\n\n\n<li><em>Les programmes de qualit\u00e9 de vie au travail : entre performance et \u00e9thique<\/em> &#8211; HAL Archives<br><a href=\"https:\/\/hal.archives-ouvertes.fr\/hal-01631239\">https:\/\/hal.archives-ouvertes.fr\/hal-01631239<\/a><\/li>\n<\/ol>\n\n\n\n<p><\/p>\n","protected":false},"excerpt":{"rendered":"<p>Un levier pour r\u00e9concilier performance et s\u00e9r\u00e9nit\u00e9 Les programmes de bien-\u00eatre au travail sont bien plus qu\u2019une mode manag\u00e9riale : ce sont de v\u00e9ritables tremplins vers une meilleure qualit\u00e9 de vie professionnelle\u2026 et personnelle ! Entre salles de sieste, coachs en m\u00e9ditation et journ\u00e9es sans r\u00e9union, ces dispositifs aussi s\u00e9rieux qu\u2019espi\u00e8gles r\u00e9enchantent nos bureaux. Mais [&hellip;]<\/p>\n","protected":false},"author":19,"featured_media":21788,"comment_status":"closed","ping_status":"closed","sticky":false,"template":"","format":"standard","meta":{"_eb_attr":"","_monsterinsights_skip_tracking":false,"_monsterinsights_sitenote_active":false,"_monsterinsights_sitenote_note":"","_monsterinsights_sitenote_category":0,"footnotes":""},"categories":[519],"tags":[896],"class_list":["post-21787","post","type-post","status-publish","format-standard","has-post-thumbnail","hentry","category-relations-professionnelles","tag-896"],"yoast_head":"<!-- This site is optimized with the Yoast SEO Premium plugin v22.7 (Yoast SEO v27.5) - https:\/\/yoast.com\/product\/yoast-seo-premium-wordpress\/ -->\n<title>Programmes de bien-\u00eatre au travail - duoveo<\/title>\n<meta name=\"description\" content=\"D\u00e9couvrez comment les programmes de bien-\u00eatre au travail r\u00e9concilient performance et s\u00e9r\u00e9nit\u00e9, avec \u00e9nergie, humour et authenticit\u00e9 !\" \/>\n<meta name=\"robots\" content=\"index, follow, max-snippet:-1, max-image-preview:large, max-video-preview:-1\" \/>\n<link rel=\"canonical\" href=\"https:\/\/duoveo.com\/fr\/bien-etre-relationnel\/relations-professionnelles\/programmes-de-bien-etre-au-travail\/\" \/>\n<meta property=\"og:locale\" content=\"fr_FR\" \/>\n<meta property=\"og:type\" content=\"article\" \/>\n<meta property=\"og:title\" content=\"Programmes de bien-\u00eatre au travail - duoveo\" \/>\n<meta property=\"og:description\" content=\"D\u00e9couvrez comment les programmes de bien-\u00eatre au travail r\u00e9concilient performance et s\u00e9r\u00e9nit\u00e9, avec \u00e9nergie, humour et authenticit\u00e9 !\" \/>\n<meta property=\"og:url\" content=\"https:\/\/duoveo.com\/fr\/bien-etre-relationnel\/relations-professionnelles\/programmes-de-bien-etre-au-travail\/\" \/>\n<meta property=\"og:site_name\" content=\"duoveo\" \/>\n<meta property=\"article:publisher\" content=\"https:\/\/facebook.com\/duoveo\" \/>\n<meta property=\"article:published_time\" content=\"2025-08-21T16:42:53+00:00\" \/>\n<meta property=\"article:modified_time\" content=\"2025-09-12T23:22:46+00:00\" \/>\n<meta property=\"og:image\" content=\"https:\/\/duoveo.com\/wp-content\/uploads\/2025\/08\/3.4.4.4_Programmes-de-bien-etre-au-travail-16-9.jpg\" \/>\n\t<meta property=\"og:image:width\" content=\"1000\" \/>\n\t<meta property=\"og:image:height\" content=\"562\" \/>\n\t<meta property=\"og:image:type\" content=\"image\/jpeg\" \/>\n<meta name=\"author\" content=\"Olivier Lantier\" \/>\n<meta name=\"twitter:card\" content=\"summary_large_image\" \/>\n<meta name=\"twitter:label1\" content=\"\u00c9crit par\" \/>\n\t<meta name=\"twitter:data1\" content=\"Olivier Lantier\" \/>\n\t<meta name=\"twitter:label2\" content=\"Dur\u00e9e de lecture estim\u00e9e\" \/>\n\t<meta name=\"twitter:data2\" content=\"5 minutes\" \/>\n<script type=\"application\/ld+json\" class=\"yoast-schema-graph\">{\"@context\":\"https:\\\/\\\/schema.org\",\"@graph\":[{\"@type\":\"Article\",\"@id\":\"https:\\\/\\\/duoveo.com\\\/fr\\\/bien-etre-relationnel\\\/relations-professionnelles\\\/programmes-de-bien-etre-au-travail\\\/#article\",\"isPartOf\":{\"@id\":\"https:\\\/\\\/duoveo.com\\\/fr\\\/bien-etre-relationnel\\\/relations-professionnelles\\\/programmes-de-bien-etre-au-travail\\\/\"},\"author\":{\"name\":\"Olivier Lantier\",\"@id\":\"https:\\\/\\\/duoveo.com\\\/fr\\\/#\\\/schema\\\/person\\\/8cbd14e593f990cca1ec61fbc6677f4a\"},\"headline\":\"Programmes de bien-\u00eatre au travail\",\"datePublished\":\"2025-08-21T16:42:53+00:00\",\"dateModified\":\"2025-09-12T23:22:46+00:00\",\"mainEntityOfPage\":{\"@id\":\"https:\\\/\\\/duoveo.com\\\/fr\\\/bien-etre-relationnel\\\/relations-professionnelles\\\/programmes-de-bien-etre-au-travail\\\/\"},\"wordCount\":1074,\"publisher\":{\"@id\":\"https:\\\/\\\/duoveo.com\\\/fr\\\/#organization\"},\"image\":{\"@id\":\"https:\\\/\\\/duoveo.com\\\/fr\\\/bien-etre-relationnel\\\/relations-professionnelles\\\/programmes-de-bien-etre-au-travail\\\/#primaryimage\"},\"thumbnailUrl\":\"https:\\\/\\\/duoveo.com\\\/wp-content\\\/uploads\\\/2025\\\/08\\\/3.4.4.4_Programmes-de-bien-etre-au-travail-16-9.jpg\",\"keywords\":[\"478\"],\"articleSection\":[\"relations professionnelles\"],\"inLanguage\":\"fr-FR\"},{\"@type\":\"WebPage\",\"@id\":\"https:\\\/\\\/duoveo.com\\\/fr\\\/bien-etre-relationnel\\\/relations-professionnelles\\\/programmes-de-bien-etre-au-travail\\\/\",\"url\":\"https:\\\/\\\/duoveo.com\\\/fr\\\/bien-etre-relationnel\\\/relations-professionnelles\\\/programmes-de-bien-etre-au-travail\\\/\",\"name\":\"Programmes de bien-\u00eatre au travail - duoveo\",\"isPartOf\":{\"@id\":\"https:\\\/\\\/duoveo.com\\\/fr\\\/#website\"},\"primaryImageOfPage\":{\"@id\":\"https:\\\/\\\/duoveo.com\\\/fr\\\/bien-etre-relationnel\\\/relations-professionnelles\\\/programmes-de-bien-etre-au-travail\\\/#primaryimage\"},\"image\":{\"@id\":\"https:\\\/\\\/duoveo.com\\\/fr\\\/bien-etre-relationnel\\\/relations-professionnelles\\\/programmes-de-bien-etre-au-travail\\\/#primaryimage\"},\"thumbnailUrl\":\"https:\\\/\\\/duoveo.com\\\/wp-content\\\/uploads\\\/2025\\\/08\\\/3.4.4.4_Programmes-de-bien-etre-au-travail-16-9.jpg\",\"datePublished\":\"2025-08-21T16:42:53+00:00\",\"dateModified\":\"2025-09-12T23:22:46+00:00\",\"description\":\"D\u00e9couvrez comment les programmes de bien-\u00eatre au travail r\u00e9concilient performance et s\u00e9r\u00e9nit\u00e9, avec \u00e9nergie, humour et authenticit\u00e9 !\",\"inLanguage\":\"fr-FR\",\"potentialAction\":[{\"@type\":\"ReadAction\",\"target\":[\"https:\\\/\\\/duoveo.com\\\/fr\\\/bien-etre-relationnel\\\/relations-professionnelles\\\/programmes-de-bien-etre-au-travail\\\/\"]}]},{\"@type\":\"ImageObject\",\"inLanguage\":\"fr-FR\",\"@id\":\"https:\\\/\\\/duoveo.com\\\/fr\\\/bien-etre-relationnel\\\/relations-professionnelles\\\/programmes-de-bien-etre-au-travail\\\/#primaryimage\",\"url\":\"https:\\\/\\\/duoveo.com\\\/wp-content\\\/uploads\\\/2025\\\/08\\\/3.4.4.4_Programmes-de-bien-etre-au-travail-16-9.jpg\",\"contentUrl\":\"https:\\\/\\\/duoveo.com\\\/wp-content\\\/uploads\\\/2025\\\/08\\\/3.4.4.4_Programmes-de-bien-etre-au-travail-16-9.jpg\",\"width\":1000,\"height\":562,\"caption\":\"Employee Wellness program and Managing Employee Health ,\"},{\"@type\":\"WebSite\",\"@id\":\"https:\\\/\\\/duoveo.com\\\/fr\\\/#website\",\"url\":\"https:\\\/\\\/duoveo.com\\\/fr\\\/\",\"name\":\"duoveo\",\"description\":\"Your story, beautifully told - Created with WordPress managed by IONOS\",\"publisher\":{\"@id\":\"https:\\\/\\\/duoveo.com\\\/fr\\\/#organization\"},\"potentialAction\":[{\"@type\":\"SearchAction\",\"target\":{\"@type\":\"EntryPoint\",\"urlTemplate\":\"https:\\\/\\\/duoveo.com\\\/fr\\\/?s={search_term_string}\"},\"query-input\":{\"@type\":\"PropertyValueSpecification\",\"valueRequired\":true,\"valueName\":\"search_term_string\"}}],\"inLanguage\":\"fr-FR\"},{\"@type\":\"Organization\",\"@id\":\"https:\\\/\\\/duoveo.com\\\/fr\\\/#organization\",\"name\":\"duoveo\",\"url\":\"https:\\\/\\\/duoveo.com\\\/fr\\\/\",\"logo\":{\"@type\":\"ImageObject\",\"inLanguage\":\"fr-FR\",\"@id\":\"https:\\\/\\\/duoveo.com\\\/fr\\\/#\\\/schema\\\/logo\\\/image\\\/\",\"url\":\"https:\\\/\\\/duoveo.com\\\/wp-content\\\/uploads\\\/2022\\\/03\\\/DuoVeo_logo-black_256.png\",\"contentUrl\":\"https:\\\/\\\/duoveo.com\\\/wp-content\\\/uploads\\\/2022\\\/03\\\/DuoVeo_logo-black_256.png\",\"width\":256,\"height\":256,\"caption\":\"duoveo\"},\"image\":{\"@id\":\"https:\\\/\\\/duoveo.com\\\/fr\\\/#\\\/schema\\\/logo\\\/image\\\/\"},\"sameAs\":[\"https:\\\/\\\/facebook.com\\\/duoveo\",\"https:\\\/\\\/www.instagram.com\\\/duo.veo\\\/\"]},{\"@type\":\"Person\",\"@id\":\"https:\\\/\\\/duoveo.com\\\/fr\\\/#\\\/schema\\\/person\\\/8cbd14e593f990cca1ec61fbc6677f4a\",\"name\":\"Olivier Lantier\"}]}<\/script>\n<!-- \/ Yoast SEO Premium plugin. -->","yoast_head_json":{"title":"Programmes de bien-\u00eatre au travail - duoveo","description":"D\u00e9couvrez comment les programmes de bien-\u00eatre au travail r\u00e9concilient performance et s\u00e9r\u00e9nit\u00e9, avec \u00e9nergie, humour et authenticit\u00e9 !","robots":{"index":"index","follow":"follow","max-snippet":"max-snippet:-1","max-image-preview":"max-image-preview:large","max-video-preview":"max-video-preview:-1"},"canonical":"https:\/\/duoveo.com\/fr\/bien-etre-relationnel\/relations-professionnelles\/programmes-de-bien-etre-au-travail\/","og_locale":"fr_FR","og_type":"article","og_title":"Programmes de bien-\u00eatre au travail - duoveo","og_description":"D\u00e9couvrez comment les programmes de bien-\u00eatre au travail r\u00e9concilient performance et s\u00e9r\u00e9nit\u00e9, avec \u00e9nergie, humour et authenticit\u00e9 !","og_url":"https:\/\/duoveo.com\/fr\/bien-etre-relationnel\/relations-professionnelles\/programmes-de-bien-etre-au-travail\/","og_site_name":"duoveo","article_publisher":"https:\/\/facebook.com\/duoveo","article_published_time":"2025-08-21T16:42:53+00:00","article_modified_time":"2025-09-12T23:22:46+00:00","og_image":[{"width":1000,"height":562,"url":"https:\/\/duoveo.com\/wp-content\/uploads\/2025\/08\/3.4.4.4_Programmes-de-bien-etre-au-travail-16-9.jpg","type":"image\/jpeg"}],"author":"Olivier Lantier","twitter_card":"summary_large_image","twitter_misc":{"\u00c9crit par":"Olivier Lantier","Dur\u00e9e de lecture estim\u00e9e":"5 minutes"},"schema":{"@context":"https:\/\/schema.org","@graph":[{"@type":"Article","@id":"https:\/\/duoveo.com\/fr\/bien-etre-relationnel\/relations-professionnelles\/programmes-de-bien-etre-au-travail\/#article","isPartOf":{"@id":"https:\/\/duoveo.com\/fr\/bien-etre-relationnel\/relations-professionnelles\/programmes-de-bien-etre-au-travail\/"},"author":{"name":"Olivier Lantier","@id":"https:\/\/duoveo.com\/fr\/#\/schema\/person\/8cbd14e593f990cca1ec61fbc6677f4a"},"headline":"Programmes de bien-\u00eatre au travail","datePublished":"2025-08-21T16:42:53+00:00","dateModified":"2025-09-12T23:22:46+00:00","mainEntityOfPage":{"@id":"https:\/\/duoveo.com\/fr\/bien-etre-relationnel\/relations-professionnelles\/programmes-de-bien-etre-au-travail\/"},"wordCount":1074,"publisher":{"@id":"https:\/\/duoveo.com\/fr\/#organization"},"image":{"@id":"https:\/\/duoveo.com\/fr\/bien-etre-relationnel\/relations-professionnelles\/programmes-de-bien-etre-au-travail\/#primaryimage"},"thumbnailUrl":"https:\/\/duoveo.com\/wp-content\/uploads\/2025\/08\/3.4.4.4_Programmes-de-bien-etre-au-travail-16-9.jpg","keywords":["478"],"articleSection":["relations professionnelles"],"inLanguage":"fr-FR"},{"@type":"WebPage","@id":"https:\/\/duoveo.com\/fr\/bien-etre-relationnel\/relations-professionnelles\/programmes-de-bien-etre-au-travail\/","url":"https:\/\/duoveo.com\/fr\/bien-etre-relationnel\/relations-professionnelles\/programmes-de-bien-etre-au-travail\/","name":"Programmes de bien-\u00eatre au travail - duoveo","isPartOf":{"@id":"https:\/\/duoveo.com\/fr\/#website"},"primaryImageOfPage":{"@id":"https:\/\/duoveo.com\/fr\/bien-etre-relationnel\/relations-professionnelles\/programmes-de-bien-etre-au-travail\/#primaryimage"},"image":{"@id":"https:\/\/duoveo.com\/fr\/bien-etre-relationnel\/relations-professionnelles\/programmes-de-bien-etre-au-travail\/#primaryimage"},"thumbnailUrl":"https:\/\/duoveo.com\/wp-content\/uploads\/2025\/08\/3.4.4.4_Programmes-de-bien-etre-au-travail-16-9.jpg","datePublished":"2025-08-21T16:42:53+00:00","dateModified":"2025-09-12T23:22:46+00:00","description":"D\u00e9couvrez comment les programmes de bien-\u00eatre au travail r\u00e9concilient performance et s\u00e9r\u00e9nit\u00e9, avec \u00e9nergie, humour et authenticit\u00e9 !","inLanguage":"fr-FR","potentialAction":[{"@type":"ReadAction","target":["https:\/\/duoveo.com\/fr\/bien-etre-relationnel\/relations-professionnelles\/programmes-de-bien-etre-au-travail\/"]}]},{"@type":"ImageObject","inLanguage":"fr-FR","@id":"https:\/\/duoveo.com\/fr\/bien-etre-relationnel\/relations-professionnelles\/programmes-de-bien-etre-au-travail\/#primaryimage","url":"https:\/\/duoveo.com\/wp-content\/uploads\/2025\/08\/3.4.4.4_Programmes-de-bien-etre-au-travail-16-9.jpg","contentUrl":"https:\/\/duoveo.com\/wp-content\/uploads\/2025\/08\/3.4.4.4_Programmes-de-bien-etre-au-travail-16-9.jpg","width":1000,"height":562,"caption":"Employee Wellness program and Managing Employee Health ,"},{"@type":"WebSite","@id":"https:\/\/duoveo.com\/fr\/#website","url":"https:\/\/duoveo.com\/fr\/","name":"duoveo","description":"Your story, beautifully told - Created with WordPress managed by IONOS","publisher":{"@id":"https:\/\/duoveo.com\/fr\/#organization"},"potentialAction":[{"@type":"SearchAction","target":{"@type":"EntryPoint","urlTemplate":"https:\/\/duoveo.com\/fr\/?s={search_term_string}"},"query-input":{"@type":"PropertyValueSpecification","valueRequired":true,"valueName":"search_term_string"}}],"inLanguage":"fr-FR"},{"@type":"Organization","@id":"https:\/\/duoveo.com\/fr\/#organization","name":"duoveo","url":"https:\/\/duoveo.com\/fr\/","logo":{"@type":"ImageObject","inLanguage":"fr-FR","@id":"https:\/\/duoveo.com\/fr\/#\/schema\/logo\/image\/","url":"https:\/\/duoveo.com\/wp-content\/uploads\/2022\/03\/DuoVeo_logo-black_256.png","contentUrl":"https:\/\/duoveo.com\/wp-content\/uploads\/2022\/03\/DuoVeo_logo-black_256.png","width":256,"height":256,"caption":"duoveo"},"image":{"@id":"https:\/\/duoveo.com\/fr\/#\/schema\/logo\/image\/"},"sameAs":["https:\/\/facebook.com\/duoveo","https:\/\/www.instagram.com\/duo.veo\/"]},{"@type":"Person","@id":"https:\/\/duoveo.com\/fr\/#\/schema\/person\/8cbd14e593f990cca1ec61fbc6677f4a","name":"Olivier Lantier"}]}},"_links":{"self":[{"href":"https:\/\/duoveo.com\/fr\/wp-json\/wp\/v2\/posts\/21787","targetHints":{"allow":["GET"]}}],"collection":[{"href":"https:\/\/duoveo.com\/fr\/wp-json\/wp\/v2\/posts"}],"about":[{"href":"https:\/\/duoveo.com\/fr\/wp-json\/wp\/v2\/types\/post"}],"author":[{"embeddable":true,"href":"https:\/\/duoveo.com\/fr\/wp-json\/wp\/v2\/users\/19"}],"replies":[{"embeddable":true,"href":"https:\/\/duoveo.com\/fr\/wp-json\/wp\/v2\/comments?post=21787"}],"version-history":[{"count":1,"href":"https:\/\/duoveo.com\/fr\/wp-json\/wp\/v2\/posts\/21787\/revisions"}],"predecessor-version":[{"id":21790,"href":"https:\/\/duoveo.com\/fr\/wp-json\/wp\/v2\/posts\/21787\/revisions\/21790"}],"wp:featuredmedia":[{"embeddable":true,"href":"https:\/\/duoveo.com\/fr\/wp-json\/wp\/v2\/media\/21788"}],"wp:attachment":[{"href":"https:\/\/duoveo.com\/fr\/wp-json\/wp\/v2\/media?parent=21787"}],"wp:term":[{"taxonomy":"category","embeddable":true,"href":"https:\/\/duoveo.com\/fr\/wp-json\/wp\/v2\/categories?post=21787"},{"taxonomy":"post_tag","embeddable":true,"href":"https:\/\/duoveo.com\/fr\/wp-json\/wp\/v2\/tags?post=21787"}],"curies":[{"name":"wp","href":"https:\/\/api.w.org\/{rel}","templated":true}]}}