{"id":21791,"date":"2025-08-21T16:45:33","date_gmt":"2025-08-21T16:45:33","guid":{"rendered":"https:\/\/duoveo.com\/?p=21791"},"modified":"2025-09-12T23:36:03","modified_gmt":"2025-09-12T23:36:03","slug":"gestion-du-stress-professionnel","status":"publish","type":"post","link":"https:\/\/duoveo.com\/fr\/bien-etre-relationnel\/relations-professionnelles\/gestion-du-stress-professionnel\/","title":{"rendered":"Gestion du stress professionnel"},"content":{"rendered":"\n<h1 class=\"wp-block-heading\" id=\"h-\"><\/h1>\n\n\n\n<h3 class=\"wp-block-heading\" id=\"h-l-art-subtil-de-jongler-avec-les-flammes-sans-se-bruler\">L\u2019art subtil de jongler avec les flammes sans se br\u00fbler<\/h3>\n\n\n\n<hr class=\"wp-block-separator has-alpha-channel-opacity\"\/>\n\n\n\n<p>La <strong>gestion du stress professionnel<\/strong>, c\u2019est un peu comme apprendre \u00e0 jongler avec des torches enflamm\u00e9es sur un fil de funambule : un art d\u00e9licat, parfois spectaculaire, mais qui peut vite tourner au brasier si l\u2019on perd l\u2019\u00e9quilibre. D\u00e8s que le r\u00e9veil sonne, la machine s\u2019emballe : mails, r\u00e9unions, urgences, impr\u00e9vus\u2026 Et tout cela sans parler des attentes (r\u00e9alistes ou non) de la hi\u00e9rarchie, des coll\u00e8gues, voire de soi-m\u00eame. Alors, comment apprivoiser cette b\u00eate rugissante qu\u2019est le stress au travail, sans sacrifier notre sant\u00e9, notre cr\u00e9ativit\u00e9, ni notre vie personnelle ?<\/p>\n\n\n\n<p>Dans cet article, nous allons explorer avec un regard enthousiaste, parfois espi\u00e8gle mais toujours bienveillant, les cl\u00e9s pour transformer la pression professionnelle en alli\u00e9e plut\u00f4t qu\u2019en ennemie.<\/p>\n\n\n\n<hr class=\"wp-block-separator has-alpha-channel-opacity\"\/>\n\n\n\n<h2 class=\"wp-block-heading\" id=\"h-1-le-stress-professionnel-ami-ou-ennemi\">1. Le stress professionnel : ami ou ennemi ?<\/h2>\n\n\n\n<p>D\u2019abord, remettons les pendules \u00e0 l\u2019heure. Le stress n\u2019est pas forc\u00e9ment le grand m\u00e9chant loup de nos journ\u00e9es. En dose mod\u00e9r\u00e9e, il nous stimule, nous pousse \u00e0 nous d\u00e9passer, \u00e0 respecter des d\u00e9lais, \u00e0 sortir de notre zone de confort. C\u2019est ce que l\u2019on appelle le <strong>\u00ab\u00a0bon stress\u00a0\u00bb<\/strong> (ou eustress pour les intimes).<\/p>\n\n\n\n<p>Le probl\u00e8me, c\u2019est quand cette dose se transforme en torrent incontr\u00f4lable : fatigue chronique, irritabilit\u00e9, troubles du sommeil, migraines, baisse de motivation\u2026 Le <strong>\u00ab\u00a0mauvais stress\u00a0\u00bb<\/strong> s\u2019installe alors, ronge la confiance, la sant\u00e9 et notre capacit\u00e9 \u00e0 faire la part des choses. On ne parle plus de performance, mais de <strong>survie \u00e9motionnelle<\/strong>.<\/p>\n\n\n\n<hr class=\"wp-block-separator has-alpha-channel-opacity\"\/>\n\n\n\n<h2 class=\"wp-block-heading\" id=\"h-2-l-equilibre-travail-vie-perso-un-mythe\">2. L\u2019\u00e9quilibre travail-vie perso : un mythe ?<\/h2>\n\n\n\n<p>Spoiler alert : non, ce n\u2019est pas un mythe. Mais ce n\u2019est pas non plus une utopie qui tombe toute cuite du ciel. Trouver l\u2019\u00e9quilibre entre vie professionnelle et vie personnelle, c\u2019est comme entretenir un feu de camp : il faut y mettre des b\u00fbches (des bonnes pratiques) et souffler dessus r\u00e9guli\u00e8rement (des ajustements constants).<\/p>\n\n\n\n<p>Cela commence par <strong>reconna\u00eetre ses propres limites<\/strong>. Ce qui semble \u00ab\u00a0g\u00e9rable\u00a0\u00bb pour un coll\u00e8gue ne l\u2019est pas forc\u00e9ment pour vous. Et ce n\u2019est ni une faiblesse, ni une excuse. C\u2019est de l\u2019intelligence \u00e9motionnelle, tout simplement.<\/p>\n\n\n\n<hr class=\"wp-block-separator has-alpha-channel-opacity\"\/>\n\n\n\n<h2 class=\"wp-block-heading\" id=\"h-3-identifier-les-sources-de-stress-la-chasse-au-tresor-ou-au-poison\">3. Identifier les sources de stress : la chasse au tr\u00e9sor\u2026 ou au poison ?<\/h2>\n\n\n\n<p>Avant de vouloir g\u00e9rer le stress, encore faut-il <strong>savoir d\u2019o\u00f9 il vient<\/strong>. Est-ce la charge de travail ? L\u2019ambiance dans l\u2019\u00e9quipe ? Un manque de reconnaissance ? Des objectifs flous ? Un open-space trop bruyant ? Une hi\u00e9rarchie rigide ? Ou\u2026 une combinaison savamment toxique de tout \u00e7a ?<\/p>\n\n\n\n<p>\ud83d\udc49 Astuce espi\u00e8gle mais efficace : tenir un <strong>carnet de stress<\/strong> pendant une semaine. Notez les moments o\u00f9 vous vous sentez sous tension, ce qui les a d\u00e9clench\u00e9s, comment votre corps a r\u00e9agi, et ce que vous avez fait pour y r\u00e9pondre. Ce petit rituel aide \u00e0 <strong>d\u00e9jouer les pi\u00e8ges invisibles<\/strong> du quotidien.<\/p>\n\n\n\n<hr class=\"wp-block-separator has-alpha-channel-opacity\"\/>\n\n\n\n<h2 class=\"wp-block-heading\" id=\"h-4-bouger-pour-ne-pas-exploser-le-pouvoir-du-corps\">4. Bouger pour ne pas exploser : le pouvoir du corps<\/h2>\n\n\n\n<p>Le stress adore s\u2019installer l\u00e0 o\u00f9 il y a <strong>immobilit\u00e9<\/strong>. Dos nou\u00e9, m\u00e2choire serr\u00e9e, respiration courte\u2026 autant de signaux d\u2019alerte que notre corps nous envoie. Et si on le laissait s\u2019exprimer pour mieux l\u00e2cher prise ?<\/p>\n\n\n\n<p>\ud83d\udeb6\u200d\u2640\ufe0f Une marche rapide entre deux r\u00e9unions.<br>\ud83e\uddd8 Une session de respiration consciente ou de yoga le matin.<br>\ud83c\udfb6 Quelques pas de danse endiabl\u00e9s en cuisine le soir.<\/p>\n\n\n\n<p>Pas besoin de courir un marathon ! L\u2019id\u00e9e, c\u2019est d\u2019introduire un <strong>rythme de mouvement<\/strong> dans votre journ\u00e9e, m\u00eame par mini-s\u00e9quences. Cela favorise la production d\u2019endorphines (nos ch\u00e8res hormones du bien-\u00eatre) et d\u00e9samorce les tensions.<\/p>\n\n\n\n<hr class=\"wp-block-separator has-alpha-channel-opacity\"\/>\n\n\n\n<h2 class=\"wp-block-heading\" id=\"h-5-l-art-de-dire-non-sans-culpabiliser\">5. L\u2019art de dire non sans culpabiliser<\/h2>\n\n\n\n<p>Ah, le fameux <strong>\u00ab\u00a0non\u00a0\u00bb<\/strong> ! Celui qu\u2019on n\u2019ose pas dire de peur de d\u00e9plaire, de passer pour un.e paresseux.se, ou d\u2019\u00eatre mis.e de c\u00f4t\u00e9. Pourtant, poser des limites claires est <strong>l\u2019acte de self-care ultime<\/strong> en milieu professionnel.<\/p>\n\n\n\n<p>\ud83c\udf1f Un \u00ab\u00a0non\u00a0\u00bb pos\u00e9 avec calme et respect, c\u2019est un \u00ab\u00a0oui\u00a0\u00bb \u00e0 soi-m\u00eame.<br>\ud83c\udf1f C\u2019est refuser la surcharge pour mieux honorer ses missions.<br>\ud83c\udf1f C\u2019est montrer qu\u2019on se conna\u00eet assez pour \u00eatre efficace durablement.<\/p>\n\n\n\n<p>La cl\u00e9 ? <strong>Remplacer le refus brutal par une reformulation assertive<\/strong>, du type :<\/p>\n\n\n\n<p>\u00ab\u00a0Je comprends l\u2019importance de cette t\u00e2che, mais je suis d\u00e9j\u00e0 engag\u00e9.e sur d\u2019autres priorit\u00e9s. Puis-je m\u2019en charger \u00e0 partir de jeudi ?\u00a0\u00bb<br>Ou<br>\u00ab\u00a0Je ne peux pas r\u00e9pondre \u00e0 cette demande aujourd\u2019hui, mais je peux vous orienter vers un coll\u00e8gue disponible.\u00a0\u00bb<\/p>\n\n\n\n<hr class=\"wp-block-separator has-alpha-channel-opacity\"\/>\n\n\n\n<h2 class=\"wp-block-heading\" id=\"h-6-micro-pauses-maxi-effets\">6. Micro-pauses, maxi effets<\/h2>\n\n\n\n<p>Saviez-vous que notre cerveau fonctionne par cycles d\u2019environ 90 minutes de concentration maximale ? Le respecter, c\u2019est <strong>\u00e9viter la surchauffe<\/strong>. M\u00eame 5 minutes de pause toutes les 1h30 peuvent faire des merveilles.<\/p>\n\n\n\n<p>\ud83d\udc0c Quelques inspirations profondes.<br>\u2615 Une tisane en regardant par la fen\u00eatre (oui, m\u00eame si vous n\u2019avez pas de jardin japonais sous les yeux).<br>\ud83c\udf3f Un \u00e9tirement, un b\u00e2illement, un soupir\u2026 laissez votre corps respirer.<\/p>\n\n\n\n<p>Ces <strong>rituels miniatures<\/strong> sont autant de soupapes qui vous aident \u00e0 \u00e9viter l\u2019explosion finale.<\/p>\n\n\n\n<hr class=\"wp-block-separator has-alpha-channel-opacity\"\/>\n\n\n\n<h2 class=\"wp-block-heading\" id=\"h-7-le-role-des-relations-au-travail-carburant-ou-frein\">7. Le r\u00f4le des relations au travail : carburant ou frein ?<\/h2>\n\n\n\n<p>Un coll\u00e8gue qui \u00e9coute, un manager qui soutient, une \u00e9quipe qui se serre les coudes\u2026 voil\u00e0 des tr\u00e9sors inestimables pour amortir les secousses du stress. \u00c0 l\u2019inverse, un climat tendu, des non-dits ou une communication violente peuvent <strong>tripler la pression<\/strong>.<\/p>\n\n\n\n<p>Investir dans des <strong>relations professionnelles saines<\/strong>, c\u2019est investir dans votre bien-\u00eatre. Cela passe par :<\/p>\n\n\n\n<p>\ud83e\udd1d La reconnaissance mutuelle.<br>\ud83d\udcac Une communication ouverte et respectueuse.<br>\ud83d\udc42 L\u2019\u00e9coute empathique, m\u00eame entre deux urgences.<\/p>\n\n\n\n<p>Et si vous \u00eates manager, rappelez-vous : <strong>un bon leader est aussi un gardien du climat \u00e9motionnel de son \u00e9quipe<\/strong>.<\/p>\n\n\n\n<hr class=\"wp-block-separator has-alpha-channel-opacity\"\/>\n\n\n\n<h2 class=\"wp-block-heading\" id=\"h-8-debrancher-pour-se-retrouver\">8. D\u00e9brancher pour se retrouver<\/h2>\n\n\n\n<p>Dans un monde o\u00f9 le smartphone est devenu une extension de la main, <strong>oser la d\u00e9connexion<\/strong> est un acte r\u00e9volutionnaire. Oui, r\u00e9volutionnaire !<\/p>\n\n\n\n<p>\ud83d\udcf5 \u00c9teindre les notifications apr\u00e8s 19h.<br>\ud83c\udf19 Garder son t\u00e9l\u00e9phone hors de la chambre.<br>\ud83c\udfde Partir marcher sans montre ni GPS.<\/p>\n\n\n\n<p>La qualit\u00e9 de votre repos influence directement votre capacit\u00e9 \u00e0 g\u00e9rer le stress. Cultiver des <strong>temps morts<\/strong> (qui ne sont jamais perdus !) permet de <strong>retrouver sa boussole int\u00e9rieure<\/strong>. Car apr\u00e8s tout, ce n\u2019est pas quand on est submerg\u00e9 qu\u2019on prend les meilleures d\u00e9cisions.<\/p>\n\n\n\n<hr class=\"wp-block-separator has-alpha-channel-opacity\"\/>\n\n\n\n<h2 class=\"wp-block-heading\" id=\"h-9-et-si-on-en-parlait\">9. Et si on en parlait ?<\/h2>\n\n\n\n<p>Trop souvent, le stress est v\u00e9cu comme une affaire priv\u00e9e, un combat int\u00e9rieur que l\u2019on cache derri\u00e8re des sourires de fa\u00e7ade. Mais en parler, c\u2019est <strong>le sortir de l\u2019ombre<\/strong>, le d\u00e9mystifier.<\/p>\n\n\n\n<p>\ud83c\udfa4 Avec un.e coll\u00e8gue de confiance.<br>\ud83e\udde0 Avec un.e th\u00e9rapeute ou coach professionnel.<br>\ud83d\udde3 Au sein d\u2019un groupe de parole ou d\u2019un atelier en entreprise.<\/p>\n\n\n\n<p>Mettre des mots sur les maux, c\u2019est <strong>retrouver un pouvoir d\u2019action<\/strong>. Cela permet aussi de faire \u00e9merger des solutions collectives plut\u00f4t que de s\u2019enliser chacun dans son coin.<\/p>\n\n\n\n<hr class=\"wp-block-separator has-alpha-channel-opacity\"\/>\n\n\n\n<h2 class=\"wp-block-heading\" id=\"h-10-bonus-oser-l-humour\">10. Bonus : oser l\u2019humour<\/h2>\n\n\n\n<p>Dernier outil, et non des moindres : <strong>l\u2019humour<\/strong>. Non pas pour fuir le stress, mais pour l\u2019embrasser avec l\u00e9g\u00e8ret\u00e9. Rire d\u2019une situation absurde, partager une anecdote cocasse, faire un jeu de mots pour d\u00e9tendre l\u2019atmosph\u00e8re\u2026 c\u2019est autant d\u2019<strong>anti-d\u00e9presseurs naturels<\/strong> \u00e0 consommer sans mod\u00e9ration.<\/p>\n\n\n\n<p>Un bureau qui rit ensemble, c\u2019est un bureau qui respire mieux.<\/p>\n\n\n\n<hr class=\"wp-block-separator has-alpha-channel-opacity\"\/>\n\n\n\n<h2 class=\"wp-block-heading\" id=\"h-conclusion\">Conclusion<\/h2>\n\n\n\n<p>La gestion du stress professionnel n\u2019est pas un objectif \u00e0 cocher, mais <strong>une pratique vivante et \u00e9volutive<\/strong>, un art d\u2019\u00e9quilibriste que chacun peut affiner jour apr\u00e8s jour. En \u00e9coutant son corps, en posant ses limites, en cultivant des relations saines et en se reconnectant \u00e0 soi, on transforme le tumulte du quotidien en un terrain d\u2019expression, de cr\u00e9ativit\u00e9 et de s\u00e9r\u00e9nit\u00e9.<\/p>\n\n\n\n<p>Et si on arr\u00eatait de courir apr\u00e8s l\u2019\u00e9quilibre\u2026 pour commencer \u00e0 <strong>danser avec lui<\/strong> ?<\/p>\n\n\n\n<hr class=\"wp-block-separator has-alpha-channel-opacity\"\/>\n\n\n\n<p><strong>Sources :<\/strong><\/p>\n\n\n\n<ol class=\"wp-block-list\">\n<li><em>Sant\u00e9 Publique France \u2013 Stress au travail<\/em> : <a href=\"https:\/\/www.santepubliquefrance.fr\/les-actualites\/2021\/stress-au-travail\">https:\/\/www.santepubliquefrance.fr\/les-actualites\/2021\/stress-au-travail<\/a><\/li>\n\n\n\n<li><em>Ameli.fr \u2013 Risques psychosociaux : le stress au travail<\/em> : <a href=\"https:\/\/www.ameli.fr\/assure\/sante\/themes\/stress-travail\">https:\/\/www.ameli.fr\/assure\/sante\/themes\/stress-travail<\/a><\/li>\n\n\n\n<li><em>INRS \u2013 Le stress au travail : comprendre pour agir<\/em> : <a href=\"https:\/\/www.inrs.fr\/risques\/stress\/ce-qu-il-faut-retenir.html\">https:\/\/www.inrs.fr\/risques\/stress\/ce-qu-il-faut-retenir.html<\/a><\/li>\n\n\n\n<li><em>Anact \u2013 Agir contre le stress au travail<\/em> : <a href=\"https:\/\/www.anact.fr\/stress-au-travail\">https:\/\/www.anact.fr\/stress-au-travail<\/a><\/li>\n\n\n\n<li><em>Psycom \u2013 Stress et sant\u00e9 mentale<\/em> : <a href=\"https:\/\/www.psycom.org\/comprendre\/sante-mentale-travail\/stress-au-travail\/\">https:\/\/www.psycom.org\/comprendre\/sante-mentale-travail\/stress-au-travail\/<\/a><\/li>\n<\/ol>\n\n\n\n<p><\/p>\n","protected":false},"excerpt":{"rendered":"<p>L\u2019art subtil de jongler avec les flammes sans se br\u00fbler La gestion du stress professionnel, c\u2019est un peu comme apprendre \u00e0 jongler avec des torches enflamm\u00e9es sur un fil de funambule : un art d\u00e9licat, parfois spectaculaire, mais qui peut vite tourner au brasier si l\u2019on perd l\u2019\u00e9quilibre. D\u00e8s que le r\u00e9veil sonne, la machine [&hellip;]<\/p>\n","protected":false},"author":19,"featured_media":21792,"comment_status":"closed","ping_status":"closed","sticky":false,"template":"","format":"standard","meta":{"_eb_attr":"","_monsterinsights_skip_tracking":false,"_monsterinsights_sitenote_active":false,"_monsterinsights_sitenote_note":"","_monsterinsights_sitenote_category":0,"footnotes":""},"categories":[519],"tags":[898],"class_list":["post-21791","post","type-post","status-publish","format-standard","has-post-thumbnail","hentry","category-relations-professionnelles","tag-898"],"yoast_head":"<!-- This site is optimized with the Yoast SEO Premium plugin v22.7 (Yoast SEO v27.5) - https:\/\/yoast.com\/product\/yoast-seo-premium-wordpress\/ -->\n<title>Gestion du stress professionnel - duoveo<\/title>\n<meta name=\"description\" content=\"Apprenez \u00e0 transformer la gestion du stress professionnel en alli\u00e9e p\u00e9tillante d\u2019\u00e9quilibre, cr\u00e9ativit\u00e9 et s\u00e9r\u00e9nit\u00e9 au travail !\" \/>\n<meta name=\"robots\" content=\"index, follow, max-snippet:-1, max-image-preview:large, max-video-preview:-1\" \/>\n<link rel=\"canonical\" href=\"https:\/\/duoveo.com\/fr\/bien-etre-relationnel\/relations-professionnelles\/gestion-du-stress-professionnel\/\" \/>\n<meta property=\"og:locale\" content=\"fr_FR\" \/>\n<meta property=\"og:type\" content=\"article\" \/>\n<meta property=\"og:title\" content=\"Gestion du stress professionnel - duoveo\" \/>\n<meta property=\"og:description\" content=\"Apprenez \u00e0 transformer la gestion du stress professionnel en alli\u00e9e p\u00e9tillante d\u2019\u00e9quilibre, cr\u00e9ativit\u00e9 et s\u00e9r\u00e9nit\u00e9 au travail !\" \/>\n<meta property=\"og:url\" content=\"https:\/\/duoveo.com\/fr\/bien-etre-relationnel\/relations-professionnelles\/gestion-du-stress-professionnel\/\" \/>\n<meta property=\"og:site_name\" content=\"duoveo\" \/>\n<meta property=\"article:publisher\" content=\"https:\/\/facebook.com\/duoveo\" \/>\n<meta property=\"article:published_time\" content=\"2025-08-21T16:45:33+00:00\" \/>\n<meta property=\"article:modified_time\" content=\"2025-09-12T23:36:03+00:00\" \/>\n<meta property=\"og:image\" content=\"https:\/\/duoveo.com\/wp-content\/uploads\/2025\/08\/3.4.4.5_Gestion-du-stress-professionnel-16-9.jpg\" \/>\n\t<meta property=\"og:image:width\" content=\"1000\" \/>\n\t<meta property=\"og:image:height\" content=\"562\" \/>\n\t<meta property=\"og:image:type\" content=\"image\/jpeg\" \/>\n<meta name=\"author\" content=\"Olivier Lantier\" \/>\n<meta name=\"twitter:card\" content=\"summary_large_image\" \/>\n<meta name=\"twitter:label1\" content=\"\u00c9crit par\" \/>\n\t<meta name=\"twitter:data1\" content=\"Olivier Lantier\" \/>\n\t<meta name=\"twitter:label2\" content=\"Dur\u00e9e de lecture estim\u00e9e\" \/>\n\t<meta name=\"twitter:data2\" content=\"6 minutes\" \/>\n<script type=\"application\/ld+json\" class=\"yoast-schema-graph\">{\"@context\":\"https:\\\/\\\/schema.org\",\"@graph\":[{\"@type\":\"Article\",\"@id\":\"https:\\\/\\\/duoveo.com\\\/fr\\\/bien-etre-relationnel\\\/relations-professionnelles\\\/gestion-du-stress-professionnel\\\/#article\",\"isPartOf\":{\"@id\":\"https:\\\/\\\/duoveo.com\\\/fr\\\/bien-etre-relationnel\\\/relations-professionnelles\\\/gestion-du-stress-professionnel\\\/\"},\"author\":{\"name\":\"Olivier Lantier\",\"@id\":\"https:\\\/\\\/duoveo.com\\\/fr\\\/#\\\/schema\\\/person\\\/8cbd14e593f990cca1ec61fbc6677f4a\"},\"headline\":\"Gestion du stress professionnel\",\"datePublished\":\"2025-08-21T16:45:33+00:00\",\"dateModified\":\"2025-09-12T23:36:03+00:00\",\"mainEntityOfPage\":{\"@id\":\"https:\\\/\\\/duoveo.com\\\/fr\\\/bien-etre-relationnel\\\/relations-professionnelles\\\/gestion-du-stress-professionnel\\\/\"},\"wordCount\":1380,\"publisher\":{\"@id\":\"https:\\\/\\\/duoveo.com\\\/fr\\\/#organization\"},\"image\":{\"@id\":\"https:\\\/\\\/duoveo.com\\\/fr\\\/bien-etre-relationnel\\\/relations-professionnelles\\\/gestion-du-stress-professionnel\\\/#primaryimage\"},\"thumbnailUrl\":\"https:\\\/\\\/duoveo.com\\\/wp-content\\\/uploads\\\/2025\\\/08\\\/3.4.4.5_Gestion-du-stress-professionnel-16-9.jpg\",\"keywords\":[\"479\"],\"articleSection\":[\"relations professionnelles\"],\"inLanguage\":\"fr-FR\"},{\"@type\":\"WebPage\",\"@id\":\"https:\\\/\\\/duoveo.com\\\/fr\\\/bien-etre-relationnel\\\/relations-professionnelles\\\/gestion-du-stress-professionnel\\\/\",\"url\":\"https:\\\/\\\/duoveo.com\\\/fr\\\/bien-etre-relationnel\\\/relations-professionnelles\\\/gestion-du-stress-professionnel\\\/\",\"name\":\"Gestion du stress professionnel - duoveo\",\"isPartOf\":{\"@id\":\"https:\\\/\\\/duoveo.com\\\/fr\\\/#website\"},\"primaryImageOfPage\":{\"@id\":\"https:\\\/\\\/duoveo.com\\\/fr\\\/bien-etre-relationnel\\\/relations-professionnelles\\\/gestion-du-stress-professionnel\\\/#primaryimage\"},\"image\":{\"@id\":\"https:\\\/\\\/duoveo.com\\\/fr\\\/bien-etre-relationnel\\\/relations-professionnelles\\\/gestion-du-stress-professionnel\\\/#primaryimage\"},\"thumbnailUrl\":\"https:\\\/\\\/duoveo.com\\\/wp-content\\\/uploads\\\/2025\\\/08\\\/3.4.4.5_Gestion-du-stress-professionnel-16-9.jpg\",\"datePublished\":\"2025-08-21T16:45:33+00:00\",\"dateModified\":\"2025-09-12T23:36:03+00:00\",\"description\":\"Apprenez \u00e0 transformer la gestion du stress professionnel en alli\u00e9e p\u00e9tillante d\u2019\u00e9quilibre, cr\u00e9ativit\u00e9 et s\u00e9r\u00e9nit\u00e9 au travail !\",\"inLanguage\":\"fr-FR\",\"potentialAction\":[{\"@type\":\"ReadAction\",\"target\":[\"https:\\\/\\\/duoveo.com\\\/fr\\\/bien-etre-relationnel\\\/relations-professionnelles\\\/gestion-du-stress-professionnel\\\/\"]}]},{\"@type\":\"ImageObject\",\"inLanguage\":\"fr-FR\",\"@id\":\"https:\\\/\\\/duoveo.com\\\/fr\\\/bien-etre-relationnel\\\/relations-professionnelles\\\/gestion-du-stress-professionnel\\\/#primaryimage\",\"url\":\"https:\\\/\\\/duoveo.com\\\/wp-content\\\/uploads\\\/2025\\\/08\\\/3.4.4.5_Gestion-du-stress-professionnel-16-9.jpg\",\"contentUrl\":\"https:\\\/\\\/duoveo.com\\\/wp-content\\\/uploads\\\/2025\\\/08\\\/3.4.4.5_Gestion-du-stress-professionnel-16-9.jpg\",\"width\":1000,\"height\":562,\"caption\":\"Stress, chaos and business man with headache for documents, report and office crisis, risk or worry. Worker, auditor or accountant for multitasking, deadline and bad time management with people hands\"},{\"@type\":\"WebSite\",\"@id\":\"https:\\\/\\\/duoveo.com\\\/fr\\\/#website\",\"url\":\"https:\\\/\\\/duoveo.com\\\/fr\\\/\",\"name\":\"duoveo\",\"description\":\"Your story, beautifully told - Created with WordPress managed by IONOS\",\"publisher\":{\"@id\":\"https:\\\/\\\/duoveo.com\\\/fr\\\/#organization\"},\"potentialAction\":[{\"@type\":\"SearchAction\",\"target\":{\"@type\":\"EntryPoint\",\"urlTemplate\":\"https:\\\/\\\/duoveo.com\\\/fr\\\/?s={search_term_string}\"},\"query-input\":{\"@type\":\"PropertyValueSpecification\",\"valueRequired\":true,\"valueName\":\"search_term_string\"}}],\"inLanguage\":\"fr-FR\"},{\"@type\":\"Organization\",\"@id\":\"https:\\\/\\\/duoveo.com\\\/fr\\\/#organization\",\"name\":\"duoveo\",\"url\":\"https:\\\/\\\/duoveo.com\\\/fr\\\/\",\"logo\":{\"@type\":\"ImageObject\",\"inLanguage\":\"fr-FR\",\"@id\":\"https:\\\/\\\/duoveo.com\\\/fr\\\/#\\\/schema\\\/logo\\\/image\\\/\",\"url\":\"https:\\\/\\\/duoveo.com\\\/wp-content\\\/uploads\\\/2022\\\/03\\\/DuoVeo_logo-black_256.png\",\"contentUrl\":\"https:\\\/\\\/duoveo.com\\\/wp-content\\\/uploads\\\/2022\\\/03\\\/DuoVeo_logo-black_256.png\",\"width\":256,\"height\":256,\"caption\":\"duoveo\"},\"image\":{\"@id\":\"https:\\\/\\\/duoveo.com\\\/fr\\\/#\\\/schema\\\/logo\\\/image\\\/\"},\"sameAs\":[\"https:\\\/\\\/facebook.com\\\/duoveo\",\"https:\\\/\\\/www.instagram.com\\\/duo.veo\\\/\"]},{\"@type\":\"Person\",\"@id\":\"https:\\\/\\\/duoveo.com\\\/fr\\\/#\\\/schema\\\/person\\\/8cbd14e593f990cca1ec61fbc6677f4a\",\"name\":\"Olivier Lantier\"}]}<\/script>\n<!-- \/ Yoast SEO Premium plugin. -->","yoast_head_json":{"title":"Gestion du stress professionnel - duoveo","description":"Apprenez \u00e0 transformer la gestion du stress professionnel en alli\u00e9e p\u00e9tillante d\u2019\u00e9quilibre, cr\u00e9ativit\u00e9 et s\u00e9r\u00e9nit\u00e9 au travail !","robots":{"index":"index","follow":"follow","max-snippet":"max-snippet:-1","max-image-preview":"max-image-preview:large","max-video-preview":"max-video-preview:-1"},"canonical":"https:\/\/duoveo.com\/fr\/bien-etre-relationnel\/relations-professionnelles\/gestion-du-stress-professionnel\/","og_locale":"fr_FR","og_type":"article","og_title":"Gestion du stress professionnel - duoveo","og_description":"Apprenez \u00e0 transformer la gestion du stress professionnel en alli\u00e9e p\u00e9tillante d\u2019\u00e9quilibre, cr\u00e9ativit\u00e9 et s\u00e9r\u00e9nit\u00e9 au travail !","og_url":"https:\/\/duoveo.com\/fr\/bien-etre-relationnel\/relations-professionnelles\/gestion-du-stress-professionnel\/","og_site_name":"duoveo","article_publisher":"https:\/\/facebook.com\/duoveo","article_published_time":"2025-08-21T16:45:33+00:00","article_modified_time":"2025-09-12T23:36:03+00:00","og_image":[{"width":1000,"height":562,"url":"https:\/\/duoveo.com\/wp-content\/uploads\/2025\/08\/3.4.4.5_Gestion-du-stress-professionnel-16-9.jpg","type":"image\/jpeg"}],"author":"Olivier Lantier","twitter_card":"summary_large_image","twitter_misc":{"\u00c9crit par":"Olivier Lantier","Dur\u00e9e de lecture estim\u00e9e":"6 minutes"},"schema":{"@context":"https:\/\/schema.org","@graph":[{"@type":"Article","@id":"https:\/\/duoveo.com\/fr\/bien-etre-relationnel\/relations-professionnelles\/gestion-du-stress-professionnel\/#article","isPartOf":{"@id":"https:\/\/duoveo.com\/fr\/bien-etre-relationnel\/relations-professionnelles\/gestion-du-stress-professionnel\/"},"author":{"name":"Olivier Lantier","@id":"https:\/\/duoveo.com\/fr\/#\/schema\/person\/8cbd14e593f990cca1ec61fbc6677f4a"},"headline":"Gestion du stress professionnel","datePublished":"2025-08-21T16:45:33+00:00","dateModified":"2025-09-12T23:36:03+00:00","mainEntityOfPage":{"@id":"https:\/\/duoveo.com\/fr\/bien-etre-relationnel\/relations-professionnelles\/gestion-du-stress-professionnel\/"},"wordCount":1380,"publisher":{"@id":"https:\/\/duoveo.com\/fr\/#organization"},"image":{"@id":"https:\/\/duoveo.com\/fr\/bien-etre-relationnel\/relations-professionnelles\/gestion-du-stress-professionnel\/#primaryimage"},"thumbnailUrl":"https:\/\/duoveo.com\/wp-content\/uploads\/2025\/08\/3.4.4.5_Gestion-du-stress-professionnel-16-9.jpg","keywords":["479"],"articleSection":["relations professionnelles"],"inLanguage":"fr-FR"},{"@type":"WebPage","@id":"https:\/\/duoveo.com\/fr\/bien-etre-relationnel\/relations-professionnelles\/gestion-du-stress-professionnel\/","url":"https:\/\/duoveo.com\/fr\/bien-etre-relationnel\/relations-professionnelles\/gestion-du-stress-professionnel\/","name":"Gestion du stress professionnel - duoveo","isPartOf":{"@id":"https:\/\/duoveo.com\/fr\/#website"},"primaryImageOfPage":{"@id":"https:\/\/duoveo.com\/fr\/bien-etre-relationnel\/relations-professionnelles\/gestion-du-stress-professionnel\/#primaryimage"},"image":{"@id":"https:\/\/duoveo.com\/fr\/bien-etre-relationnel\/relations-professionnelles\/gestion-du-stress-professionnel\/#primaryimage"},"thumbnailUrl":"https:\/\/duoveo.com\/wp-content\/uploads\/2025\/08\/3.4.4.5_Gestion-du-stress-professionnel-16-9.jpg","datePublished":"2025-08-21T16:45:33+00:00","dateModified":"2025-09-12T23:36:03+00:00","description":"Apprenez \u00e0 transformer la gestion du stress professionnel en alli\u00e9e p\u00e9tillante d\u2019\u00e9quilibre, cr\u00e9ativit\u00e9 et s\u00e9r\u00e9nit\u00e9 au travail !","inLanguage":"fr-FR","potentialAction":[{"@type":"ReadAction","target":["https:\/\/duoveo.com\/fr\/bien-etre-relationnel\/relations-professionnelles\/gestion-du-stress-professionnel\/"]}]},{"@type":"ImageObject","inLanguage":"fr-FR","@id":"https:\/\/duoveo.com\/fr\/bien-etre-relationnel\/relations-professionnelles\/gestion-du-stress-professionnel\/#primaryimage","url":"https:\/\/duoveo.com\/wp-content\/uploads\/2025\/08\/3.4.4.5_Gestion-du-stress-professionnel-16-9.jpg","contentUrl":"https:\/\/duoveo.com\/wp-content\/uploads\/2025\/08\/3.4.4.5_Gestion-du-stress-professionnel-16-9.jpg","width":1000,"height":562,"caption":"Stress, chaos and business man with headache for documents, report and office crisis, risk or worry. Worker, auditor or accountant for multitasking, deadline and bad time management with people hands"},{"@type":"WebSite","@id":"https:\/\/duoveo.com\/fr\/#website","url":"https:\/\/duoveo.com\/fr\/","name":"duoveo","description":"Your story, beautifully told - Created with WordPress managed by IONOS","publisher":{"@id":"https:\/\/duoveo.com\/fr\/#organization"},"potentialAction":[{"@type":"SearchAction","target":{"@type":"EntryPoint","urlTemplate":"https:\/\/duoveo.com\/fr\/?s={search_term_string}"},"query-input":{"@type":"PropertyValueSpecification","valueRequired":true,"valueName":"search_term_string"}}],"inLanguage":"fr-FR"},{"@type":"Organization","@id":"https:\/\/duoveo.com\/fr\/#organization","name":"duoveo","url":"https:\/\/duoveo.com\/fr\/","logo":{"@type":"ImageObject","inLanguage":"fr-FR","@id":"https:\/\/duoveo.com\/fr\/#\/schema\/logo\/image\/","url":"https:\/\/duoveo.com\/wp-content\/uploads\/2022\/03\/DuoVeo_logo-black_256.png","contentUrl":"https:\/\/duoveo.com\/wp-content\/uploads\/2022\/03\/DuoVeo_logo-black_256.png","width":256,"height":256,"caption":"duoveo"},"image":{"@id":"https:\/\/duoveo.com\/fr\/#\/schema\/logo\/image\/"},"sameAs":["https:\/\/facebook.com\/duoveo","https:\/\/www.instagram.com\/duo.veo\/"]},{"@type":"Person","@id":"https:\/\/duoveo.com\/fr\/#\/schema\/person\/8cbd14e593f990cca1ec61fbc6677f4a","name":"Olivier Lantier"}]}},"_links":{"self":[{"href":"https:\/\/duoveo.com\/fr\/wp-json\/wp\/v2\/posts\/21791","targetHints":{"allow":["GET"]}}],"collection":[{"href":"https:\/\/duoveo.com\/fr\/wp-json\/wp\/v2\/posts"}],"about":[{"href":"https:\/\/duoveo.com\/fr\/wp-json\/wp\/v2\/types\/post"}],"author":[{"embeddable":true,"href":"https:\/\/duoveo.com\/fr\/wp-json\/wp\/v2\/users\/19"}],"replies":[{"embeddable":true,"href":"https:\/\/duoveo.com\/fr\/wp-json\/wp\/v2\/comments?post=21791"}],"version-history":[{"count":1,"href":"https:\/\/duoveo.com\/fr\/wp-json\/wp\/v2\/posts\/21791\/revisions"}],"predecessor-version":[{"id":21794,"href":"https:\/\/duoveo.com\/fr\/wp-json\/wp\/v2\/posts\/21791\/revisions\/21794"}],"wp:featuredmedia":[{"embeddable":true,"href":"https:\/\/duoveo.com\/fr\/wp-json\/wp\/v2\/media\/21792"}],"wp:attachment":[{"href":"https:\/\/duoveo.com\/fr\/wp-json\/wp\/v2\/media?parent=21791"}],"wp:term":[{"taxonomy":"category","embeddable":true,"href":"https:\/\/duoveo.com\/fr\/wp-json\/wp\/v2\/categories?post=21791"},{"taxonomy":"post_tag","embeddable":true,"href":"https:\/\/duoveo.com\/fr\/wp-json\/wp\/v2\/tags?post=21791"}],"curies":[{"name":"wp","href":"https:\/\/api.w.org\/{rel}","templated":true}]}}