{"id":21939,"date":"2025-08-24T16:22:28","date_gmt":"2025-08-24T16:22:28","guid":{"rendered":"https:\/\/duoveo.com\/?p=21939"},"modified":"2025-09-13T00:00:57","modified_gmt":"2025-09-13T00:00:57","slug":"utilisation-des-reseaux-sociaux-professionnels","status":"publish","type":"post","link":"https:\/\/duoveo.com\/fr\/bien-etre-relationnel\/relations-professionnelles\/utilisation-des-reseaux-sociaux-professionnels\/","title":{"rendered":"Utilisation des r\u00e9seaux sociaux professionnels"},"content":{"rendered":"\n<h1 class=\"wp-block-heading\" id=\"h-\"><\/h1>\n\n\n\n<h3 class=\"wp-block-heading\" id=\"h-booster-son-reseau-avec-panache\">Booster son r\u00e9seau avec panache<\/h3>\n\n\n\n<hr class=\"wp-block-separator has-alpha-channel-opacity\"\/>\n\n\n\n<p>Les <strong>r\u00e9seaux sociaux professionnels<\/strong> sont devenus les nouvelles places de march\u00e9 de la cr\u00e9dibilit\u00e9, du r\u00e9seautage et des opportunit\u00e9s. Dans un monde hyperconnect\u00e9, o\u00f9 un simple clic peut ouvrir les portes d\u2019un partenariat strat\u00e9gique ou d\u2019une reconversion fulgurante, ignorer LinkedIn, Viadeo ou Shapr, c\u2019est un peu comme refuser un caf\u00e9 \u00e0 l\u2019heure d\u2019un rendez-vous d\u2019affaires. Sauf que ce caf\u00e9-l\u00e0 pourrait bien changer le cours de votre carri\u00e8re. Explorons ensemble, avec l\u00e9g\u00e8ret\u00e9 mais s\u00e9rieux, comment tirer le meilleur de ces outils pour briller dans son univers professionnel.<\/p>\n\n\n\n<hr class=\"wp-block-separator has-alpha-channel-opacity\"\/>\n\n\n\n<h2 class=\"wp-block-heading\" id=\"h-1-reseauter-mais-pas-n-importe-comment\">1. R\u00e9seauter, mais pas n\u2019importe comment<\/h2>\n\n\n\n<p>R\u00e9seauter ne signifie pas accumuler les contacts comme on collectionne les cartes Pok\u00e9mon. Cela implique de cr\u00e9er du <strong>lien professionnel<\/strong> pertinent, coh\u00e9rent avec vos valeurs et vos objectifs. Sur un r\u00e9seau comme LinkedIn, par exemple, la qualit\u00e9 prime largement sur la quantit\u00e9. Un profil bien tenu, une ligne \u00e9ditoriale claire et des interactions authentiques sont les cl\u00e9s d\u2019un r\u00e9seau vivant et efficace.<\/p>\n\n\n\n<p>Avant de vous lancer, posez-vous quelques questions :<\/p>\n\n\n\n<ul class=\"wp-block-list\">\n<li>Quel est mon objectif principal (visibilit\u00e9, recherche d\u2019emploi, veille sectorielle, d\u00e9veloppement commercial) ?<\/li>\n\n\n\n<li>Quel type de contenu suis-je pr\u00eat(e) \u00e0 partager ?<\/li>\n\n\n\n<li>\u00c0 quelle fr\u00e9quence puis-je interagir sans que cela devienne une corv\u00e9e ?<\/li>\n<\/ul>\n\n\n\n<p>Petit conseil espi\u00e8gle : ne vous contentez pas d\u2019ajouter votre banquier, votre cousin et votre ex-coll\u00e8gue. Osez la diversit\u00e9 des profils ! Une belle surprise relationnelle est parfois \u00e0 port\u00e9e de like.<\/p>\n\n\n\n<hr class=\"wp-block-separator has-alpha-channel-opacity\"\/>\n\n\n\n<h2 class=\"wp-block-heading\" id=\"h-2-l-art-de-soigner-son-profil-la-vitrine-de-vos-talents\">2. L\u2019art de soigner son profil : la vitrine de vos talents<\/h2>\n\n\n\n<p>Un bon profil, c\u2019est comme une vitrine bien agenc\u00e9e. Il attire, intrigue, donne envie d\u2019en savoir plus. Votre photo ? Professionnelle mais chaleureuse. Votre titre ? Clair, accrocheur, orient\u00e9 solution plut\u00f4t que fonction. Votre r\u00e9sum\u00e9 ? Cisel\u00e9 comme un bon pitch de start-up : personnel, structur\u00e9, et ouvert sur l\u2019avenir.<\/p>\n\n\n\n<p>Ne n\u00e9gligez pas non plus les recommandations et les comp\u00e9tences valid\u00e9es : elles ajoutent une touche humaine et cr\u00e9dible \u00e0 votre pr\u00e9sence num\u00e9rique. Pensez \u00e9galement \u00e0 publier quelques contenus de fond : articles, vid\u00e9os, infographies, ou m\u00eame un simple post d\u2019exp\u00e9rience v\u00e9cu. Bref, mettez du vivant dans votre profil.<\/p>\n\n\n\n<hr class=\"wp-block-separator has-alpha-channel-opacity\"\/>\n\n\n\n<h2 class=\"wp-block-heading\" id=\"h-3-l-interaction-levier-d-engagement-et-d-opportunites\">3. L\u2019interaction : levier d\u2019engagement et d\u2019opportunit\u00e9s<\/h2>\n\n\n\n<p>Les <strong>r\u00e9seaux sociaux professionnels<\/strong> ne sont pas des mus\u00e9es silencieux. Ils vivent de vos commentaires, partages et messages directs. L\u2019interaction est la respiration du r\u00e9seau. Elle permet de renforcer les liens, d\u2019ouvrir des discussions inattendues, et parfois, de d\u00e9boucher sur de vraies opportunit\u00e9s.<\/p>\n\n\n\n<p>Soyez g\u00e9n\u00e9reux.se en interactions : f\u00e9licitez un changement de poste, rebondissez sur une publication inspirante, posez une question ouverte. Mais attention \u00e0 ne pas tomber dans l\u2019automatisme creux ou l\u2019opportunisme \u00e0 peine voil\u00e9. L\u2019authenticit\u00e9, m\u00eame \u00e0 travers un \u00e9cran, se sent. Et elle fait toute la diff\u00e9rence.<\/p>\n\n\n\n<hr class=\"wp-block-separator has-alpha-channel-opacity\"\/>\n\n\n\n<h2 class=\"wp-block-heading\" id=\"h-4-publier-oui-mais-quoi-quand-et-comment\">4. Publier, oui ! Mais quoi, quand et comment ?<\/h2>\n\n\n\n<p>La peur de publier est fr\u00e9quente : \u00ab Je n\u2019ai rien d\u2019original \u00e0 dire \u00bb, \u00ab Et si personne ne r\u00e9agit ? \u00bb&#8230; Pourtant, chaque exp\u00e9rience professionnelle, chaque apprentissage, chaque questionnement peut nourrir une publication int\u00e9ressante.<\/p>\n\n\n\n<p>Voici quelques formats efficaces :<\/p>\n\n\n\n<ul class=\"wp-block-list\">\n<li><strong>Le partage d\u2019exp\u00e9rience<\/strong> : un \u00e9chec transform\u00e9 en le\u00e7on, un projet inspirant, une astuce m\u00e9tier.<\/li>\n\n\n\n<li><strong>La veille sectorielle<\/strong> : un article comment\u00e9, une innovation comment\u00e9e avec votre \u0153il critique.<\/li>\n\n\n\n<li><strong>L\u2019interview \u00e9clair<\/strong> : trois questions \u00e0 un coll\u00e8gue, un mentor, un client.<\/li>\n\n\n\n<li><strong>Le post-question<\/strong> : court, engageant, appelant \u00e0 la r\u00e9action.<\/li>\n<\/ul>\n\n\n\n<p>Id\u00e9alement, publiez aux heures de forte affluence (8h30-9h, 12h30, 17h30) et une \u00e0 deux fois par semaine. Et variez les plaisirs : image, texte, vid\u00e9o courte, carrousel\u2026<\/p>\n\n\n\n<hr class=\"wp-block-separator has-alpha-channel-opacity\"\/>\n\n\n\n<h2 class=\"wp-block-heading\" id=\"h-5-trouver-l-equilibre-entre-prospection-et-inspiration\">5. Trouver l\u2019\u00e9quilibre entre prospection et inspiration<\/h2>\n\n\n\n<p>Les r\u00e9seaux sociaux professionnels sont des alli\u00e9s de prospection puissants. Mais attention \u00e0 ne pas tomber dans le pi\u00e8ge du d\u00e9marchage agressif. Personne n\u2019aime recevoir un message standardis\u00e9 du type \u00ab Bonjour, puis-je vous pr\u00e9senter nos solutions innovantes ? \u00bb. Pour initier une relation professionnelle saine, il faut d\u2019abord <strong>\u00e9couter, observer, interagir de mani\u00e8re d\u00e9sint\u00e9ress\u00e9e<\/strong>.<\/p>\n\n\n\n<p>C\u2019est aussi un merveilleux lieu d\u2019inspiration. Suivre des experts, des leaders d\u2019opinion, des recruteurs ou des profils atypiques vous aidera \u00e0 nourrir votre r\u00e9flexion, \u00e0 \u00e9largir vos horizons et \u00e0 d\u00e9tecter les signaux faibles de votre secteur.<\/p>\n\n\n\n<hr class=\"wp-block-separator has-alpha-channel-opacity\"\/>\n\n\n\n<h2 class=\"wp-block-heading\" id=\"h-6-utiliser-les-groupes-et-les-hashtags-a-bon-escient\">6. Utiliser les groupes et les hashtags \u00e0 bon escient<\/h2>\n\n\n\n<p>Les groupes de discussion (LinkedIn en regorge !) sont des mines d\u2019or pour tisser des liens et vous positionner en tant que contributeur.trice actif.ve. En commentant r\u00e9guli\u00e8rement ou en posant des questions pertinentes, vous gagnez en visibilit\u00e9 et en cr\u00e9dibilit\u00e9.<\/p>\n\n\n\n<p>Quant aux hashtags, ils permettent de toucher une audience au-del\u00e0 de votre cercle direct. Inutile d\u2019en abuser (#motivation #success #mondaymood&#8230; zzz), mais choisissez-en quelques-uns qui parlent vraiment \u00e0 votre secteur ou \u00e0 votre sujet (#designcirculaire, #sant\u00e9publique, #freelancefrancophone&#8230;).<\/p>\n\n\n\n<hr class=\"wp-block-separator has-alpha-channel-opacity\"\/>\n\n\n\n<h2 class=\"wp-block-heading\" id=\"h-7-veille-et-ethique-les-deux-jambes-d-une-presence-durable\">7. Veille et \u00e9thique : les deux jambes d\u2019une pr\u00e9sence durable<\/h2>\n\n\n\n<p>Enfin, n\u2019oubliez pas que votre <strong>empreinte num\u00e9rique<\/strong> vous suit plus longtemps qu\u2019un badge coll\u00e9 sur votre blazer. Restez professionnel.le, m\u00eame dans vos coups de gueule (ou transformez-les en r\u00e9flexion constructive !), et v\u00e9rifiez toujours vos sources avant de relayer une info.<\/p>\n\n\n\n<p>Mettez aussi en place une veille r\u00e9guli\u00e8re gr\u00e2ce aux outils int\u00e9gr\u00e9s (abonnements, alertes, newsletters) pour ne rien rater des \u00e9volutions de votre secteur ou des mouvements de vos contacts-cl\u00e9s.<\/p>\n\n\n\n<hr class=\"wp-block-separator has-alpha-channel-opacity\"\/>\n\n\n\n<h2 class=\"wp-block-heading\" id=\"h-8-reseaux-sociaux-professionnels-et-equilibre-personnel\">8. R\u00e9seaux sociaux professionnels et \u00e9quilibre personnel<\/h2>\n\n\n\n<p>Dernier point, mais pas des moindres : restez ma\u00eetre de votre temps et de votre \u00e9nergie. Les r\u00e9seaux, aussi professionnels soient-ils, peuvent vite devenir chronophages. Fixez-vous une limite de temps de connexion, d\u00e9sactivez les notifications superflues, et acceptez que tout ne se joue pas sur LinkedIn.<\/p>\n\n\n\n<p>L\u2019essentiel, au fond, c\u2019est de <strong>rester align\u00e9 avec soi-m\u00eame<\/strong>, de cultiver des relations sinc\u00e8res et de laisser parler sa personnalit\u00e9, m\u00eame dans un cadre professionnel. Car au bout du r\u00e9seau, il y a toujours une personne, une histoire, un potentiel humain.<\/p>\n\n\n\n<hr class=\"wp-block-separator has-alpha-channel-opacity\"\/>\n\n\n\n<h2 class=\"wp-block-heading\" id=\"h-conclusion-un-tremplin-pas-une-vitrine-figee\">Conclusion : Un tremplin, pas une vitrine fig\u00e9e<\/h2>\n\n\n\n<p>Les <strong>r\u00e9seaux sociaux professionnels<\/strong> sont un formidable terrain de jeu relationnel et strat\u00e9gique. Encore faut-il savoir y jouer avec gr\u00e2ce, pertinence et curiosit\u00e9. Que vous soyez ind\u00e9pendant.e, salari\u00e9.e, en recherche d\u2019emploi ou simplement en qu\u00eate de sens, ils offrent une sc\u00e8ne o\u00f9 se d\u00e9voiler, se connecter, s\u2019inspirer\u2026 et pourquoi pas, se transformer.<\/p>\n\n\n\n<p>Alors, pr\u00eat.e \u00e0 actualiser votre profil et \u00e0 \u00e9crire la suite de votre aventure professionnelle, un post \u00e0 la fois ?<\/p>\n\n\n\n<hr class=\"wp-block-separator has-alpha-channel-opacity\"\/>\n\n\n\n<p><strong>Sources :<\/strong><\/p>\n\n\n\n<ol class=\"wp-block-list\">\n<li><em>Les usages professionnels de LinkedIn : entre individualisation et mise en visibilit\u00e9<\/em> \u2013 <strong>Cairn<\/strong><br><a href=\"https:\/\/www.cairn.info\/revue-reseaux-2021-1-page-65.htm\">https:\/\/www.cairn.info\/revue-reseaux-2021-1-page-65.htm<\/a><\/li>\n\n\n\n<li><em>Les r\u00e9seaux socio-num\u00e9riques professionnels : quelle utilit\u00e9 pour les cadres ?<\/em> \u2013 <strong>INRS<\/strong><br><a href=\"https:\/\/www.inrs.fr\/risques\/ntic\/reseaux-sociaux-professionnels.html\">https:\/\/www.inrs.fr\/risques\/ntic\/reseaux-sociaux-professionnels.html<\/a><\/li>\n\n\n\n<li><em>R\u00e9seaux sociaux professionnels et transformation du recrutement<\/em> \u2013 <strong>La Revue des Conditions de Travail<\/strong><br><a href=\"https:\/\/www.anact.fr\/reseaux-sociaux-professionnels-et-transformation-du-recrutement\">https:\/\/www.anact.fr\/reseaux-sociaux-professionnels-et-transformation-du-recrutement<\/a><\/li>\n\n\n\n<li><em>Le num\u00e9rique au travail : usages et pratiques des r\u00e9seaux sociaux<\/em> \u2013 <strong>Travail &amp; Changement<\/strong><br><a href=\"https:\/\/www.travail-et-changement.fr\/2020\/11\/17\/le-numerique-au-travail\">https:\/\/www.travail-et-changement.fr\/2020\/11\/17\/le-numerique-au-travail<\/a><\/li>\n\n\n\n<li><em>Le r\u00e9seau professionnel : comment le d\u00e9velopper intelligemment ?<\/em> \u2013 <strong>Harvard Business Review France<\/strong><\/li>\n\n\n\n<li><a href=\"https:\/\/www.hbrfrance.fr\/magazine\/2018\/09\/22160-le-reseau-professionnel-comment-le-developper-intelligemment\">https:\/\/www.hbrfrance.fr\/magazine\/2018\/09\/22160-le-reseau-professionnel-comment-le-developper-intelligemment<\/a><\/li>\n<\/ol>\n","protected":false},"excerpt":{"rendered":"<p>Booster son r\u00e9seau avec panache Les r\u00e9seaux sociaux professionnels sont devenus les nouvelles places de march\u00e9 de la cr\u00e9dibilit\u00e9, du r\u00e9seautage et des opportunit\u00e9s. Dans un monde hyperconnect\u00e9, o\u00f9 un simple clic peut ouvrir les portes d\u2019un partenariat strat\u00e9gique ou d\u2019une reconversion fulgurante, ignorer LinkedIn, Viadeo ou Shapr, c\u2019est un peu comme refuser un caf\u00e9 [&hellip;]<\/p>\n","protected":false},"author":19,"featured_media":21940,"comment_status":"closed","ping_status":"closed","sticky":false,"template":"","format":"standard","meta":{"_eb_attr":"","_monsterinsights_skip_tracking":false,"_monsterinsights_sitenote_active":false,"_monsterinsights_sitenote_note":"","_monsterinsights_sitenote_category":0,"footnotes":""},"categories":[519],"tags":[903],"class_list":["post-21939","post","type-post","status-publish","format-standard","has-post-thumbnail","hentry","category-relations-professionnelles","tag-903"],"yoast_head":"<!-- This site is optimized with the Yoast SEO Premium plugin v22.7 (Yoast SEO v27.5) - https:\/\/yoast.com\/product\/yoast-seo-premium-wordpress\/ -->\n<title>Utilisation des r\u00e9seaux sociaux professionnels - duoveo<\/title>\n<meta name=\"description\" content=\"Boostez votre carri\u00e8re avec les r\u00e9seaux sociaux professionnels : visibilit\u00e9, opportunit\u00e9s et authenticit\u00e9 au rendez-vous !\" \/>\n<meta name=\"robots\" content=\"index, follow, max-snippet:-1, max-image-preview:large, max-video-preview:-1\" \/>\n<link rel=\"canonical\" href=\"https:\/\/duoveo.com\/fr\/bien-etre-relationnel\/relations-professionnelles\/utilisation-des-reseaux-sociaux-professionnels\/\" \/>\n<meta property=\"og:locale\" content=\"fr_FR\" \/>\n<meta property=\"og:type\" content=\"article\" \/>\n<meta property=\"og:title\" content=\"Utilisation des r\u00e9seaux sociaux professionnels - duoveo\" \/>\n<meta property=\"og:description\" content=\"Boostez votre carri\u00e8re avec les r\u00e9seaux sociaux professionnels : visibilit\u00e9, opportunit\u00e9s et authenticit\u00e9 au rendez-vous !\" \/>\n<meta property=\"og:url\" content=\"https:\/\/duoveo.com\/fr\/bien-etre-relationnel\/relations-professionnelles\/utilisation-des-reseaux-sociaux-professionnels\/\" \/>\n<meta property=\"og:site_name\" content=\"duoveo\" \/>\n<meta property=\"article:publisher\" content=\"https:\/\/facebook.com\/duoveo\" \/>\n<meta property=\"article:published_time\" content=\"2025-08-24T16:22:28+00:00\" \/>\n<meta property=\"article:modified_time\" content=\"2025-09-13T00:00:57+00:00\" \/>\n<meta property=\"og:image\" content=\"https:\/\/duoveo.com\/wp-content\/uploads\/2025\/08\/3.4.5.2_Utilisation-des-reseaux-sociaux-professionnels-16-9.jpg\" \/>\n\t<meta property=\"og:image:width\" content=\"1000\" \/>\n\t<meta property=\"og:image:height\" content=\"562\" \/>\n\t<meta property=\"og:image:type\" content=\"image\/jpeg\" \/>\n<meta name=\"author\" content=\"Olivier Lantier\" \/>\n<meta name=\"twitter:card\" content=\"summary_large_image\" \/>\n<meta name=\"twitter:label1\" content=\"\u00c9crit par\" \/>\n\t<meta name=\"twitter:data1\" content=\"Olivier Lantier\" \/>\n\t<meta name=\"twitter:label2\" content=\"Dur\u00e9e de lecture estim\u00e9e\" \/>\n\t<meta name=\"twitter:data2\" content=\"5 minutes\" \/>\n<script type=\"application\/ld+json\" class=\"yoast-schema-graph\">{\"@context\":\"https:\\\/\\\/schema.org\",\"@graph\":[{\"@type\":\"Article\",\"@id\":\"https:\\\/\\\/duoveo.com\\\/fr\\\/bien-etre-relationnel\\\/relations-professionnelles\\\/utilisation-des-reseaux-sociaux-professionnels\\\/#article\",\"isPartOf\":{\"@id\":\"https:\\\/\\\/duoveo.com\\\/fr\\\/bien-etre-relationnel\\\/relations-professionnelles\\\/utilisation-des-reseaux-sociaux-professionnels\\\/\"},\"author\":{\"name\":\"Olivier Lantier\",\"@id\":\"https:\\\/\\\/duoveo.com\\\/fr\\\/#\\\/schema\\\/person\\\/8cbd14e593f990cca1ec61fbc6677f4a\"},\"headline\":\"Utilisation des r\u00e9seaux sociaux professionnels\",\"datePublished\":\"2025-08-24T16:22:28+00:00\",\"dateModified\":\"2025-09-13T00:00:57+00:00\",\"mainEntityOfPage\":{\"@id\":\"https:\\\/\\\/duoveo.com\\\/fr\\\/bien-etre-relationnel\\\/relations-professionnelles\\\/utilisation-des-reseaux-sociaux-professionnels\\\/\"},\"wordCount\":1204,\"publisher\":{\"@id\":\"https:\\\/\\\/duoveo.com\\\/fr\\\/#organization\"},\"image\":{\"@id\":\"https:\\\/\\\/duoveo.com\\\/fr\\\/bien-etre-relationnel\\\/relations-professionnelles\\\/utilisation-des-reseaux-sociaux-professionnels\\\/#primaryimage\"},\"thumbnailUrl\":\"https:\\\/\\\/duoveo.com\\\/wp-content\\\/uploads\\\/2025\\\/08\\\/3.4.5.2_Utilisation-des-reseaux-sociaux-professionnels-16-9.jpg\",\"keywords\":[\"481\"],\"articleSection\":[\"relations professionnelles\"],\"inLanguage\":\"fr-FR\"},{\"@type\":\"WebPage\",\"@id\":\"https:\\\/\\\/duoveo.com\\\/fr\\\/bien-etre-relationnel\\\/relations-professionnelles\\\/utilisation-des-reseaux-sociaux-professionnels\\\/\",\"url\":\"https:\\\/\\\/duoveo.com\\\/fr\\\/bien-etre-relationnel\\\/relations-professionnelles\\\/utilisation-des-reseaux-sociaux-professionnels\\\/\",\"name\":\"Utilisation des r\u00e9seaux sociaux professionnels - duoveo\",\"isPartOf\":{\"@id\":\"https:\\\/\\\/duoveo.com\\\/fr\\\/#website\"},\"primaryImageOfPage\":{\"@id\":\"https:\\\/\\\/duoveo.com\\\/fr\\\/bien-etre-relationnel\\\/relations-professionnelles\\\/utilisation-des-reseaux-sociaux-professionnels\\\/#primaryimage\"},\"image\":{\"@id\":\"https:\\\/\\\/duoveo.com\\\/fr\\\/bien-etre-relationnel\\\/relations-professionnelles\\\/utilisation-des-reseaux-sociaux-professionnels\\\/#primaryimage\"},\"thumbnailUrl\":\"https:\\\/\\\/duoveo.com\\\/wp-content\\\/uploads\\\/2025\\\/08\\\/3.4.5.2_Utilisation-des-reseaux-sociaux-professionnels-16-9.jpg\",\"datePublished\":\"2025-08-24T16:22:28+00:00\",\"dateModified\":\"2025-09-13T00:00:57+00:00\",\"description\":\"Boostez votre carri\u00e8re avec les r\u00e9seaux sociaux professionnels : visibilit\u00e9, opportunit\u00e9s et authenticit\u00e9 au rendez-vous !\",\"inLanguage\":\"fr-FR\",\"potentialAction\":[{\"@type\":\"ReadAction\",\"target\":[\"https:\\\/\\\/duoveo.com\\\/fr\\\/bien-etre-relationnel\\\/relations-professionnelles\\\/utilisation-des-reseaux-sociaux-professionnels\\\/\"]}]},{\"@type\":\"ImageObject\",\"inLanguage\":\"fr-FR\",\"@id\":\"https:\\\/\\\/duoveo.com\\\/fr\\\/bien-etre-relationnel\\\/relations-professionnelles\\\/utilisation-des-reseaux-sociaux-professionnels\\\/#primaryimage\",\"url\":\"https:\\\/\\\/duoveo.com\\\/wp-content\\\/uploads\\\/2025\\\/08\\\/3.4.5.2_Utilisation-des-reseaux-sociaux-professionnels-16-9.jpg\",\"contentUrl\":\"https:\\\/\\\/duoveo.com\\\/wp-content\\\/uploads\\\/2025\\\/08\\\/3.4.5.2_Utilisation-des-reseaux-sociaux-professionnels-16-9.jpg\",\"width\":1000,\"height\":562,\"caption\":\"Image of network of connections with icons over diverse colleagues using laptop in office. Technology, business and digital interface concept digitally generated image.\"},{\"@type\":\"WebSite\",\"@id\":\"https:\\\/\\\/duoveo.com\\\/fr\\\/#website\",\"url\":\"https:\\\/\\\/duoveo.com\\\/fr\\\/\",\"name\":\"duoveo\",\"description\":\"Your story, beautifully told - Created with WordPress managed by IONOS\",\"publisher\":{\"@id\":\"https:\\\/\\\/duoveo.com\\\/fr\\\/#organization\"},\"potentialAction\":[{\"@type\":\"SearchAction\",\"target\":{\"@type\":\"EntryPoint\",\"urlTemplate\":\"https:\\\/\\\/duoveo.com\\\/fr\\\/?s={search_term_string}\"},\"query-input\":{\"@type\":\"PropertyValueSpecification\",\"valueRequired\":true,\"valueName\":\"search_term_string\"}}],\"inLanguage\":\"fr-FR\"},{\"@type\":\"Organization\",\"@id\":\"https:\\\/\\\/duoveo.com\\\/fr\\\/#organization\",\"name\":\"duoveo\",\"url\":\"https:\\\/\\\/duoveo.com\\\/fr\\\/\",\"logo\":{\"@type\":\"ImageObject\",\"inLanguage\":\"fr-FR\",\"@id\":\"https:\\\/\\\/duoveo.com\\\/fr\\\/#\\\/schema\\\/logo\\\/image\\\/\",\"url\":\"https:\\\/\\\/duoveo.com\\\/wp-content\\\/uploads\\\/2022\\\/03\\\/DuoVeo_logo-black_256.png\",\"contentUrl\":\"https:\\\/\\\/duoveo.com\\\/wp-content\\\/uploads\\\/2022\\\/03\\\/DuoVeo_logo-black_256.png\",\"width\":256,\"height\":256,\"caption\":\"duoveo\"},\"image\":{\"@id\":\"https:\\\/\\\/duoveo.com\\\/fr\\\/#\\\/schema\\\/logo\\\/image\\\/\"},\"sameAs\":[\"https:\\\/\\\/facebook.com\\\/duoveo\",\"https:\\\/\\\/www.instagram.com\\\/duo.veo\\\/\"]},{\"@type\":\"Person\",\"@id\":\"https:\\\/\\\/duoveo.com\\\/fr\\\/#\\\/schema\\\/person\\\/8cbd14e593f990cca1ec61fbc6677f4a\",\"name\":\"Olivier Lantier\"}]}<\/script>\n<!-- \/ Yoast SEO Premium plugin. -->","yoast_head_json":{"title":"Utilisation des r\u00e9seaux sociaux professionnels - duoveo","description":"Boostez votre carri\u00e8re avec les r\u00e9seaux sociaux professionnels : visibilit\u00e9, opportunit\u00e9s et authenticit\u00e9 au rendez-vous !","robots":{"index":"index","follow":"follow","max-snippet":"max-snippet:-1","max-image-preview":"max-image-preview:large","max-video-preview":"max-video-preview:-1"},"canonical":"https:\/\/duoveo.com\/fr\/bien-etre-relationnel\/relations-professionnelles\/utilisation-des-reseaux-sociaux-professionnels\/","og_locale":"fr_FR","og_type":"article","og_title":"Utilisation des r\u00e9seaux sociaux professionnels - duoveo","og_description":"Boostez votre carri\u00e8re avec les r\u00e9seaux sociaux professionnels : visibilit\u00e9, opportunit\u00e9s et authenticit\u00e9 au rendez-vous !","og_url":"https:\/\/duoveo.com\/fr\/bien-etre-relationnel\/relations-professionnelles\/utilisation-des-reseaux-sociaux-professionnels\/","og_site_name":"duoveo","article_publisher":"https:\/\/facebook.com\/duoveo","article_published_time":"2025-08-24T16:22:28+00:00","article_modified_time":"2025-09-13T00:00:57+00:00","og_image":[{"width":1000,"height":562,"url":"https:\/\/duoveo.com\/wp-content\/uploads\/2025\/08\/3.4.5.2_Utilisation-des-reseaux-sociaux-professionnels-16-9.jpg","type":"image\/jpeg"}],"author":"Olivier Lantier","twitter_card":"summary_large_image","twitter_misc":{"\u00c9crit par":"Olivier Lantier","Dur\u00e9e de lecture estim\u00e9e":"5 minutes"},"schema":{"@context":"https:\/\/schema.org","@graph":[{"@type":"Article","@id":"https:\/\/duoveo.com\/fr\/bien-etre-relationnel\/relations-professionnelles\/utilisation-des-reseaux-sociaux-professionnels\/#article","isPartOf":{"@id":"https:\/\/duoveo.com\/fr\/bien-etre-relationnel\/relations-professionnelles\/utilisation-des-reseaux-sociaux-professionnels\/"},"author":{"name":"Olivier Lantier","@id":"https:\/\/duoveo.com\/fr\/#\/schema\/person\/8cbd14e593f990cca1ec61fbc6677f4a"},"headline":"Utilisation des r\u00e9seaux sociaux professionnels","datePublished":"2025-08-24T16:22:28+00:00","dateModified":"2025-09-13T00:00:57+00:00","mainEntityOfPage":{"@id":"https:\/\/duoveo.com\/fr\/bien-etre-relationnel\/relations-professionnelles\/utilisation-des-reseaux-sociaux-professionnels\/"},"wordCount":1204,"publisher":{"@id":"https:\/\/duoveo.com\/fr\/#organization"},"image":{"@id":"https:\/\/duoveo.com\/fr\/bien-etre-relationnel\/relations-professionnelles\/utilisation-des-reseaux-sociaux-professionnels\/#primaryimage"},"thumbnailUrl":"https:\/\/duoveo.com\/wp-content\/uploads\/2025\/08\/3.4.5.2_Utilisation-des-reseaux-sociaux-professionnels-16-9.jpg","keywords":["481"],"articleSection":["relations professionnelles"],"inLanguage":"fr-FR"},{"@type":"WebPage","@id":"https:\/\/duoveo.com\/fr\/bien-etre-relationnel\/relations-professionnelles\/utilisation-des-reseaux-sociaux-professionnels\/","url":"https:\/\/duoveo.com\/fr\/bien-etre-relationnel\/relations-professionnelles\/utilisation-des-reseaux-sociaux-professionnels\/","name":"Utilisation des r\u00e9seaux sociaux professionnels - duoveo","isPartOf":{"@id":"https:\/\/duoveo.com\/fr\/#website"},"primaryImageOfPage":{"@id":"https:\/\/duoveo.com\/fr\/bien-etre-relationnel\/relations-professionnelles\/utilisation-des-reseaux-sociaux-professionnels\/#primaryimage"},"image":{"@id":"https:\/\/duoveo.com\/fr\/bien-etre-relationnel\/relations-professionnelles\/utilisation-des-reseaux-sociaux-professionnels\/#primaryimage"},"thumbnailUrl":"https:\/\/duoveo.com\/wp-content\/uploads\/2025\/08\/3.4.5.2_Utilisation-des-reseaux-sociaux-professionnels-16-9.jpg","datePublished":"2025-08-24T16:22:28+00:00","dateModified":"2025-09-13T00:00:57+00:00","description":"Boostez votre carri\u00e8re avec les r\u00e9seaux sociaux professionnels : visibilit\u00e9, opportunit\u00e9s et authenticit\u00e9 au rendez-vous !","inLanguage":"fr-FR","potentialAction":[{"@type":"ReadAction","target":["https:\/\/duoveo.com\/fr\/bien-etre-relationnel\/relations-professionnelles\/utilisation-des-reseaux-sociaux-professionnels\/"]}]},{"@type":"ImageObject","inLanguage":"fr-FR","@id":"https:\/\/duoveo.com\/fr\/bien-etre-relationnel\/relations-professionnelles\/utilisation-des-reseaux-sociaux-professionnels\/#primaryimage","url":"https:\/\/duoveo.com\/wp-content\/uploads\/2025\/08\/3.4.5.2_Utilisation-des-reseaux-sociaux-professionnels-16-9.jpg","contentUrl":"https:\/\/duoveo.com\/wp-content\/uploads\/2025\/08\/3.4.5.2_Utilisation-des-reseaux-sociaux-professionnels-16-9.jpg","width":1000,"height":562,"caption":"Image of network of connections with icons over diverse colleagues using laptop in office. Technology, business and digital interface concept digitally generated image."},{"@type":"WebSite","@id":"https:\/\/duoveo.com\/fr\/#website","url":"https:\/\/duoveo.com\/fr\/","name":"duoveo","description":"Your story, beautifully told - Created with WordPress managed by IONOS","publisher":{"@id":"https:\/\/duoveo.com\/fr\/#organization"},"potentialAction":[{"@type":"SearchAction","target":{"@type":"EntryPoint","urlTemplate":"https:\/\/duoveo.com\/fr\/?s={search_term_string}"},"query-input":{"@type":"PropertyValueSpecification","valueRequired":true,"valueName":"search_term_string"}}],"inLanguage":"fr-FR"},{"@type":"Organization","@id":"https:\/\/duoveo.com\/fr\/#organization","name":"duoveo","url":"https:\/\/duoveo.com\/fr\/","logo":{"@type":"ImageObject","inLanguage":"fr-FR","@id":"https:\/\/duoveo.com\/fr\/#\/schema\/logo\/image\/","url":"https:\/\/duoveo.com\/wp-content\/uploads\/2022\/03\/DuoVeo_logo-black_256.png","contentUrl":"https:\/\/duoveo.com\/wp-content\/uploads\/2022\/03\/DuoVeo_logo-black_256.png","width":256,"height":256,"caption":"duoveo"},"image":{"@id":"https:\/\/duoveo.com\/fr\/#\/schema\/logo\/image\/"},"sameAs":["https:\/\/facebook.com\/duoveo","https:\/\/www.instagram.com\/duo.veo\/"]},{"@type":"Person","@id":"https:\/\/duoveo.com\/fr\/#\/schema\/person\/8cbd14e593f990cca1ec61fbc6677f4a","name":"Olivier Lantier"}]}},"_links":{"self":[{"href":"https:\/\/duoveo.com\/fr\/wp-json\/wp\/v2\/posts\/21939","targetHints":{"allow":["GET"]}}],"collection":[{"href":"https:\/\/duoveo.com\/fr\/wp-json\/wp\/v2\/posts"}],"about":[{"href":"https:\/\/duoveo.com\/fr\/wp-json\/wp\/v2\/types\/post"}],"author":[{"embeddable":true,"href":"https:\/\/duoveo.com\/fr\/wp-json\/wp\/v2\/users\/19"}],"replies":[{"embeddable":true,"href":"https:\/\/duoveo.com\/fr\/wp-json\/wp\/v2\/comments?post=21939"}],"version-history":[{"count":2,"href":"https:\/\/duoveo.com\/fr\/wp-json\/wp\/v2\/posts\/21939\/revisions"}],"predecessor-version":[{"id":22771,"href":"https:\/\/duoveo.com\/fr\/wp-json\/wp\/v2\/posts\/21939\/revisions\/22771"}],"wp:featuredmedia":[{"embeddable":true,"href":"https:\/\/duoveo.com\/fr\/wp-json\/wp\/v2\/media\/21940"}],"wp:attachment":[{"href":"https:\/\/duoveo.com\/fr\/wp-json\/wp\/v2\/media?parent=21939"}],"wp:term":[{"taxonomy":"category","embeddable":true,"href":"https:\/\/duoveo.com\/fr\/wp-json\/wp\/v2\/categories?post=21939"},{"taxonomy":"post_tag","embeddable":true,"href":"https:\/\/duoveo.com\/fr\/wp-json\/wp\/v2\/tags?post=21939"}],"curies":[{"name":"wp","href":"https:\/\/api.w.org\/{rel}","templated":true}]}}